{"id":1364,"date":"2023-12-25T11:24:50","date_gmt":"2023-12-25T11:24:50","guid":{"rendered":"https:\/\/migjeni.se\/?p=1364"},"modified":"2023-12-25T11:28:52","modified_gmt":"2023-12-25T11:28:52","slug":"babadimri-nga-kosova-per-femijet-shqiptar-ne-boras-te-suedise","status":"publish","type":"post","link":"https:\/\/migjeni.se\/index.php\/2023\/12\/25\/babadimri-nga-kosova-per-femijet-shqiptar-ne-boras-te-suedise\/","title":{"rendered":"Babadimri nga Kosova p\u00ebr f\u00ebmij\u00ebt shqiptar n\u00eb Bor\u00e5s t\u00eb Suedis\u00eb"},"content":{"rendered":"<p><img fetchpriority=\"high\" decoding=\"async\" class=\"alignnone  wp-image-1365\" src=\"https:\/\/migjeni.se\/wp-content\/uploads\/2023\/12\/20231223_114526-300x225.jpg\" alt=\"\" width=\"267\" height=\"200\" \/>Sokol Demaku<\/p>\n<p><strong>Babadimri nga Kosova p\u00ebr f\u00ebmij\u00ebt shqiptar n\u00eb Bor\u00e5s t\u00eb Suedis\u00eb<\/strong><\/p>\n<p>Nj\u00eb tradit\u00eb q\u00eb entuziast\u00eb t\u00eb shoqat\u00ebs shqiptare me aktive n\u00eb m\u00ebrgat\u00eb Qendra Kulturore Shqiptare Migjeni me seli n\u00eb qytetin e vog\u00ebl industrial por pitoresk Bor\u00e5s edhe k\u00ebt\u00eb vit\u00eb g\u00ebzuan voglush\u00ebt shqiptar t\u00eb cil\u00ebt nuk jan\u00eb t\u00eb pak\u00ebt k\u00ebtu me dhurata t\u00eb cilat Babadimri nga Kosova ua ndau atyre n\u00eb tubimin madheshtore me rastin e festave t\u00eb fund vitit n\u00eb lokalet e Medborgarskola, lokale t\u00eb cilat edhe QKSH Migjeni ie shfryt\u00ebzon p\u00ebr realzimin e\u00a0 aktiviteteve te saja kulturore pasi q\u00eb ka nj\u00eb bashk\u00ebpunim\u00a0 t\u00eb ngusht me ket\u00eb organizat\u00eb shoq\u00ebrore p\u00ebr organzimin e kurseve m\u00ebsimore n\u00eb lend\u00eb t\u00eb ndryshme n\u00eb k\u00ebt\u00eb qytet.<\/p>\n<p>Ishte nj\u00eb event i p\u00ebrgatitur nga m\u00ebsues t\u00eb gjuh\u00eb amtare dhe nx\u00ebn\u00ebs t\u00eb shkollave fillore t\u00eb cil\u00ebt\u00a0 ndjekin\u00a0 m\u00ebsimin e gjuh\u00ebs amtare n\u00eb shkollat e qytetit me recitime, k\u00ebng\u00eb dhe valle shqiptare. Ishte k\u00ebnaq\u00ebsi t\u00eb d\u00ebgjoje gjuh\u00ebn dhe fjal\u00ebt e \u00ebmbla t\u00eb gjuh\u00eb shqipe kur theksoheshin aq \u00ebmb\u00ebl dhe bukur nga ata f\u00ebmij\u00eb shqiptar t\u00eb cil\u00ebt me zell\u00eb dhe vullnet ndjekun m\u00ebsimin e gjuh\u00ebs amtare n\u00eb menyr\u00eb q\u00eb mos t\u00eb harrohet gjuha dhe tradita shqiptare edhe k\u00ebtu n\u00eb m\u00ebrgat\u00eb.<\/p>\n<p>NJ\u00eb mes shqiptar me keng\u00eb, valle dhe recitime shqip, nj\u00eb shoq\u00ebrim mes prind\u00ebrve dhe f\u00ebmij\u00ebve qe aq shum\u00eb kan\u00eb nevoj\u00eb t\u00eb komunkojn\u00eb dhe lozin e k\u00ebndojn\u00eb shqip, t\u00eb cil\u00f6\u00ebn vite me rdh\u00eb k\u00ebtu ua mudn\u00ebson QKSH Migjeni dhe se sipas asaj q\u00eb thot\u00eb Bahtir Latifi organziator nga kryesia e QKSH Migjeni me aktivitete t\u00eb tilla p\u00ebr f\u00ebmije dhe prind\u00ebr do vazhdohet edhe vitin q\u00eb vjen n\u00ebn kujdesin dhe organzimine\u00a0 QKSH Migjeni.<\/p>\n<p>Fjal\u00eb miradie u degjuan nga f\u00ebmj\u00ebt sepse ishte nj\u00eb surpriz\u00eb p\u00ebr ta q\u00eb Babadimir nga Kosova tu sjell\u00eb dhurata k\u00ebtu n\u00eb Suedin e larg\u00ebt. Edhe p\u00ebr prind\u00ebrit ishte nj\u00eb befasi kjo dhe ata ndjeheshin krenar me f\u00ebmij\u00a8\u00e5et e tyre me ket\u00eb rast, e m\u00ebsuesja e Gjuh\u00ebs shqipe k\u00ebtu Qerime Gurguri falenderon QKSH Migjeni p\u00ebr mund\u00ebsin e oragnzimit t\u00eb nj\u00eb aktiviteti t\u00eb till\u00eb kulturor me shum\u00eb vlera p\u00ebr f\u00ebmij\u00ebt shkollar k\u00ebtu. Ajo ishte kreatorte erecitimeve, k\u00ebng\u00ebve dhe valleve t\u00eb p\u00ebrgatitura nga nx\u00ebn\u00ebs k\u00ebtu. Dhe thot\u00eb se shp\u00e5resson qe vitin tjet\u00ebr numri i f\u00ebmij\u00ebve n\u00eb pritjen e Babadimrit kosovar t\u00eb jet\u00eb shum\u00eb m\u00eb i madh si dukur q\u00eb kishte mbi 150 f\u00ebmij\u00eb n\u00ebpritje.<\/p>\n<p>Ishte madheshtore kur Babadimir me thesin e tij n\u00eb shpin hyuri n\u00eb sall\u00eb dhe hapi thesin me dhuratat e sjellura p\u00ebr voglush\u00eb k\u00ebtu dhe fjal\u00ebt e tija p\u00ebr f\u00ebmijet dhe prind\u00ebrit q\u00eb ata t\u00eb jen\u00eb t\u00eb sjellesh\u00ebm, t\u00eb dejguesh\u00ebm ,nx\u00ebs shembullore n\u00eb shkoll\u00eb dhe sht\u00ebpi. Ai p\u00ebr t\u00eb gjith\u00eb kishte sjell\u00eb dhurata t\u00eb cilat\u00eb f\u00ebmij\u00ebt i mor\u00ebn me g\u00ebzim. QKSH Migjeni ishte kudjesur p\u00ebr \u00e5pamjen e f\u00ebmij\u00ebve dhe secilit i kishte dhurua nga nj\u00eb kapele festive.<\/p>\n<p>N\u00eb fund u degjuan fjal\u00eb mir\u00ebnjohje p\u00ebr QKSH Migjeni n\u00eb Bor\u00e5s dhe k\u00ebrkes\u00eb p\u00ebr nj\u00eb bashk\u00ebpunim me t\u00eb ngusht\u00eb mes shkolles, prind\u00ebrve dhe QKSH MIgjeni.<\/p>\n<p>E Babadimir kosovar me thesine\u00a0 tioj n\u00eb krah u largua nga salla duke vazhdua rrug\u00ebtimin e tij p\u00ebr kush e di ku apo n\u00eb cilin\u00a0 qytet t\u00eb Suedis\u00eb.<\/p>\n<p>Falmderit QKSH Migjenio, falmnderit, Babadimri kosovar, falmnderit f\u00ebmij\u00eb e prind\u00ebr p\u00ebr nj\u00eb aktivitet kaq madheshtor n\u00eb k\u00ebt\u00eb fund viti me aq shum\u00eb rezultate t\u00eb arritura n\u00eb veprimatrin kulturore n\u00eb m\u00ebrgat\u00eb.<\/p>\n","protected":false},"excerpt":{"rendered":"<p>Sokol Demaku Babadimri nga Kosova p\u00ebr f\u00ebmij\u00ebt shqiptar n\u00eb Bor\u00e5s t\u00eb Suedis\u00eb Nj\u00eb tradit\u00eb q\u00eb entuziast\u00eb t\u00eb shoqat\u00ebs shqiptare me aktive n\u00eb m\u00ebrgat\u00eb Qendra Kulturore Shqiptare Migjeni me seli n\u00eb qytetin e vog\u00ebl industrial por pitoresk Bor\u00e5s edhe k\u00ebt\u00eb vit\u00eb g\u00ebzuan voglush\u00ebt shqiptar t\u00eb cil\u00ebt nuk jan\u00eb t\u00eb pak\u00ebt k\u00ebtu me dhurata t\u00eb cilat Babadimri [&hellip;]<\/p>\n","protected":false},"author":3,"featured_media":0,"comment_status":"open","ping_status":"open","sticky":false,"template":"","format":"standard","meta":{"footnotes":""},"categories":[8],"tags":[],"class_list":["post-1364","post","type-post","status-publish","format-standard","hentry","category-opinione"],"_links":{"self":[{"href":"https:\/\/migjeni.se\/index.php\/wp-json\/wp\/v2\/posts\/1364","targetHints":{"allow":["GET"]}}],"collection":[{"href":"https:\/\/migjeni.se\/index.php\/wp-json\/wp\/v2\/posts"}],"about":[{"href":"https:\/\/migjeni.se\/index.php\/wp-json\/wp\/v2\/types\/post"}],"author":[{"embeddable":true,"href":"https:\/\/migjeni.se\/index.php\/wp-json\/wp\/v2\/users\/3"}],"replies":[{"embeddable":true,"href":"https:\/\/migjeni.se\/index.php\/wp-json\/wp\/v2\/comments?post=1364"}],"version-history":[{"count":0,"href":"https:\/\/migjeni.se\/index.php\/wp-json\/wp\/v2\/posts\/1364\/revisions"}],"wp:attachment":[{"href":"https:\/\/migjeni.se\/index.php\/wp-json\/wp\/v2\/media?parent=1364"}],"wp:term":[{"taxonomy":"category","embeddable":true,"href":"https:\/\/migjeni.se\/index.php\/wp-json\/wp\/v2\/categories?post=1364"},{"taxonomy":"post_tag","embeddable":true,"href":"https:\/\/migjeni.se\/index.php\/wp-json\/wp\/v2\/tags?post=1364"}],"curies":[{"name":"wp","href":"https:\/\/api.w.org\/{rel}","templated":true}]}}