{"id":1478,"date":"2024-02-28T11:56:01","date_gmt":"2024-02-28T11:56:01","guid":{"rendered":"https:\/\/migjeni.se\/?p=1478"},"modified":"2024-02-28T11:56:01","modified_gmt":"2024-02-28T11:56:01","slug":"kadri-tarelli-mesuese-fatmira-beqja-veseli","status":"publish","type":"post","link":"https:\/\/migjeni.se\/index.php\/2024\/02\/28\/kadri-tarelli-mesuese-fatmira-beqja-veseli\/","title":{"rendered":"Kadri Tarelli:\u00a0M\u00cbSUESE FATMIRA BEQJA-VESELI"},"content":{"rendered":"<p>Kadri Tarelli shkruan<\/p>\n<p><em>Njer\u00ebzit e mir\u00eb mbahen mend gjat\u00eb nga brezi qe i njohu n\u00eb jet\u00eb, p\u00ebr\u00a0 \u00a0 \u00a0 \u00a0 \u00a0 \u00a0 \u00a0 \u00a0 \u00a0 \u00a0 \u00a0 \u00a0 \u00a0 \u00a0 \u00a0 \u00a0 \u00a0 \u00a0 \u00a0 \u00a0 \u00a0 \u00a0 \u00a0 \u00a0 \u00a0 \u00a0 \u00a0 mir\u00ebsi, men\u00e7uri dhe urti. Nd\u00ebrsa mbeten n\u00eb p\u00ebrjet\u00ebsi ata q\u00eb b\u00ebjn\u00eb vepra t\u00eb mira per shoq\u00ebrin\u00eb dhe kombin.\u00a0 \u00a0 \u00a0 \u00a0 \u00a0 \u00a0 \u00a0 \u00a0 \u00a0 \u00a0 \u00a0 \u00a0 \u00a0 \u00a0 \u00a0 \u00a0 \u00a0 \u00a0 \u00a0 \u00a0 \u00a0 \u00a0 \u00a0 \u00a0 \u00a0 \u00a0 \u00a0 \u00a0 \u00a0 \u00a0 \u00a0 \u00a0 \u00a0 \u00a0 \u00a0 \u00a0 \u00a0 \u00a0 \u00a0 \u00a0 \u00a0 \u00a0 \u00a0 \u00a0Autori<\/em><\/p>\n<p>M\u00cbSUESE FATMIRA BEQJA-VESELI<\/p>\n<p><em>Nj\u00eb jet\u00eb p\u00ebr m\u00ebsimin dhe mbrojtjen e gjuh\u00ebs shqipe<\/em><\/p>\n<p>Fatmira lindi \u00a0n\u00eb qytetin e Kruj\u00ebs, m\u00eb: 03. 06. 1947, n\u00eb familjen e madhe Veseli dhe u plak n\u00eb qytetin e lashtw tw Durr\u00ebsit.<\/p>\n<p>Ajo e donte jet\u00ebn dhe e jetoi at\u00eb me nderim dhe p\u00ebrkushtim ndaj familjes, miq\u00ebsis\u00eb, shoq\u00ebris\u00eb, koleg\u00ebve m\u00ebsues e krijues dhe nx\u00ebn\u00ebsve t\u00eb shkollave, n\u00eb disa rrethe t\u00eb vendit. E donte arsimin dhe shkoll\u00ebn, me p\u00ebrkushtim p\u00ebr mbrojtjen dhe past\u00ebrtin\u00eb e gjuh\u00ebs shqipe.<\/p>\n<p>Arsimin fillor, 7-vje\u00e7ar dhe t\u00eb mes\u00ebm e mbaroi n\u00eb shkollat e qytetit t\u00eb Kruj\u00ebs. M\u00eb pas UT n\u00eb Tiran\u00eb, dega Gjuh\u00eb-let\u00ebrsi. Q\u00eb at\u00ebher\u00eb dalloi mes student\u00ebve, si gjuh\u00ebtare, korrektore, redaktore dhe poete, ndaj n\u00eb dy vitet e fundit t\u00eb arsimit t\u00eb lart\u00eb, u b\u00eb pjes\u00eb n\u00eb redaktime, shkrime dhe artikuj n\u00eb gazet\u00ebn \u201cDrita\u201d, ku shpesh botoheshin edhe shkrime t\u00eb ndryshme t\u00eb saj.<\/p>\n<p>Pas p\u00ebrfundimit t\u00eb studimeve, u em\u00ebrua m\u00ebsuese n\u00eb shkoll\u00ebn e mesme t\u00eb Fush\u00eb-Kruj\u00ebs, m\u00eb pas transferohet n\u00eb gjimnazin\u00a0 e qytetit t\u00eb Kruj\u00ebs. Ndjehej e lumtur t\u00eb punoj\u00eb s\u00eb bashku me koleg\u00eb ish m\u00ebsuesit e saj t\u00eb nderuar. Ne gjimnazin vazhdoi p\u00ebr rreth 6 vjet pun\u00eb, si n\u00ebn\/drejtore e shkoll\u00ebs, m\u00eb pas si krye\/drejtoresh\u00eb e arsimit n\u00eb zon\u00ebn e \u201cMal\u00ebsis\u00eb s\u00eb Kruj\u00ebs\u201d.<\/p>\n<p>N\u00eb vitin 1978, tashm\u00eb e martuar me ushtarakun Zija Beqja, u transferua n\u00eb Poli\u00e7an t\u00eb Skraparit, n\u00eb Shkoll\u00ebn e Mesme, me detyr\u00eb n\u00ebn\/drejtore. Pas 14 vitesh pun\u00eb plot pasion dhe nderim, si \u201cMisionare e dijes dhe edukimit\u201d, u transferua n\u00eb Durr\u00ebs, n\u00eb shkoll\u00ebn 8-vje\u00e7are \u201cBajram Curri\u201d, Plazh, ku punoi deri sa doli n\u00eb pension.<\/p>\n<p>K\u00ebto jan\u00eb pak t\u00eb dh\u00ebna t\u00eb shkruara n\u00eb dokumentet zyrtare, q\u00eb jan\u00eb pjes\u00eb jete, t\u00eb ftohta n\u00eb dukje, t\u00eb zbehta p\u00ebr t\u00eb plot\u00ebsuar portretin e saj, nj\u00ebkoh\u00ebsisht t\u00eb pakta p\u00ebr t\u00eb pasqyruar at\u00eb pun\u00eb t\u00eb madhe plot v\u00ebshtir\u00ebsi, idealiz\u00ebm e dashuri, n\u00eb p\u00ebrmbushjen e detyr\u00ebs si m\u00ebsuese, drejtuese dhe edukatore e brezit t\u00eb ri. \u00c7udit\u00ebrisht shpirti idealist, pasuri ve\u00e7 e m\u00ebsuesve, nuk u vyshk, as u vjetrua gjat\u00eb viteve, madje ndri\u00e7oi edhe kur doli n\u00eb pension.<\/p>\n<p>P\u00ebr rezultate t\u00eb larta n\u00eb pun\u00eb, u nderua nga strukturat shtet\u00ebrore t\u00eb koh\u00ebs, me \u00e7mime dhe dekorime. Mjafton t\u00eb p\u00ebrmendim:<\/p>\n<p>Urdhri \u201cNaim Frash\u00ebri\u201d, klasi i III-t\u00eb.<\/p>\n<p>Urdhri \u201cNaim Frash\u00ebri\u201d, klasi i II-t\u00eb.<\/p>\n<p>Urdhri \u201cNaim Frash\u00ebri\u201d, klasi i I-r\u00eb. Nderime q\u00eb do t\u2019i kishte lakmi \u00e7do m\u00ebsues apo kuad\u00ebr e punonj\u00ebs i arsimit.<\/p>\n<p>Un\u00eb q\u00eb po shkruaj k\u00ebto pak radh\u00eb, si drejtues dhe koleg n\u00eb shkoll\u00ebn \u201cBajram Curri\u201d, n\u00eb Plazh, Durr\u00ebs, e ndjej p\u00ebr detyr\u00eb t\u00eb shk\u00ebpus disa cop\u00ebza jete shkollore, me t\u00eb cilat u ndesh\u00ebm s\u00eb bashku si kolektiv m\u00ebsimor, n\u00eb mbar\u00ebvajtjen e m\u00ebsimit dhe edukimit n\u00eb ato vite t\u00eb ngarkuara e t\u00eb trazuara, pas nd\u00ebrrimit t\u00eb sistemit n\u00eb vitet 1990. Ku ngjarjeve madhore, v\u00ebshtir\u00ebsive dhe mang\u00ebsive, duhet t\u2019i p\u00ebrgjigjeshim me p\u00ebrgjegj\u00ebsi, zot\u00ebsi, bashk\u00ebpunim e profesionaliz\u00ebm, por edhe me ndjeshm\u00ebri, mir\u00ebsi e atdhetari misionari.<\/p>\n<p>P\u00ebrballuam me sukses tronditjen e madhe shoq\u00ebrore dhe politike t\u00eb ngjarjeve t\u00eb vitit t\u00eb mbrapsht 1996-1997, ngjarje q\u00eb prek\u00ebn edhe jet\u00ebn shkollore n\u00eb t\u00ebr\u00eb vendin. M\u00ebsuese Fatmira ishte bashk\u00ebpunuese model, e zonja, e guximshme dhe me karakter t\u00eb fort\u00eb. I dilte p\u00ebrball\u00eb ndodhive t\u00eb ndryshme q\u00eb mund t\u00eb kishin pasoja t\u00eb r\u00ebnda n\u00eb jet\u00ebn e nx\u00ebn\u00ebsve, por edhe n\u00eb ecurin\u00eb e pun\u00ebs n\u00eb nj\u00eb shkoll\u00eb t\u00eb madhe, si\u00e7 ishte shkolla \u201cBajram Curri\u201d, me mbi 1900 nx\u00ebn\u00ebs.<\/p>\n<p>Po k\u00ebshtu mund t\u00eb p\u00ebrmend edhe ngjarjet e vitit 1998-1999, vite t\u00eb luft\u00ebs n\u00eb Dardani dhe shp\u00ebrnguljes biblike t\u00eb shqiptar\u00ebve nga trojet e tyre etnike, duk pritur me qindra nx\u00ebn\u00ebs q\u00eb u larguan nga lufta, bashk\u00eb me familjet e tyre. P\u00ebr ne, ve\u00e7 m\u00ebsimit t\u00eb zakonsh\u00ebm, duheshin mir\u00ebpritur dhe mir\u00eb-trajtuar t\u00eb gjith\u00eb nx\u00ebn\u00ebsit e ardhur, jo pak por rreth 750 nx\u00ebn\u00ebs, q\u00eb kishin l\u00ebn\u00eb truall, sht\u00ebpi dhe shkoll\u00eb, disa edhe bij d\u00ebshmor\u00ebsh t\u00eb r\u00ebn\u00eb n\u00eb at\u00eb luft\u00eb t\u00eb shenjt\u00eb p\u00ebr liri e m\u00ebvet\u00ebsi, kund\u00ebr pushtuesit dhe ushtris\u00eb serbe. Fatmira ishte organizatore e p\u00ebrkryer e takimeve: m\u00ebsues, nx\u00ebn\u00ebs dhe prind\u00ebr, (m\u00eb shum\u00eb n\u00ebna dhe gjysh\u00ebr), pasi baballar\u00ebt p\u00ebrballeshin n\u00eb luftime. Kush i ka p\u00ebrjetuar ato koh\u00eb e di sa t\u00eb v\u00ebshtira ishin dhe sa ndjeshm\u00ebri e p\u00ebrgjegj\u00ebsi k\u00ebrkonin.<\/p>\n<p>Fatmira, koh\u00ebn n\u00eb pension, u p\u00ebrpoq ta mbush\u00eb n\u00eb m\u00ebnyr\u00ebn m\u00eb t\u00eb bukur p\u00ebr nj\u00eb intelektuale krijuese, n\u00eb fush\u00ebn e letrave shqipe, duke shkruar artikuj t\u00eb ndrysh\u00ebm. Mjaftojn\u00eb vet\u00ebm disa tituj dhe cop\u00ebza shkrimesh, q\u00eb t\u00eb kuptojm\u00eb formonim e saj intelektual dhe shpirtin human dhe idealist: \u201cPritja n\u00eb Familjen vlonjate \u201cVrana-Haxhiraj\u201d, surpriz\u00eb e v\u00ebrtet\u00eb!\u201d, \u201cM\u00eb Thoni\u2026\u2026!\u201d Poezi, ku b\u00ebrtet e th\u00ebrret, p\u00ebr ta d\u00ebgjuar bota deri lart te dielli e yjet n\u00eb qiell: <em>\u201cE dua jet\u00ebn. Jam grua, jam n\u00ebn\u00eb! M\u00eb thoni ta di!\/Trishtohem, q\u00eb n\u00ebnat vras\u00ebs lindin p\u00ebrs\u00ebri!\u2026\u2026\u2026\u201d.<\/em> M\u00eb tej nj\u00eb shkrim tjet\u00ebr: \u201cNj\u00eb gjerdan t\u00eb art\u00eb p\u00ebr gruan shqiptare\u201d, kushtuar znj. Vilhelme Vrana-Haxhiraj, n\u00eb librin: \u201cLidhja demokratike e gruas. Vlor\u00eb\u201d.<\/p>\n<p>Ja si shprehet: <em>&#8211; \u201cUn\u00eb, pavar\u00ebsisht se jam mjaft e k\u00ebnduar n\u00eb letra, \u00e7udit\u00ebrisht n\u00eb gjerdanin e art\u00eb t\u00eb gruas shqiptare, mes emrave shum\u00eb t\u00eb njohur, ndeshem p\u00ebr her\u00eb t\u00eb par\u00eb me figura grash, q\u00eb Vivra i vendos n\u00eb \u201cElitat e mohuara\u201d t\u00eb kombit, por q\u00eb p\u00ebr shumic\u00ebn nga ne jan\u00eb t\u00eb panjohura\u201d.<\/em> Publikuar: Gazeta \u201cBota sot\u201d. Dardani, 24. 06. 2022\u201d, Revista \u201cDituria\u201d, 24. 06. 2022, \u201cFjala e lire\u201d. Lond\u00ebr. 24. 06. 2022.<\/p>\n<p>Besoj e vlen t\u00eb p\u00ebrmend edhe nj\u00eb shkrim, ku i drejtohet akademik\u00ebve, gjuh\u00ebtar\u00ebve, m\u00ebsuesve, shtetar\u00ebve dhe zyrtar\u00ebve tan\u00eb: \u201cP\u00ebrsh\u00ebndetje profesor Gjovali Shkurtaj!\u201d \u201cUrgjenca gjuh\u00ebsore\u201d, po na zgjon! Ku fuqish\u00ebm thekson<em>: \u201cVepra \u201cUrgjenca gjuh\u00ebsore\u201d, megjith\u00ebse ka koh\u00eb q\u00eb \u00ebsht\u00eb botuar, p\u00ebrs\u00ebri vjen p\u00ebr ne, si nj\u00eb kamban\u00eb alarmi, q\u00eb na kujton pesh\u00ebn e madhe, q\u00eb po marrin gjuh\u00ebt e huaja ndaj gjuh\u00ebs shqipe, n\u00eb jet\u00ebn e p\u00ebrditshme, n\u00eb t\u00eb shkruar dhe n\u00eb t\u00eb folur, sidomos n\u00ebp\u00ebr mediat televizive dhe portaleve elektronike\u201d<\/em>. Publikuar: \u201cFjala e lire\u201d. Lond\u00ebr. 05. 05. 2018, Gazeta \u201cBota sot\u201d. Dardani, 06. 05. 2018, \u201cZemra shqiptare\u201d, 07. 05. 2018.<\/p>\n<p>E gjith\u00eb sa p\u00ebrmenda m\u00eb lart, \u00ebsht\u00eb vet\u00ebm nj\u00eb pjes\u00eb e krijimtaris\u00eb s\u00eb saj, sepse ajo ka redaktuar, korrektuar, vler\u00ebsuar apo kritikuar libra t\u00eb shkrimtar\u00ebve dhe poet\u00ebve t\u00eb ndrysh\u00ebm. Ishte nj\u00eb pun\u00eb q\u00eb e kishte shum\u00eb p\u00ebr zem\u00ebr, e vler\u00ebsonte, pasi e mbante lidhur me jet\u00ebn letrare t\u00eb Durr\u00ebsit dhe m\u00eb p\u00ebrtej. I p\u00eblqente t\u00eb merrte pjes\u00eb n\u00eb takime, konkurse dhe veprimtari kushtuar shkrimtar\u00ebve, poet\u00ebve dhe artist\u00ebve t\u00eb Durr\u00ebsit dhe nga qytete t\u00eb tjer\u00eb.<\/p>\n<p>Nuk p\u00ebrtonte t\u00eb shkruante, ndjente k\u00ebnaq\u00ebsi t\u00eb shprehej holl\u00eb. Madje si\u00e7 thot\u00eb nj\u00eb miku yn\u00eb Fitim Haxhiraj nga Vlora: <em>\u201cFatmira, fjal\u00ebn bukur shqipe e gdhendi n\u00eb mermer\u201d. <\/em><\/p>\n<p>Jo m\u00eb larg se, 10 shkurti, 2024, nj\u00eb grup prej kat\u00ebr vet\u00ebsh nga Durr\u00ebsi, znj. Fatmira, Zija Beqja, Merita Ku\u00e7i-Thartori dhe un\u00eb Kadri Tarelli, ishim n\u00eb Drenas t\u00eb Drenic\u00ebs, n\u00eb Dardani, pjes\u00ebmarr\u00ebs n\u00eb festivalin poetik \u201cRifat Kuka\u201d, ku edhe Fatmira recitoi poezin\u00eb \u201cPup\u00ebl\u201d, q\u00eb u duartrokit gjat\u00eb. Fati e solli, q\u00eb poete Fatmira t\u00eb nd\u00ebrroj\u00eb jet\u00eb, pik\u00ebrisht n\u00eb fest\u00ebn e madhe t\u00eb \u201cM\u00ebvet\u00ebsis\u00eb s\u00eb Dardanis\u00eb\u201d, \u201c17 Shkurt\u201d, q\u00eb e donte dhe e priste aq shum\u00eb.<\/p>\n<p>Fatmira ishte shum\u00eb optimiste, \u00ebnd\u00ebrrimtare dhe plot energji, p\u00ebr pun\u00eb t\u00eb bukura dhe t\u00eb dobishme n\u00eb fush\u00ebn e let\u00ebrsis\u00eb. Madje n\u00eb kthim, kur kaluam Prizrenin, planifikuam q\u00eb n\u00eb dit\u00ebn e \u201cLidhjes Shqiptare t\u00eb Prizrenit\u201d, m\u00eb, 10 Qershor, 2024, t\u00eb ishim s\u00eb bashku, k\u00ebshtu si grup, n\u00eb at\u00eb fest\u00eb t\u00eb madhe mbare shqiptare. Sot premtuam se do t\u00eb shkojm\u00eb, nd\u00ebrsa Fatmira do na p\u00ebrsh\u00ebndes\u00eb nga Parajsa.<\/p>\n<p>Fatmira \u00ebsht\u00eb an\u00ebtare e lidhjes s\u00eb shkrimtareve dhe artist\u00ebve t\u00eb Durr\u00ebsit.<\/p>\n<p>Emri saj \u00ebsht\u00eb i gdhendur n\u00eb libra t\u00eb ndrysh\u00ebm, p\u00ebr t\u00eb mbetur n\u00eb kujtes\u00eb t\u00eb kombit, n\u00eb p\u00ebrjet\u00ebsi.<\/p>\n<p>Kadri Tarelli<\/p>\n<p>Durr\u00ebs m\u00eb: 17. 02. 2024.<\/p>\n","protected":false},"excerpt":{"rendered":"<p>Kadri Tarelli shkruan Njer\u00ebzit e mir\u00eb mbahen mend gjat\u00eb nga brezi qe i njohu n\u00eb jet\u00eb, p\u00ebr\u00a0 \u00a0 \u00a0 \u00a0 \u00a0 \u00a0 \u00a0 \u00a0 \u00a0 \u00a0 \u00a0 \u00a0 \u00a0 \u00a0 \u00a0 \u00a0 \u00a0 \u00a0 \u00a0 \u00a0 \u00a0 \u00a0 \u00a0 \u00a0 \u00a0 \u00a0 \u00a0 mir\u00ebsi, men\u00e7uri dhe urti. Nd\u00ebrsa mbeten n\u00eb p\u00ebrjet\u00ebsi ata q\u00eb b\u00ebjn\u00eb vepra [&hellip;]<\/p>\n","protected":false},"author":3,"featured_media":0,"comment_status":"open","ping_status":"open","sticky":false,"template":"","format":"standard","meta":{"footnotes":""},"categories":[8],"tags":[],"class_list":["post-1478","post","type-post","status-publish","format-standard","hentry","category-opinione"],"_links":{"self":[{"href":"https:\/\/migjeni.se\/index.php\/wp-json\/wp\/v2\/posts\/1478","targetHints":{"allow":["GET"]}}],"collection":[{"href":"https:\/\/migjeni.se\/index.php\/wp-json\/wp\/v2\/posts"}],"about":[{"href":"https:\/\/migjeni.se\/index.php\/wp-json\/wp\/v2\/types\/post"}],"author":[{"embeddable":true,"href":"https:\/\/migjeni.se\/index.php\/wp-json\/wp\/v2\/users\/3"}],"replies":[{"embeddable":true,"href":"https:\/\/migjeni.se\/index.php\/wp-json\/wp\/v2\/comments?post=1478"}],"version-history":[{"count":0,"href":"https:\/\/migjeni.se\/index.php\/wp-json\/wp\/v2\/posts\/1478\/revisions"}],"wp:attachment":[{"href":"https:\/\/migjeni.se\/index.php\/wp-json\/wp\/v2\/media?parent=1478"}],"wp:term":[{"taxonomy":"category","embeddable":true,"href":"https:\/\/migjeni.se\/index.php\/wp-json\/wp\/v2\/categories?post=1478"},{"taxonomy":"post_tag","embeddable":true,"href":"https:\/\/migjeni.se\/index.php\/wp-json\/wp\/v2\/tags?post=1478"}],"curies":[{"name":"wp","href":"https:\/\/api.w.org\/{rel}","templated":true}]}}