{"id":1492,"date":"2024-03-01T12:03:13","date_gmt":"2024-03-01T12:03:13","guid":{"rendered":"https:\/\/migjeni.se\/?p=1492"},"modified":"2024-03-01T12:03:13","modified_gmt":"2024-03-01T12:03:13","slug":"shyrete-demajpoezi","status":"publish","type":"post","link":"https:\/\/migjeni.se\/index.php\/2024\/03\/01\/shyrete-demajpoezi\/","title":{"rendered":"\u00a0Shyrete Demaj:Poezi"},"content":{"rendered":"<p><strong>\u00a0<\/strong>Shyrete Demaj<\/p>\n<p><strong>Ku flen\u00eb per\u00ebndit\u00eb?<\/strong><\/p>\n<p>Ku flen\u00eb per\u00ebndit\u00eb?<\/p>\n<p>do shkoj t\u2019i zgjoj<\/p>\n<p>erdhi ajo dit\u00eb.<\/p>\n<p>\u00c7\u2019gjum\u00eb i p\u00ebrgjumur \u00ebsht\u00eb ky?<\/p>\n<p>Ku shpirti i f\u00ebmij\u00ebve, grave e burrave<\/p>\n<p>q\u00eb humb\u00ebn tash 25 vjet\u2026<\/p>\n<p>th\u00ebrret, b\u00ebrtet, pisket.<\/p>\n<p>Dhimbja e eshtrave t\u00eb zhdukur<\/p>\n<p>dhemb\u2026 sa shum\u00eb dhemb\u2026<\/p>\n<p>Dheun \u00e7on p\u00ebrpjet\u00eb<\/p>\n<p>e shemb<\/p>\n<p>T\u00ebrmet n\u00eb shpirtat tan\u00eb<\/p>\n<p>krijon e torturon<\/p>\n<p>Plaga q\u00eb rrjedh gjak<\/p>\n<p>zemrat na mpak<\/p>\n<p>Heshtja vajton<\/p>\n<p>sa shum\u00eb r\u00ebndon.<\/p>\n<p>Nj\u00eb \u00e7erek shekull<\/p>\n<p>T\u00eb humbur t\u00eb tretur<\/p>\n<p>Ku flen\u00eb per\u00ebndit\u00eb?<\/p>\n<p>Do shkoj e t\u2019i zgjoj\u2026<\/p>\n<p><strong>\u00a0<\/strong><\/p>\n<p><strong>TI NUK E DI<\/strong><\/p>\n<p>Ti nuk e di<\/p>\n<p>Si asht ajo ndjesi\u2026<\/p>\n<p>Kur lisi shpres\u00ebs<\/p>\n<p>t\u2019kallet shkrumb e hi<\/p>\n<p>&nbsp;<\/p>\n<p>e po nat\u2019 hi,<\/p>\n<p>me i \u00e7el prap filizat e ri\u2026<\/p>\n<p>&nbsp;<\/p>\n<p>Ti nuk e di!<\/p>\n<p>\u00c7ka asht\u2019<\/p>\n<p>andrrat me\u00a0 t\u2019i thy si shkarpa,<\/p>\n<p>e po me ato shkarpa<\/p>\n<p>me ndez zjarr\u2019n e dashnis,<\/p>\n<p>&nbsp;<\/p>\n<p>p\u00ebrs\u00ebri\u2026<\/p>\n<p>Ti nuk e di!<\/p>\n<p>\u00c7ka asht kuj\u00ebn<\/p>\n<p>n\u2019kang me kthy\u2026<\/p>\n<p>E me lot\u2019t e saj me ba i\u2019det<\/p>\n<p>&nbsp;<\/p>\n<p>Dashnis prap me i dhan e jet\u00eb\u2026<\/p>\n<p>&nbsp;<\/p>\n<p>Ti nuk e di!<\/p>\n<p>\u00c7ka asht durimi i kryp\u00ebs n\u2019sy<\/p>\n<p>e mos me piskat<\/p>\n<p>se ky ishte i yti fat<\/p>\n<p>&nbsp;<\/p>\n<p>Ti nuk e di!<\/p>\n<p>Jo nuk e di \u00e7ka asht,<\/p>\n<p>kur zemr\u00ebn copa copa<\/p>\n<p>me e kthy n\u00eb gur\u2026<\/p>\n<p>E prap prej gurit n\u00eb t\u00eb gjall me e kthy.<\/p>\n<p>Ve\u00e7 p\u00ebr dashni\u2026<\/p>\n<p>&nbsp;<\/p>\n<p><strong>THUAJ SE ATDHEUN E DESHTA<\/strong><\/p>\n<p>Merre veten n\u00eb p\u00ebrqafim<\/p>\n<p>E shueja ejtjen e shkrumuar<\/p>\n<p>Askush nuk e di shkret\u00ebtir\u00ebn pa fund<\/p>\n<p>Sa un\u00eb q\u00eb p\u00ebrmbyta n\u00eb lumin askund<\/p>\n<p>Merre veten\u00a0 n\u00eb preh\u00ebr<\/p>\n<p>E knoja ninullat e Gjergjit<\/p>\n<p>Krehja mendimet me kr\u00ebh\u00ebrin e koh\u00ebs<\/p>\n<p>Tregoja p\u00ebrrallat e shekullit<\/p>\n<p>Merre veten e shkunde p\u00ebr fyti<\/p>\n<p>Zgjoje nga gjumi i molisur<\/p>\n<p>Syve shkruar liri\u00a0 me gjak<\/p>\n<p>Gjokset e plagosur u arratisen<\/p>\n<p>Merre veten dhe jepi pak frym\u00eb<\/p>\n<p>Pak frym\u00eb malesh me kreshta<\/p>\n<p>Shkunde lisin me deg\u00eb e rr\u00ebnj\u00eb<\/p>\n<p>Jeho dhe thuaj se atdheun e deshta.<\/p>\n<p><strong>EJA<\/strong><\/p>\n<p>Muzgut sonte\u00a0 t`i them eja<\/p>\n<p>N\u00eb got\u00eb vere flen hareja<\/p>\n<p>Tunde moj t\u00eb vraft\u00eb reja<\/p>\n<p>Fustan bukura nga Peja.<\/p>\n<p>&nbsp;<\/p>\n<p>Eja moj ma sh\u00ebro zemr\u00ebn<\/p>\n<p>E m\u00eb ndiz shk\u00ebndij\u00eb rinie<\/p>\n<p>Eja mos e le p\u00ebr nes\u00ebr<\/p>\n<p>Ti furtun\u00eb dashurie.<\/p>\n<p>&nbsp;<\/p>\n<p>Eja moj p\u00ebrreth lumbardhit<\/p>\n<p>Sjellma freskun e kalas\u00eb<\/p>\n<p>Moj e bukura e Prizrenit<\/p>\n<p>Se pa ty zemra m\u00eb plas\u00eb.<\/p>\n<p>&nbsp;<\/p>\n<p>Eja moj si zan\u00eb mali<\/p>\n<p>Zbrit prej Sharri e prej Rugove<\/p>\n<p>Ma k\u00ebnaq syrin edhe shpirtin<\/p>\n<p>Si bardh\u00ebsia e k\u00ebsaj bore.<\/p>\n<p>&nbsp;<\/p>\n<p>Eja moj me syt\u00eb e diellit<\/p>\n<p>Ma shkrij akullin e kahmotsh\u00ebm<\/p>\n<p>N\u00eb syt\u00eb e mi mbille g\u00ebzimin<\/p>\n<p>Universit t\u00eb p\u00ebrbotsh\u00ebm.<\/p>\n","protected":false},"excerpt":{"rendered":"<p>\u00a0Shyrete Demaj Ku flen\u00eb per\u00ebndit\u00eb? Ku flen\u00eb per\u00ebndit\u00eb? do shkoj t\u2019i zgjoj erdhi ajo dit\u00eb. \u00c7\u2019gjum\u00eb i p\u00ebrgjumur \u00ebsht\u00eb ky? Ku shpirti i f\u00ebmij\u00ebve, grave e burrave q\u00eb humb\u00ebn tash 25 vjet\u2026 th\u00ebrret, b\u00ebrtet, pisket. Dhimbja e eshtrave t\u00eb zhdukur dhemb\u2026 sa shum\u00eb dhemb\u2026 Dheun \u00e7on p\u00ebrpjet\u00eb e shemb T\u00ebrmet n\u00eb shpirtat tan\u00eb krijon e [&hellip;]<\/p>\n","protected":false},"author":3,"featured_media":0,"comment_status":"open","ping_status":"open","sticky":false,"template":"","format":"standard","meta":{"footnotes":""},"categories":[1],"tags":[],"class_list":["post-1492","post","type-post","status-publish","format-standard","hentry","category-uncategorized"],"_links":{"self":[{"href":"https:\/\/migjeni.se\/index.php\/wp-json\/wp\/v2\/posts\/1492","targetHints":{"allow":["GET"]}}],"collection":[{"href":"https:\/\/migjeni.se\/index.php\/wp-json\/wp\/v2\/posts"}],"about":[{"href":"https:\/\/migjeni.se\/index.php\/wp-json\/wp\/v2\/types\/post"}],"author":[{"embeddable":true,"href":"https:\/\/migjeni.se\/index.php\/wp-json\/wp\/v2\/users\/3"}],"replies":[{"embeddable":true,"href":"https:\/\/migjeni.se\/index.php\/wp-json\/wp\/v2\/comments?post=1492"}],"version-history":[{"count":0,"href":"https:\/\/migjeni.se\/index.php\/wp-json\/wp\/v2\/posts\/1492\/revisions"}],"wp:attachment":[{"href":"https:\/\/migjeni.se\/index.php\/wp-json\/wp\/v2\/media?parent=1492"}],"wp:term":[{"taxonomy":"category","embeddable":true,"href":"https:\/\/migjeni.se\/index.php\/wp-json\/wp\/v2\/categories?post=1492"},{"taxonomy":"post_tag","embeddable":true,"href":"https:\/\/migjeni.se\/index.php\/wp-json\/wp\/v2\/tags?post=1492"}],"curies":[{"name":"wp","href":"https:\/\/api.w.org\/{rel}","templated":true}]}}