{"id":1504,"date":"2024-03-05T17:14:04","date_gmt":"2024-03-05T17:14:04","guid":{"rendered":"https:\/\/migjeni.se\/?p=1504"},"modified":"2024-03-05T17:14:20","modified_gmt":"2024-03-05T17:14:20","slug":"1504","status":"publish","type":"post","link":"https:\/\/migjeni.se\/index.php\/2024\/03\/05\/1504\/","title":{"rendered":"Erinda Medolli:Poezi"},"content":{"rendered":"<p>Erinda Medolli<\/p>\n<p><strong>Pa pranver\u00eb<\/strong><\/p>\n<p>Pranvera vjen p\u00ebr t\u00eb gjith\u00eb<br \/>\nPor p\u00ebr ne t\u00eb dy ka vite q\u00eb vonon,<br \/>\nMbase ka harruar t\u00eb lind\u00eb,<br \/>\nMbase ka harruar t\u00eb kaloj\u00eb n\u00eb shtegun ton\u00eb.<\/p>\n<p>Pse t\u00eb gjith\u00eb e kan\u00eb nj\u00eb stin\u00eb<br \/>\nNd\u00ebrsa n\u00eb jet\u00ebn ton\u00eb nuk kalon,<br \/>\nAjo ka mbetur pa frym\u00eb rrug\u00ebs,<br \/>\nNdaj dhe l\u00ebndina jon\u00eb ve\u00e7 loton!<\/p>\n<p>E pema te dritarja mbeti zhveshur<br \/>\nN\u00eb pritjen e saj, u tha.<br \/>\nKaloi koha, por stina e nj\u00ebjt\u00eb,<br \/>\nVjesht\u00eb, me trishtim, ankth e vaj.<\/p>\n<p><strong>Ingen v\u00e5r <\/strong><\/p>\n<p>V\u00e5ren kommer f\u00f6r alla<\/p>\n<p>men f\u00f6r oss b\u00e5da har det varit \u00e5r f\u00f6r sent,<\/p>\n<p>kanske gl\u00f6mde han att f\u00f6da,<\/p>\n<p>kanske gl\u00f6mde att passera p\u00e5 v\u00e5r v\u00e4g!<\/p>\n<p>&nbsp;<\/p>\n<p>Varf\u00f6r alla har en \u00e5rstid<\/p>\n<p>medan det inte g\u00e5r \u00f6ver i v\u00e5rt liv,<\/p>\n<p>hon blev andf\u00e5dd p\u00e5 v\u00e4gen,<\/p>\n<p>det \u00e4r d\u00e4rf\u00f6r v\u00e5r gr\u00e4smatta bara gr\u00e5ter!<\/p>\n<p>&nbsp;<\/p>\n<p>Tr\u00e4det vid f\u00f6nstret f\u00f6rblev avkl\u00e4dd<\/p>\n<p>I v\u00e4ntan p\u00e5 henne torkade det ut<\/p>\n<p>tiden gick, men densamma \u00e5rstid,<\/p>\n<p>h\u00f6st, med sorg, \u00e5ngest och gr\u00e5t.<\/p>\n","protected":false},"excerpt":{"rendered":"<p>Erinda Medolli Pa pranver\u00eb Pranvera vjen p\u00ebr t\u00eb gjith\u00eb Por p\u00ebr ne t\u00eb dy ka vite q\u00eb vonon, Mbase ka harruar t\u00eb lind\u00eb, Mbase ka harruar t\u00eb kaloj\u00eb n\u00eb shtegun ton\u00eb. Pse t\u00eb gjith\u00eb e kan\u00eb nj\u00eb stin\u00eb Nd\u00ebrsa n\u00eb jet\u00ebn ton\u00eb nuk kalon, Ajo ka mbetur pa frym\u00eb rrug\u00ebs, Ndaj dhe l\u00ebndina jon\u00eb ve\u00e7 [&hellip;]<\/p>\n","protected":false},"author":3,"featured_media":0,"comment_status":"open","ping_status":"open","sticky":false,"template":"","format":"standard","meta":{"footnotes":""},"categories":[10],"tags":[],"class_list":["post-1504","post","type-post","status-publish","format-standard","hentry","category-poezi"],"_links":{"self":[{"href":"https:\/\/migjeni.se\/index.php\/wp-json\/wp\/v2\/posts\/1504","targetHints":{"allow":["GET"]}}],"collection":[{"href":"https:\/\/migjeni.se\/index.php\/wp-json\/wp\/v2\/posts"}],"about":[{"href":"https:\/\/migjeni.se\/index.php\/wp-json\/wp\/v2\/types\/post"}],"author":[{"embeddable":true,"href":"https:\/\/migjeni.se\/index.php\/wp-json\/wp\/v2\/users\/3"}],"replies":[{"embeddable":true,"href":"https:\/\/migjeni.se\/index.php\/wp-json\/wp\/v2\/comments?post=1504"}],"version-history":[{"count":0,"href":"https:\/\/migjeni.se\/index.php\/wp-json\/wp\/v2\/posts\/1504\/revisions"}],"wp:attachment":[{"href":"https:\/\/migjeni.se\/index.php\/wp-json\/wp\/v2\/media?parent=1504"}],"wp:term":[{"taxonomy":"category","embeddable":true,"href":"https:\/\/migjeni.se\/index.php\/wp-json\/wp\/v2\/categories?post=1504"},{"taxonomy":"post_tag","embeddable":true,"href":"https:\/\/migjeni.se\/index.php\/wp-json\/wp\/v2\/tags?post=1504"}],"curies":[{"name":"wp","href":"https:\/\/api.w.org\/{rel}","templated":true}]}}