{"id":1525,"date":"2024-03-16T11:27:06","date_gmt":"2024-03-16T11:27:06","guid":{"rendered":"https:\/\/migjeni.se\/?p=1525"},"modified":"2024-03-16T11:28:07","modified_gmt":"2024-03-16T11:28:07","slug":"argjiro-ukimeripoezi","status":"publish","type":"post","link":"https:\/\/migjeni.se\/index.php\/2024\/03\/16\/argjiro-ukimeripoezi\/","title":{"rendered":"Argjiro Ukimeri:Poezi"},"content":{"rendered":"<p>Argjiro Ukimeri<\/p>\n<p><strong>Liria fja\u00eb e shenjt\u00eb <\/strong><\/p>\n<p>Liria \u00ebsht\u00eb fjal\u00eb magjike<\/p>\n<p>Q\u00eb magjeps \u00e7do njeri<\/p>\n<p>Liria fjal\u00eb e\u00a0 praruar me rreze dielli<\/p>\n<p>Q\u00eb vlen sa bota q\u00eb ka flori<\/p>\n<p>&nbsp;<\/p>\n<p>Liria burimin e ka<\/p>\n<p>N\u00eb zemr\u00ebn e njer\u00eazis\u00eb<\/p>\n<p>Liria burimin e ka<\/p>\n<p>N\u00eb buz\u00ebqeshjen e f\u00ebmis\u00eb<\/p>\n<p>&nbsp;<\/p>\n<p>Liria burimin e ka<\/p>\n<p>N\u00eb rreze t\u00eb ngrohta t\u00eb Diellit<\/p>\n<p>Liria burimin e ka<\/p>\n<p>N\u00eb pranver\u00ebn e luleve t&#8217;prillit<\/p>\n<p>&nbsp;<\/p>\n<p>Liria \u00ebsht\u00eb e vetmja gj\u00eb<\/p>\n<p>Q\u00eb vlen m\u00eb shum\u00eb se \u00e7do gj\u00eb<\/p>\n<p>Liria I jep kuptim jet\u00ebs<\/p>\n<p>E bekuar nga Krijuesi i planet\u00ebs<\/p>\n<p>&nbsp;<\/p>\n<p><strong>Poezi kushtuar Sali Shabanit <\/strong><\/p>\n<p>Heeej\u00a0 Kabash fortes\u00eb Dardane<\/p>\n<p>N\u00ebp\u00ebr shekuj me stuhi<\/p>\n<p>Gjithmon\u00eb n\u00eb ball\u00eb krenar q\u00ebndrove<\/p>\n<p>P\u00ebr ta mbrojtur N\u00ebn\u00ebn SHQIP\u00cbRI<\/p>\n<p>&nbsp;<\/p>\n<p>Qiftelli nj\u00eb dru prej mali<\/p>\n<p>Dridhe telat si kurr\u00eb m\u00eb par\u00eb<\/p>\n<p>Ti k\u00ebndojm\u00eb Salih Shabanit<\/p>\n<p>Trim i madh e atdhetar<\/p>\n<p>&nbsp;<\/p>\n<p>Thon\u00eb me k\u00ebmish\u00eb e lindi N\u00ebna<\/p>\n<p>K\u00ebt\u00ea vigan\u00a0 t\u00eb\u00a0 Dardanis\u00eb<\/p>\n<p>N\u00eb Baqevc\u00a0 rr\u00ebz\u00eb maleve\u00a0 t&#8217;Sharrit<\/p>\n<p>Dridhi car\u00ebt e Rusis\u00eb<\/p>\n<p>&nbsp;<\/p>\n<p>N\u00eb fush\u00eb t\u00eb that\u00eb af\u00ebr nj\u00eb shk\u00ebmbi<\/p>\n<p>Shkrepi arm\u00ebn e trim\u00ebris\u00eb<\/p>\n<p>E q\u00eblloi n\u00eb lule t\u00eb ballit<\/p>\n<p>Spirr\u00eb \u00e7etnikun e Shumadis\u00eb<\/p>\n<p>&nbsp;<\/p>\n<p>Mori hakun\u00a0 e vendas\u00ebve<\/p>\n<p>Q\u00eb u vran\u00eb nga nj\u00eb barbar\u00eb<\/p>\n<p>Busti i tij me shtat kolosi<\/p>\n<p>P\u00ebrsh\u00ebndet \u00e7do kalimtar\u00eb<\/p>\n<p>&nbsp;<\/p>\n<p><strong>Lidhja e Prizrenit <\/strong><\/p>\n<p>Themelet q\u00eb u vun\u00eb<\/p>\n<p>100 vite m\u00eb par\u00eb<\/p>\n<p>Tash po hedhin shtat<\/p>\n<p>N\u00eb shtetin e ri Shqiptar<\/p>\n<p>&nbsp;<\/p>\n<p>Kosov\u00ebn\u00a0 Dardane<\/p>\n<p>Bij\u00ebn e Iliris\u00eb<\/p>\n<p>Tani po e ngroh\u00eb dielli<\/p>\n<p>Me rrezet e Pavar\u00ebsis\u00eb<\/p>\n<p>&nbsp;<\/p>\n<p>Ku i thon\u00eb buk\u00ebs\u00a0 buk\u00eb<\/p>\n<p>Edhe ujit uj\u00eb<\/p>\n<p>\u00cbsht\u00eb tok\u00eb e t\u00eb par\u00ebve<\/p>\n<p>Nuk ia l\u00ebm\u00eb askujt<\/p>\n<p>&nbsp;<\/p>\n<p>Q\u00eb nga Konispoli<\/p>\n<p>Gjer\u00eb tek Molla e Kuqe<\/p>\n<p>Shqip\u00ebria dhe Kosova<\/p>\n<p>Do t\u00eb shk\u00eblqejn\u00eb si Nuse<\/p>\n","protected":false},"excerpt":{"rendered":"<p>Argjiro Ukimeri Liria fja\u00eb e shenjt\u00eb Liria \u00ebsht\u00eb fjal\u00eb magjike Q\u00eb magjeps \u00e7do njeri Liria fjal\u00eb e\u00a0 praruar me rreze dielli Q\u00eb vlen sa bota q\u00eb ka flori &nbsp; Liria burimin e ka N\u00eb zemr\u00ebn e njer\u00eazis\u00eb Liria burimin e ka N\u00eb buz\u00ebqeshjen e f\u00ebmis\u00eb &nbsp; Liria burimin e ka N\u00eb rreze t\u00eb ngrohta t\u00eb [&hellip;]<\/p>\n","protected":false},"author":3,"featured_media":0,"comment_status":"open","ping_status":"open","sticky":false,"template":"","format":"standard","meta":{"footnotes":""},"categories":[10],"tags":[],"class_list":["post-1525","post","type-post","status-publish","format-standard","hentry","category-poezi"],"_links":{"self":[{"href":"https:\/\/migjeni.se\/index.php\/wp-json\/wp\/v2\/posts\/1525","targetHints":{"allow":["GET"]}}],"collection":[{"href":"https:\/\/migjeni.se\/index.php\/wp-json\/wp\/v2\/posts"}],"about":[{"href":"https:\/\/migjeni.se\/index.php\/wp-json\/wp\/v2\/types\/post"}],"author":[{"embeddable":true,"href":"https:\/\/migjeni.se\/index.php\/wp-json\/wp\/v2\/users\/3"}],"replies":[{"embeddable":true,"href":"https:\/\/migjeni.se\/index.php\/wp-json\/wp\/v2\/comments?post=1525"}],"version-history":[{"count":0,"href":"https:\/\/migjeni.se\/index.php\/wp-json\/wp\/v2\/posts\/1525\/revisions"}],"wp:attachment":[{"href":"https:\/\/migjeni.se\/index.php\/wp-json\/wp\/v2\/media?parent=1525"}],"wp:term":[{"taxonomy":"category","embeddable":true,"href":"https:\/\/migjeni.se\/index.php\/wp-json\/wp\/v2\/categories?post=1525"},{"taxonomy":"post_tag","embeddable":true,"href":"https:\/\/migjeni.se\/index.php\/wp-json\/wp\/v2\/tags?post=1525"}],"curies":[{"name":"wp","href":"https:\/\/api.w.org\/{rel}","templated":true}]}}