{"id":1550,"date":"2024-03-27T20:23:02","date_gmt":"2024-03-27T20:23:02","guid":{"rendered":"https:\/\/migjeni.se\/?p=1550"},"modified":"2024-03-27T20:24:19","modified_gmt":"2024-03-27T20:24:19","slug":"gladiola-jorbus-magjia-e-gjuhes","status":"publish","type":"post","link":"https:\/\/migjeni.se\/index.php\/2024\/03\/27\/gladiola-jorbus-magjia-e-gjuhes\/","title":{"rendered":"Gladiola Jorbus: Magjia e gjuh\u00ebs"},"content":{"rendered":"<pre>P\u00ebrgatiti: Gladiola Jorbus\r\n\r\n\u00a0 \u00a0 \u00a0 \u00a0 \u00a0 \u00a0 \u00a0 \u00a0 \u00a0 \u00a0 \u00a0 \u00a0 \u00a0 \u00a0 \u00a0 \u00a0 \u00a0 \u00a0 \u00a0<strong>\u00a0Magjia e gjuh\u00ebs<\/strong>\r\n\r\n\u2018\u2019Gjuha ime \u00ebsht\u00eb vendi im\u2019\u2019 - kjo\u00a0 fraz\u00eb e fuqishme e cila t\u00eb zhyt n\u00eb thell\u00ebsit\u00eb e mendimit, thekson r\u00ebnd\u00ebsin\u00eb e gjuh\u00ebs si pjes\u00eb e identitetit dhe e trash\u00ebgimis\u00eb kulturore. N\u00ebp\u00ebrmjet gjuh\u00ebs, ne jo vet\u00ebm shprehim mendimet e ndjenjat tona, por gjithashtu lidhemi me shoq\u00ebrin\u00eb dhe me historin\u00eb ton\u00eb.\r\nKjo fraz\u00eb komplekse p\u00ebrmban disa shtresa kuptimore.\r\nPik\u00ebs\u00ebpari gjuha \u00ebsht\u00eb si nj\u00eb sht\u00ebpi, nj\u00eb vend t\u00eb cilit i p\u00ebrkasim dhe ku mund t\u00eb jemi vetvetja. \u00cbsht\u00eb pik\u00ebrisht p\u00ebrmes gjuh\u00ebs q\u00eb ne kuptojm\u00eb bot\u00ebn p\u00ebrreth dhe komunikojm\u00eb me t\u00eb tjer\u00ebt.\r\nAjo mbart me vete kultur\u00ebn, traditat dhe doket tona. \u00cbsht\u00eb nj\u00eb ur\u00eb q\u00eb na lidh me paraardh\u00ebsit tan\u00eb dhe p\u00ebrvojat e p\u00ebrbashk\u00ebta.\r\nN\u00eb disa kontekste, gjuha sh\u00ebrben si rezistenc\u00eb. Ajo mund t\u00eb jet\u00eb nj\u00eb m\u00ebnyr\u00eb p\u00ebr t\u00eb pohuar t\u00eb drejt\u00ebn e gjithsecilit p\u00ebr t\u00eb folur gjuh\u00ebn e vet, pavar\u00ebsisht nga presioni i jasht\u00ebm apo dominimi i gjuh\u00ebve t\u00eb tjera.\r\nMagjia e gjuh\u00ebs mbetet nd\u00ebr vecantit\u00eb m\u00eb interesante t\u00eb komunikimit njer\u00ebzor. N\u00ebp\u00ebrmjet saj ne nuk formojm\u00eb vet\u00ebm shprehje dhe fjali, por\u00a0 krijojm\u00eb t\u00eb gjith\u00eb realitetin ton\u00eb duke p\u00ebrcjell\u00eb k\u00ebshtu mendimet dhe ndjenjat tona m\u00eb t\u00eb thella.\r\n\u00a0\u00a0\u00a0\u00a0\u00a0\u00a0\u00a0\u00a0\u00a0\u00a0\u00a0\u00a0\u00a0\u00a0\u00a0\u00a0\u00a0\u00a0\u00a0\u00a0\u00a0\u00a0\u00a0\u00a0 <em>P\u00ebrse gjuha duhet konsideruar magjike ?<\/em>\r\n\u00a0\u00a0<em>Fjala krijuese<\/em>: Nj\u00eb fjal\u00eb e thjesht\u00eb mund t'i jap\u00eb jet\u00eb nj\u00eb ideje, t\u00eb krijoj\u00eb nj\u00eb imazh n\u00eb mendjen ton\u00eb dhe t\u00eb ngjall\u00eb emocione. Mendoni p\u00ebr fjal\u00ebn \"dashuri\" - ajo mbart shum\u00eb m\u00eb tep\u00ebr sesa thjesht shkronjat.\r\n<em>\u00a0\u00a0Nuancat e gjuh\u00ebs<\/em>: Gjuha nuk \u00ebsht\u00eb vet\u00ebm bardhezi. Ka nj\u00eb mori t\u00eb pafundme nuancash dhe kuptimesh. Nj\u00eb fjal\u00eb mund t\u00eb ket\u00eb konotacione t\u00eb ndryshme n\u00eb var\u00ebsi t\u00eb kontekstit dhe t\u00eb atij q\u00eb e p\u00ebrdor at\u00eb.\r\n\u00a0<em>Metaforat dhe p\u00ebrngjasimet \/ krahasimet<\/em>: P\u00ebrmes tyre ne mund t\u00eb thjeshtojm\u00eb idet\u00eb komplekse n\u00eb nj\u00eb m\u00ebnyr\u00eb t\u00eb thjesht\u00eb. Kur themi se \"jeta \u00ebsht\u00eb nj\u00eb udh\u00ebtim\" ose se \"koha fluturon\", ne p\u00ebrdorim gjuh\u00ebn p\u00ebr t\u00eb krijuar imazhe dhe kuptim.\r\n\u00a0<em>Fuqia e gjuh\u00ebs mbi mendimet<\/em>: Fjal\u00ebt q\u00eb zgjedhim ndikojn\u00eb n\u00eb mendimet dhe ndjenjat tona. Fjal\u00ebt pozitive mund t\u00eb na japin shpres\u00eb dhe forc\u00eb, nd\u00ebrsa fjal\u00ebt negative mund t\u00eb krijojn\u00eb frik\u00eb dhe dyshim.\r\n<em>Roli i let\u00ebrsis\u00eb<\/em>: Let\u00ebrsia i dhuron gjuh\u00ebs larmi dhe bukuri. N\u00ebp\u00ebrmjet romaneve, poezive dhe dramave, shkrimtar\u00ebt mund t\u00eb eksplorojn\u00eb p\u00ebrvoj\u00ebn njer\u00ebzore, \u00e7\u00ebshtjet sociale dhe dilemat filozofike. Let\u00ebrsia na jep nj\u00eb pasqyr\u00eb p\u00ebr t\u00eb par\u00eb veten.\r\n<em>Ndryshimi i gjuh\u00ebs me kalimin e koh\u00ebs<\/em>: Gjuha \u00ebsht\u00eb e gjall\u00eb dhe n\u00eb proces ndryshimi t\u00eb vazhduesh\u00ebm. Her\u00eb pas here jemi d\u00ebshmitar\u00eb t\u00eb shfaqjes s\u00eb neologjizmave, zhvillimit t\u00eb rregullave gramatikore apo z\u00ebvend\u00ebsimit t\u00eb arkaizmave. Gjuha esht\u00eb nj\u00eb krijes\u00eb organike q\u00eb p\u00ebrshtatet me koh\u00ebn dhe risit\u00eb e saj. N\u00eb let\u00ebrsi, ajo konsiderohet si mjeti kryesor q\u00eb sh\u00ebrben p\u00ebr t\u00eb krijuar e pasqyruar bot\u00ebn, p\u00ebr t\u00eb portretizuar e identifikuar personazhet dhe p\u00ebr t\u00eb p\u00ebrcjell\u00eb emocione t\u00eb thella.\r\n\r\n<\/pre>\n","protected":false},"excerpt":{"rendered":"<p>P\u00ebrgatiti: Gladiola Jorbus \u00a0 \u00a0 \u00a0 \u00a0 \u00a0 \u00a0 \u00a0 \u00a0 \u00a0 \u00a0 \u00a0 \u00a0 \u00a0 \u00a0 \u00a0 \u00a0 \u00a0 \u00a0 \u00a0\u00a0Magjia e gjuh\u00ebs \u2018\u2019Gjuha ime \u00ebsht\u00eb vendi im\u2019\u2019 &#8211; kjo\u00a0 fraz\u00eb e fuqishme e cila t\u00eb zhyt n\u00eb thell\u00ebsit\u00eb e mendimit, thekson r\u00ebnd\u00ebsin\u00eb e gjuh\u00ebs si pjes\u00eb e identitetit dhe e trash\u00ebgimis\u00eb kulturore. N\u00ebp\u00ebrmjet [&hellip;]<\/p>\n","protected":false},"author":3,"featured_media":0,"comment_status":"open","ping_status":"open","sticky":false,"template":"","format":"standard","meta":{"footnotes":""},"categories":[1],"tags":[],"class_list":["post-1550","post","type-post","status-publish","format-standard","hentry","category-uncategorized"],"_links":{"self":[{"href":"https:\/\/migjeni.se\/index.php\/wp-json\/wp\/v2\/posts\/1550","targetHints":{"allow":["GET"]}}],"collection":[{"href":"https:\/\/migjeni.se\/index.php\/wp-json\/wp\/v2\/posts"}],"about":[{"href":"https:\/\/migjeni.se\/index.php\/wp-json\/wp\/v2\/types\/post"}],"author":[{"embeddable":true,"href":"https:\/\/migjeni.se\/index.php\/wp-json\/wp\/v2\/users\/3"}],"replies":[{"embeddable":true,"href":"https:\/\/migjeni.se\/index.php\/wp-json\/wp\/v2\/comments?post=1550"}],"version-history":[{"count":0,"href":"https:\/\/migjeni.se\/index.php\/wp-json\/wp\/v2\/posts\/1550\/revisions"}],"wp:attachment":[{"href":"https:\/\/migjeni.se\/index.php\/wp-json\/wp\/v2\/media?parent=1550"}],"wp:term":[{"taxonomy":"category","embeddable":true,"href":"https:\/\/migjeni.se\/index.php\/wp-json\/wp\/v2\/categories?post=1550"},{"taxonomy":"post_tag","embeddable":true,"href":"https:\/\/migjeni.se\/index.php\/wp-json\/wp\/v2\/tags?post=1550"}],"curies":[{"name":"wp","href":"https:\/\/api.w.org\/{rel}","templated":true}]}}