{"id":1561,"date":"2024-03-29T21:34:08","date_gmt":"2024-03-29T21:34:08","guid":{"rendered":"https:\/\/migjeni.se\/?p=1561"},"modified":"2024-03-29T21:34:08","modified_gmt":"2024-03-29T21:34:08","slug":"irena-kuka-dragotipoezi","status":"publish","type":"post","link":"https:\/\/migjeni.se\/index.php\/2024\/03\/29\/irena-kuka-dragotipoezi\/","title":{"rendered":"Irena Kuka Dragoti:Poezi"},"content":{"rendered":"<p>Irena Kuka Dragoti<\/p>\n<p><strong>T\u00eb tjerat m\u2019i jep Atdheu\u00a0<\/strong><\/p>\n<p>Nuk kam ardhur t\u00eb luaj teat\u00ebr,<\/p>\n<p>ndaj uleni siparin.<\/p>\n<p>Jam nj\u00eb e huaj;<\/p>\n<p>k\u00ebrrus aromat e syve, sjell\u00eb nga toka ime.<\/p>\n<p>T\u00eb huaj kam sht\u00ebpin\u00eb dhe gjumin e pak\u00ebt,<\/p>\n<p>si udh\u00ebtim vajtje-ardhje\u00a0b\u00ebj \u00e7do nat\u00eb.<\/p>\n<p>Ndaj shihm\u00ebni pa m\u00ebri;<\/p>\n<p>nuk kam ardhur t\u2019ju futem<\/p>\n<p>n\u00eb zem\u00ebr t\u00eb kujtes\u00ebs,<\/p>\n<p>as t\u2019ju gdhend t\u00eb ardhmen.<\/p>\n<p>Fati im \u00ebsht\u00eb hija ime<\/p>\n<p>q\u00eb\u00a0mbillet e korret \u00e7do stin\u00eb.<\/p>\n<p>Flamurin tim me shkab\u00eb<\/p>\n<p>nuk ia val\u00ebvis\u00a0vjesht\u00ebs s\u00eb tret\u00eb,<\/p>\n<p>sepse kurr\u00eb nuk fryu er\u00eb e marr\u00eb<\/p>\n<p>n\u00eb ballkonin\u00a0nga sheh ky qytet.<\/p>\n<p>Ju p\u00ebrkas n\u00eb letra\u00a0me dy gjysma atdheu;<\/p>\n<p>udh\u00ebtoj mes tyre me vark\u00ebn e syve;<\/p>\n<p>n\u00eb net\u00eb m\u00ebrzie ajo shpesh m\u00eb mbytet&#8230;<\/p>\n<p>Por nuk kam ardhur t\u00eb shoh<\/p>\n<p>dritaresh t\u00eb avullta mallin tim t\u00eb pafuqi,<\/p>\n<p>kur l\u00ebpin plag\u00ebt.<\/p>\n<p>Prej shenjash ndaj stin\u00ebt,<\/p>\n<p>por gjithmon\u00eb b\u00ebn dim\u00ebr;<\/p>\n<p>yjet mezi shihen, vonon per\u00ebndimi.<\/p>\n<p>Lot\u00ebt p\u00ebrveshin m\u00ebng\u00ebt,<\/p>\n<p>hak\u00ebrrehen moll\u00ebzash,<\/p>\n<p>q\u00ebkur mbath\u00ebn heshtjen,<\/p>\n<p>mor\u00ebn ngjyr\u00eb ndryshk.<\/p>\n<p>Por nuk kam ardhur t\u00eb buz\u00ebqesh,<\/p>\n<p>fshehur buz\u00ebve,<\/p>\n<p>as t\u00eb blej varre\u00a0p\u00ebr t\u00eb ngulur rr\u00ebnj\u00ebt.<\/p>\n<p>&nbsp;<\/p>\n<p>Jam ve\u00e7 shtegtare;<\/p>\n<p>nga faqja e pasme e diellit<\/p>\n<p>rishpik horizonte dhe\u00a0i\u00a0shtr\u00ebngoj\u00a0dor\u00ebn\u00a0dhembjes.<\/p>\n<p>Guxoj t\u00eb humb, duke matur etjen<\/p>\n<p>pa\u00a0tradh\u00ebtuar \u00ebndrrat, n\u00eb goj\u00eb t\u00eb reshjeve.<\/p>\n<p>Por nuk kam ardhur t\u2019ju marr lirin\u00eb,<\/p>\n<p>ve\u00e7 doja t\u00eb rritem;<\/p>\n<p>kurr\u00eb nuk jam mbytur nga dallg\u00eb zilie.<\/p>\n<p>Nj\u00eb cop\u00ebz m\u00eb duhet,\u00a0nj\u00eb cop\u00ebz marrjefrym\u00eb;<\/p>\n<p>urt\u00eb kur t\u00eb plakem,\u00a0ta kthej n\u00eb sht\u00ebpi.<\/p>\n<p>Nuk kam ardhur t\u00eb zbardhem k\u00ebtu&#8230;<\/p>\n","protected":false},"excerpt":{"rendered":"<p>Irena Kuka Dragoti T\u00eb tjerat m\u2019i jep Atdheu\u00a0 Nuk kam ardhur t\u00eb luaj teat\u00ebr, ndaj uleni siparin. Jam nj\u00eb e huaj; k\u00ebrrus aromat e syve, sjell\u00eb nga toka ime. T\u00eb huaj kam sht\u00ebpin\u00eb dhe gjumin e pak\u00ebt, si udh\u00ebtim vajtje-ardhje\u00a0b\u00ebj \u00e7do nat\u00eb. Ndaj shihm\u00ebni pa m\u00ebri; nuk kam ardhur t\u2019ju futem n\u00eb zem\u00ebr t\u00eb kujtes\u00ebs, [&hellip;]<\/p>\n","protected":false},"author":3,"featured_media":0,"comment_status":"open","ping_status":"open","sticky":false,"template":"","format":"standard","meta":{"footnotes":""},"categories":[10],"tags":[],"class_list":["post-1561","post","type-post","status-publish","format-standard","hentry","category-poezi"],"_links":{"self":[{"href":"https:\/\/migjeni.se\/index.php\/wp-json\/wp\/v2\/posts\/1561","targetHints":{"allow":["GET"]}}],"collection":[{"href":"https:\/\/migjeni.se\/index.php\/wp-json\/wp\/v2\/posts"}],"about":[{"href":"https:\/\/migjeni.se\/index.php\/wp-json\/wp\/v2\/types\/post"}],"author":[{"embeddable":true,"href":"https:\/\/migjeni.se\/index.php\/wp-json\/wp\/v2\/users\/3"}],"replies":[{"embeddable":true,"href":"https:\/\/migjeni.se\/index.php\/wp-json\/wp\/v2\/comments?post=1561"}],"version-history":[{"count":0,"href":"https:\/\/migjeni.se\/index.php\/wp-json\/wp\/v2\/posts\/1561\/revisions"}],"wp:attachment":[{"href":"https:\/\/migjeni.se\/index.php\/wp-json\/wp\/v2\/media?parent=1561"}],"wp:term":[{"taxonomy":"category","embeddable":true,"href":"https:\/\/migjeni.se\/index.php\/wp-json\/wp\/v2\/categories?post=1561"},{"taxonomy":"post_tag","embeddable":true,"href":"https:\/\/migjeni.se\/index.php\/wp-json\/wp\/v2\/tags?post=1561"}],"curies":[{"name":"wp","href":"https:\/\/api.w.org\/{rel}","templated":true}]}}