{"id":1576,"date":"2024-04-05T18:46:14","date_gmt":"2024-04-05T18:46:14","guid":{"rendered":"https:\/\/migjeni.se\/?p=1576"},"modified":"2024-04-05T18:46:14","modified_gmt":"2024-04-05T18:46:14","slug":"elvira-zenelipoezi","status":"publish","type":"post","link":"https:\/\/migjeni.se\/index.php\/2024\/04\/05\/elvira-zenelipoezi\/","title":{"rendered":"Elvira Zeneli:Poezi"},"content":{"rendered":"<p>Elvira Zeneli<\/p>\n<p><strong>Pa\u00a0 pik\u00eb takimi <\/strong><\/p>\n<p>sha mbyllur at\u00eb plag\u00eb<\/p>\n<p>S\u00eb bashku me fundosjen e Titanikut<\/p>\n<p>N\u00eb fund t\u00eb oqeanit u njoh\u00ebm<\/p>\n<p>Ne t\u00eb dy<\/p>\n<p>Ndoshta erdhe<\/p>\n<p>P\u00ebr t&#8217;m\u00eb l\u00ebnduar<\/p>\n<p>P\u00ebr t&#8217;ma vrar\u00eb heshtjen<\/p>\n<p>edhe vetmin\u0113 time epike<\/p>\n<p>Si nj\u0113 somnabull u ktheve<\/p>\n<p>Pse??!!!<\/p>\n<p>Ma hape s\u00ebrish plag\u00ebn,<\/p>\n<p>E cila tashm\u0113 ishte mbyllur<\/p>\n<p>Mos t\u00eb lutem,<\/p>\n<p>Lerm\u0113 ku isha,<\/p>\n<p>Mos u kthe kurr\u00eb m\u00eb<\/p>\n<p>Tash je n\u0113 hone t\u0113 erreta t\u0113 harrimit<\/p>\n<p>Rrug\u00eb paralele jemi ne<\/p>\n<p>S&#8217; ka m\u0113 pik\u0113 takimi<\/p>\n<p>As persh\u00ebndetje, as p\u00ebrqafim<\/p>\n<p>As\u00a0 puthje lamtumire<\/p>\n<p>As sot e as kurr\u00eb<\/p>\n<p>Asnj\u0113 fjal\u00eb, asnj\u00eb z\u00eb,<\/p>\n<p>Nuk do t\u00eb jemi NJ\u00cb!<\/p>\n<p>&nbsp;<\/p>\n<p><strong>Dhurata jote <\/strong><\/p>\n<p>N\u00ebse s&#8217;t\u00eb dhurova nj\u00e8 dhurat\u00eb<\/p>\n<p>Mos vall\u00eb, paskam b\u00ebr\u00eb m\u00ebkat?!<\/p>\n<p>&nbsp;<\/p>\n<p>Nj\u00eb dit\u00eb di\u00e7ka do t\u00eb t\u00eb fal<\/p>\n<p>Pa zhurm\u00eb, pa buj\u00eb, pa fjal\u00e8&#8230;<\/p>\n<p>&nbsp;<\/p>\n<p>Se di\u00e7ka brenda ruaj gjithmon\u00eb p\u00ebr ty,<\/p>\n<p>Q\u00eb emrin e ka dashuri.<\/p>\n<p>&nbsp;<\/p>\n<p>Dhe \u00ebsht\u00eb dashuri p\u00ebr llaftari,<\/p>\n<p>Q\u00eb p\u00ebr ty e ruaj gjithmon\u0113 n\u0113 gji.<\/p>\n<p>&nbsp;<\/p>\n<p>Dhe kam edhe bes\u00eb edhe shpres\u00eb,<\/p>\n<p>Jam dhurat\u00eb e jotja deri sa t\u0113 vdes.<\/p>\n<p>&nbsp;<\/p>\n<p><strong>Dit\u00eb vere e ngrysur\u00a0 <\/strong><\/p>\n<p>Erdhi p\u00ebrs\u00ebri kjo dit\u00eb vere<\/p>\n<p>Dhe sa t\u00eb tilla do ven\u0113 e do vin\u00eb<\/p>\n<p>N\u00eb oborrin e sht\u00ebpis\u00eb ku m\u00eb priste babai shkova,<\/p>\n<p>Pluhuri kishte mbuluar \u00e7do gj\u00eb,<\/p>\n<p>Dimri vrar\u00eb e kishte at\u00eb vend.<\/p>\n<p>&nbsp;<\/p>\n<p>Kajsia para porte kishte \u00e7elur<\/p>\n<p>M\u00eb thoshte eja pran\u00eb meje se un\u0113 po t\u00eb pres<\/p>\n<p>Lulet p\u00ebr ty i \u00e7ela<\/p>\n<p>T\u00eb kujtosh gjithmon\u00eb t\u00ebt \u00e9t.<\/p>\n<p>&nbsp;<\/p>\n<p>Z\u00ebrin e tij aty e kishte l\u00ebn\u00eb<\/p>\n<p>M\u00eb vinte n\u00eb vesh&#8230;shiko moj grua, dil kush erdh&#8217;<\/p>\n<p>E shtrenjta e babit ma zbukurove k\u00ebt\u00eb dit\u00eb vere<\/p>\n<p>Oborrin ma mbushe m\u00eb g\u00ebzim e hare,<\/p>\n<p>Me nipin e mbesat q\u00eb m&#8217;i solle&#8230;<\/p>\n<p>&nbsp;<\/p>\n<p>Oooh Zot sa qet\u00ebsi,<\/p>\n<p>Heshtje kudo n\u00eb \u00e7do vend<\/p>\n<p>Askush nuk po m\u00eb pret as tek sht\u00ebpia e babit<\/p>\n<p>E as n\u00eb lagje ku heshtja ka z\u00ebn\u00eb vend<\/p>\n<p>si nj\u00eb hije e zez\u00eb dhe e r\u00ebnd\u00eb.<\/p>\n<p>&nbsp;<\/p>\n<p>N\u00eb pragun e der\u00ebs u ula<\/p>\n<p>Pluhurin e lava me lot\u00ebt e mallit<\/p>\n<p>Tani vet\u0113m shkova<\/p>\n<p>F\u00ebmij\u00ebt m&#8217;u rrit\u00ebn, kan\u00eb marr\u00eb rrug\u00ebn e vet&#8230;.<\/p>\n<p>&nbsp;<\/p>\n<p>As z\u00ebrin e mamit nuk e d\u00ebgjova<\/p>\n<p>Iku dhe ajo tek bijt\u00eb e saj,<\/p>\n<p>Pa prag m\u00eb la, pa m\u00eb pritur<\/p>\n<p>Nuk e mendonte se nj\u00eb dit\u00eb drynit sht\u00ebpin\u00eb testament ia la.<\/p>\n<p>&nbsp;<\/p>\n<p>Ik\u00ebn t\u00eb gjith\u00eb,<\/p>\n<p>Une rri e i pres p\u00ebr dit\u00eb vere e dit\u00eb moti<\/p>\n<p>Kujtimin e tyre marr udh\u00ebs sime<\/p>\n<p>Ushqim per shpirtin e p\u00ebrmalluar e t\u00eb lodhur<\/p>\n<p>As dor\u0113 njeriu q\u00eb hap port\u00ebn,<\/p>\n<p>As Konstandin q\u00eb \u00e7ohet dhe merr motr\u00ebn.<\/p>\n","protected":false},"excerpt":{"rendered":"<p>Elvira Zeneli Pa\u00a0 pik\u00eb takimi sha mbyllur at\u00eb plag\u00eb S\u00eb bashku me fundosjen e Titanikut N\u00eb fund t\u00eb oqeanit u njoh\u00ebm Ne t\u00eb dy Ndoshta erdhe P\u00ebr t&#8217;m\u00eb l\u00ebnduar P\u00ebr t&#8217;ma vrar\u00eb heshtjen edhe vetmin\u0113 time epike Si nj\u0113 somnabull u ktheve Pse??!!! Ma hape s\u00ebrish plag\u00ebn, E cila tashm\u0113 ishte mbyllur Mos t\u00eb lutem, [&hellip;]<\/p>\n","protected":false},"author":3,"featured_media":0,"comment_status":"open","ping_status":"open","sticky":false,"template":"","format":"standard","meta":{"footnotes":""},"categories":[10],"tags":[],"class_list":["post-1576","post","type-post","status-publish","format-standard","hentry","category-poezi"],"_links":{"self":[{"href":"https:\/\/migjeni.se\/index.php\/wp-json\/wp\/v2\/posts\/1576","targetHints":{"allow":["GET"]}}],"collection":[{"href":"https:\/\/migjeni.se\/index.php\/wp-json\/wp\/v2\/posts"}],"about":[{"href":"https:\/\/migjeni.se\/index.php\/wp-json\/wp\/v2\/types\/post"}],"author":[{"embeddable":true,"href":"https:\/\/migjeni.se\/index.php\/wp-json\/wp\/v2\/users\/3"}],"replies":[{"embeddable":true,"href":"https:\/\/migjeni.se\/index.php\/wp-json\/wp\/v2\/comments?post=1576"}],"version-history":[{"count":0,"href":"https:\/\/migjeni.se\/index.php\/wp-json\/wp\/v2\/posts\/1576\/revisions"}],"wp:attachment":[{"href":"https:\/\/migjeni.se\/index.php\/wp-json\/wp\/v2\/media?parent=1576"}],"wp:term":[{"taxonomy":"category","embeddable":true,"href":"https:\/\/migjeni.se\/index.php\/wp-json\/wp\/v2\/categories?post=1576"},{"taxonomy":"post_tag","embeddable":true,"href":"https:\/\/migjeni.se\/index.php\/wp-json\/wp\/v2\/tags?post=1576"}],"curies":[{"name":"wp","href":"https:\/\/api.w.org\/{rel}","templated":true}]}}