{"id":1583,"date":"2024-04-08T13:48:41","date_gmt":"2024-04-08T13:48:41","guid":{"rendered":"https:\/\/migjeni.se\/?p=1583"},"modified":"2024-04-08T13:48:41","modified_gmt":"2024-04-08T13:48:41","slug":"halime-musapoezi","status":"publish","type":"post","link":"https:\/\/migjeni.se\/index.php\/2024\/04\/08\/halime-musapoezi\/","title":{"rendered":"Halime Musa:Poezi"},"content":{"rendered":"<p>Halime Musa<\/p>\n<p><strong>Dy gota<\/strong><\/p>\n<p>Lulja e vyshkur\u00eb n\u00eb nj\u00eb vazo rri<\/p>\n<p>Dy gota t\u00eb mbushura mbi tavolin\u00eb<\/p>\n<p>Nuk di kush i kisht\u00eb len\u00eb nuk di kush i kishte mbyshur<\/p>\n<p>Se pran tavolin\u00ebs askush nuk qendronte ulur.<\/p>\n<p>Nj\u00eb lib\u00ebr i vjet\u00ebr rrinte i pluh\u00ebrosur<\/p>\n<p>I braktisur pran lules n\u00eb tavolin\u00eb vendosur\u00eb<\/p>\n<p>Varur n\u00eb mur nj\u00eb gitar\u00eb e bukur<\/p>\n<p>E mora p\u00ebr ti ren\u00eb, teli ishte keputur.<\/p>\n<p>&nbsp;<\/p>\n<p>Piano e vjet\u00ebr nj\u00eb kryevep\u00ebr arti<\/p>\n<p>Pentagramet e shkruara nga kompozitor Mozarti<\/p>\n<p>Nj\u00eb lule trendafili q\u00ebndronte mbi t\u00eb<\/p>\n<p>Si z\u00eb bilbili l\u00ebshonte nj\u00eb z\u00eb.<\/p>\n<p>&nbsp;<\/p>\n<p>E mora n\u00eb dor\u00eb trendafilin e kuq<\/p>\n<p>Ende kishte arom\u00eb me kund\u00ebrmim<\/p>\n<p>U p\u00ebrkula lul\u00ebs s\u00eb vyshkur ti marri er\u00eb<\/p>\n<p>Mbi pianon e vjet\u00ebr prap filloi q\u00eb qel\u00eb.<\/p>\n<p>&nbsp;<\/p>\n<p><strong>Manushaqja<\/strong><\/p>\n<p>Manushaqee bukur n\u00eb bore paske qelur\u00eb<\/p>\n<p>Arom\u00ebn e pranver\u00ebs e paske sjellur<\/p>\n<p>A e sole dallendyshen qiellit fluturim<\/p>\n<p>Dielline\u00a0 pranver\u00ebs bor\u00ebnb le ta shkrin\u00eb.<\/p>\n<p>&nbsp;<\/p>\n<p>Ti i zgjove zymbylat dhe manaferrat<\/p>\n<p>I lajm\u00ebroive t\u00eb gjith\u00eb se erdhi pranvera<\/p>\n<p>E largove dimrin bor\u00ebn po e shkrin\u00eb<\/p>\n<p>Zogj\u00ebt nga shteg\u00ebtimi i thirre fluturim.<\/p>\n<p>&nbsp;<\/p>\n<p>Edhe lejlekun e sole \u00a0ga shteg\u00ebtimi<\/p>\n<p>Po i g\u00ebzohet pranver\u00ebs dhe ikjes s\u00eb dimrit<\/p>\n<p>Dielli i pranver\u00ebs rrezon nd\u00ebr brigje<\/p>\n<p>Bora po shkrin\u00eb lumenj\u00ebt por riten.<\/p>\n<p>&nbsp;<\/p>\n<p>Bilbilat\u00eb nd\u00ebr pem\u00eb k\u00ebng\u00ebn kan fillua<\/p>\n<p>Ardhjes t\u00ebnde t\u00eb gjith\u00eb iu kan\u00eb g\u00ebzuar<\/p>\n<p>E solle pranver\u00ebn mel ule lul\u00ebzuar<\/p>\n<p>Qiellin zbukurove me yje rrethuar.<\/p>\n<p>&nbsp;<\/p>\n<p><strong>Lumi dhe Zana<\/strong><\/p>\n<p>Nj\u00eb dit\u00eb nj\u00eb Zan\u00eb n\u00eb breg duke pushuar\u00a8<\/p>\n<p>Lumi dol inga shtrati p\u00ebr tiu ofrua<\/p>\n<p>Rrefehet Zana me lumin b\u00ebn\u00eb cudi<\/p>\n<p>Cfar\u00eb mor lum I bukur ka ndodhur\u00eb me ty.<\/p>\n<p>&nbsp;<\/p>\n<p>Cfar\u00eb do t\u00eb dish, e cfare dua t\u00eb t\u00eb them<\/p>\n<p>Shum\u00eb trima t\u00eb zot kan\u00eb pi uj\u00eb n\u00eb k\u00ebt\u00eb vend.<\/p>\n<p>Uj\u00eb u kam dh\u00ebn\u00eb, plag\u00ebt u kam sherua<\/p>\n<p>N\u00eb fole t\u00eb Shqiponjave i kam strehua.<\/p>\n<p>&nbsp;<\/p>\n<p>K\u00ebtu kan\u00eb pi uj\u00eb dhe kan\u00eb pushua<\/p>\n<p>Era dhe Lisi kur jan\u00eb dashurua<\/p>\n<p>Th\u00ebllenzat n\u00eb kodrina u kan\u00eb b\u00ebr\u00eb roje<\/p>\n<p>Bilbilat u k\u00ebndonin k\u00ebng\u00eb n\u00ebp\u00ebr kroje.<\/p>\n<p>&nbsp;<\/p>\n<p>N\u00eb t\u00eb gjitha k\u00ebti vise, fusha dhe male<\/p>\n<p>Jan\u00eb rritur skifter jan\u00eb rritur sorkadhe<\/p>\n<p>N\u00ebnlokja u dha buk\u00eb e un\u00eb u kam dh\u00ebn\u00eb uj\u00eb.<\/p>\n","protected":false},"excerpt":{"rendered":"<p>Halime Musa Dy gota Lulja e vyshkur\u00eb n\u00eb nj\u00eb vazo rri Dy gota t\u00eb mbushura mbi tavolin\u00eb Nuk di kush i kisht\u00eb len\u00eb nuk di kush i kishte mbyshur Se pran tavolin\u00ebs askush nuk qendronte ulur. Nj\u00eb lib\u00ebr i vjet\u00ebr rrinte i pluh\u00ebrosur I braktisur pran lules n\u00eb tavolin\u00eb vendosur\u00eb Varur n\u00eb mur nj\u00eb gitar\u00eb [&hellip;]<\/p>\n","protected":false},"author":3,"featured_media":0,"comment_status":"open","ping_status":"open","sticky":false,"template":"","format":"standard","meta":{"footnotes":""},"categories":[1],"tags":[],"class_list":["post-1583","post","type-post","status-publish","format-standard","hentry","category-uncategorized"],"_links":{"self":[{"href":"https:\/\/migjeni.se\/index.php\/wp-json\/wp\/v2\/posts\/1583","targetHints":{"allow":["GET"]}}],"collection":[{"href":"https:\/\/migjeni.se\/index.php\/wp-json\/wp\/v2\/posts"}],"about":[{"href":"https:\/\/migjeni.se\/index.php\/wp-json\/wp\/v2\/types\/post"}],"author":[{"embeddable":true,"href":"https:\/\/migjeni.se\/index.php\/wp-json\/wp\/v2\/users\/3"}],"replies":[{"embeddable":true,"href":"https:\/\/migjeni.se\/index.php\/wp-json\/wp\/v2\/comments?post=1583"}],"version-history":[{"count":0,"href":"https:\/\/migjeni.se\/index.php\/wp-json\/wp\/v2\/posts\/1583\/revisions"}],"wp:attachment":[{"href":"https:\/\/migjeni.se\/index.php\/wp-json\/wp\/v2\/media?parent=1583"}],"wp:term":[{"taxonomy":"category","embeddable":true,"href":"https:\/\/migjeni.se\/index.php\/wp-json\/wp\/v2\/categories?post=1583"},{"taxonomy":"post_tag","embeddable":true,"href":"https:\/\/migjeni.se\/index.php\/wp-json\/wp\/v2\/tags?post=1583"}],"curies":[{"name":"wp","href":"https:\/\/api.w.org\/{rel}","templated":true}]}}