{"id":1602,"date":"2024-04-11T17:33:48","date_gmt":"2024-04-11T17:33:48","guid":{"rendered":"https:\/\/migjeni.se\/?p=1602"},"modified":"2024-04-11T17:33:48","modified_gmt":"2024-04-11T17:33:48","slug":"irena-kuka-dragoti-pyet-veten-perse-e-zgjedh-kete-rruge","status":"publish","type":"post","link":"https:\/\/migjeni.se\/index.php\/2024\/04\/11\/irena-kuka-dragoti-pyet-veten-perse-e-zgjedh-kete-rruge\/","title":{"rendered":"Irena Kuka Dragoti: Pyet veten, p\u00ebrse e zgjedh k\u00ebt\u00eb rrug\u00eb?"},"content":{"rendered":"<p>Irena Kuka Dragoti<\/p>\n<p><strong>Pyet veten, p\u00ebrse e zgjedh k\u00ebt\u00eb rrug\u00eb?<\/strong><\/p>\n<p>Rruga drejt poezis\u00eb nuk \u00ebsht\u00eb nj\u00eb \u00ebnd\u00ebrr q\u00eb t\u00eb rikujtohet teksa zgjohesh nj\u00eb m\u00ebngjes t\u00eb bukur plot diell , apo ajo d\u00ebshira duke medituar nj\u00eb pasdite me \u00e7aj ne dor\u00eb mes zogjve n\u00eb kop\u00ebsht, por nj\u00eb udh\u00ebtim i t\u00ebr\u00eb i cili nis nga dhuntia, te leximi si pro\u00e7es i vazhduesh\u00ebm, tek formimi yt n\u00eb zhanrinletrar e njer\u00ebzor dhe m\u00eb pas tek kultivimi si gryk\u00ebsi e egos t\u00ebnde, pa u shk\u00ebputur nga realiteti, ku duhet t\u00eb m\u00ebsohesh t\u00eb jetosh me mediokritetin, konkurenc\u00ebn e egos jo poezis\u00eb, zilin\u00eb, gjuajtjen me gur\u00eb etj etj. Dhe ti pyet veten :-<\/p>\n<p>Pse e zgjodha k\u00ebt\u00eb udh\u00ebtim?<\/p>\n<p>A jam n\u00eb gjendje un\u00eb t\u2019i b\u00ebj ball\u00eb nj\u00eb mentaliteti t\u00eb ngujuar e t\u00eb pandryshuar si kanuni i Lek\u00eb Dukagjinit q\u00eb precipiton n\u00eb nj\u00eb standart imagjinar vlerash apo ng\u00ebrthehet nga delirime t\u00eb patrup kohe e larg\u00ebsie apo t\u00eb p\u00ebrmbush standartin artisitik dhe profesional t\u00eb saj, brenda liqenit t\u00eb shpirtit\u2026<\/p>\n<p>A jam gati t\u00eb zhvishem nga trupi i kujtes\u00ebs apo ti largohem truallit njer\u00ebzor q\u00eb di gjith\u00e7ka p\u00ebr bot\u00ebn por asgj\u00eb p\u00ebr vehten?<\/p>\n<p>A jam gati t\u00eb sharlatohem nga nj\u00eb ambjent ku nuk flitet m\u00eb p\u00ebr parametra e vlera por p\u00ebr \u00ebndrra e d\u00ebshira nate\u2026apo nga nj\u00eb ambient ku poezia e realizmit socialist imponohet si trash\u00ebgimi komb\u00ebtare pa u filtruar..<\/p>\n<p>A jam gati t\u00eb mbytem si nj\u00eb gur n\u00eb fund liqeni duke shp\u00ebrndar\u00eb rrath\u00eb negative e rreziku gjat\u00eb r\u00ebnies, njer\u00ebzve q\u00eb dua m\u00eb shum\u00eb,e ti b\u00ebhem hije vetes?<\/p>\n<p>A duhet t\u00eb rend drejt nj\u00eb suksesi plazmik p\u00ebr tu verbuar e lumtur vet\u00ebm un\u00eb??<\/p>\n<p>A jam gati t\u00eb ringjall frik\u00ebn e t\u00eb q\u00ebnit e dob\u00ebt e t\u00eb mohoj guximin e t\u00eb jetuarit vet\u00ebm ?<\/p>\n<p>E p\u00ebrmuajshme kulturore informative<\/p>\n<p>Sa gjenerata do shkat\u00ebrronte guximi yt n\u00ebn hipnoz\u00ebn e arritjes s\u00eb majave?<\/p>\n<p>Kur del jasht\u00eb Atdheut ti kupton nga pozitat e nj\u00eb t\u00eb vogli sa e rrejshme \u00ebsht\u00eb drita e asaj q\u00eb ti ke mitizuar e sa shum\u00eb trishtim fatlum t\u00eb ka verbuar deri tani hapin si nj\u00eb dhurat\u00eb q\u00eb Zoti ia b\u00ebn vec sinqeritetit.<\/p>\n<p>Para se ti hysh k\u00ebsaj udhe gjithkujt nga ne i duhet nj\u00eb p\u00ebrballje me nj\u00eb sistem demokratik vlerash kulturore, ku poezia \u00ebsht\u00eb e parelativizueshme dhe e pajustifikuar nga muret e autetinzmit kulturor. Ti duhet t\u00eb testohesh n\u00eb nj\u00eb standart bashk\u00ebkohor ku autentizmi komb\u00ebtar mbrohet ve\u00e7 nga bukuria kurse poezia nuk \u00ebsht\u00eb gar\u00eb mes njer\u00ebzor\u00ebve por pasqyr\u00eb p\u00ebr drit\u00ebn ku sh\u00ebmb\u00ebllimi mbetet m\u00eb i madh se p\u00ebrmasat reale.<\/p>\n<p>A jam gati t\u00eb jetoj brenda cil\u00ebsie e jasht\u00eb vet\u00ebtimave q\u00eb e matin bot\u00ebn ve\u00e7 me sy?<\/p>\n<p>A jam gati t\u00eb lundroj brenda nj\u00eb lumi q\u00eb \u00e7on uj\u00eb n\u00eb det apo n\u00eb nj\u00eb liqen ku gjithnj\u00eb bie shi.<\/p>\n<p>A jam gati t\u00eb shoh liqene groteske, utopike q\u00eb zhduken pa profilizuar standartet e vetes apo delta si nj\u00eb kufi p\u00ebrtej tyre?<\/p>\n<p>A jam e formuar mjaftuesh\u00ebm nga ana kulturore sa t\u00eb mos rrezikoj stabilitetin mendor?<\/p>\n<p>\u00cbndrra \u00ebsht\u00eb i vetmi zjarr q\u00eb njeriu e ndezi padashje e q\u00eb shpesh e rrit parakohe. Bota, mbetet nj\u00eb xhep ku strukim ambicjen kurse vetja nj\u00eb valixhe frik\u00ebrash e n\u00ebse delirojm\u00eb p\u00ebr m\u00eb tej \u00ebndrr\u00ebs, bot\u00ebs e vetes mund t\u00eb gjendemi nj\u00eb dit\u00eb n\u00eb nj\u00eb vend t\u00eb shkret\u00eb duke dor\u00ebzuar lumturin\u00eb.<\/p>\n<p>B\u00ebn gjithnj\u00eb dim\u00ebr kur ti \u00ebnd\u00ebrron e lufton ve\u00e7 emrin poet dhe fati kthehet n\u00eb nj\u00eb poezi q\u00eb nuk do shkruhet kurr\u00eb.<\/p>\n<p>A duhet t\u00eb dalim nga p\u00ebrmasat e kultur\u00ebs son\u00eb t\u00eb vog\u00ebl e ta b\u00ebjm\u00eb poezin\u00eb p\u00ebll\u00ebmb\u00eb , p\u00ebr t\u00eb shtr\u00ebnguar si nj\u00eb prekje e munguar njeriun brenda nesh<\/p>\n","protected":false},"excerpt":{"rendered":"<p>Irena Kuka Dragoti Pyet veten, p\u00ebrse e zgjedh k\u00ebt\u00eb rrug\u00eb? Rruga drejt poezis\u00eb nuk \u00ebsht\u00eb nj\u00eb \u00ebnd\u00ebrr q\u00eb t\u00eb rikujtohet teksa zgjohesh nj\u00eb m\u00ebngjes t\u00eb bukur plot diell , apo ajo d\u00ebshira duke medituar nj\u00eb pasdite me \u00e7aj ne dor\u00eb mes zogjve n\u00eb kop\u00ebsht, por nj\u00eb udh\u00ebtim i t\u00ebr\u00eb i cili nis nga dhuntia, te [&hellip;]<\/p>\n","protected":false},"author":3,"featured_media":0,"comment_status":"open","ping_status":"open","sticky":false,"template":"","format":"standard","meta":{"footnotes":""},"categories":[8],"tags":[],"class_list":["post-1602","post","type-post","status-publish","format-standard","hentry","category-opinione"],"_links":{"self":[{"href":"https:\/\/migjeni.se\/index.php\/wp-json\/wp\/v2\/posts\/1602","targetHints":{"allow":["GET"]}}],"collection":[{"href":"https:\/\/migjeni.se\/index.php\/wp-json\/wp\/v2\/posts"}],"about":[{"href":"https:\/\/migjeni.se\/index.php\/wp-json\/wp\/v2\/types\/post"}],"author":[{"embeddable":true,"href":"https:\/\/migjeni.se\/index.php\/wp-json\/wp\/v2\/users\/3"}],"replies":[{"embeddable":true,"href":"https:\/\/migjeni.se\/index.php\/wp-json\/wp\/v2\/comments?post=1602"}],"version-history":[{"count":0,"href":"https:\/\/migjeni.se\/index.php\/wp-json\/wp\/v2\/posts\/1602\/revisions"}],"wp:attachment":[{"href":"https:\/\/migjeni.se\/index.php\/wp-json\/wp\/v2\/media?parent=1602"}],"wp:term":[{"taxonomy":"category","embeddable":true,"href":"https:\/\/migjeni.se\/index.php\/wp-json\/wp\/v2\/categories?post=1602"},{"taxonomy":"post_tag","embeddable":true,"href":"https:\/\/migjeni.se\/index.php\/wp-json\/wp\/v2\/tags?post=1602"}],"curies":[{"name":"wp","href":"https:\/\/api.w.org\/{rel}","templated":true}]}}