{"id":1620,"date":"2024-04-15T18:40:19","date_gmt":"2024-04-15T18:40:19","guid":{"rendered":"https:\/\/migjeni.se\/?p=1620"},"modified":"2024-04-15T18:40:43","modified_gmt":"2024-04-15T18:40:43","slug":"1620","status":"publish","type":"post","link":"https:\/\/migjeni.se\/index.php\/2024\/04\/15\/1620\/","title":{"rendered":"Elvira Zeneli:Poezi"},"content":{"rendered":"<div dir=\"auto\">Elvira Zeneli<\/div>\n<div dir=\"auto\"><\/div>\n<div dir=\"auto\">M\u00cb MUNGON<\/div>\n<div dir=\"auto\"><\/div>\n<div dir=\"auto\">Me puhiz\u00ebn e leht\u00eb t\u00eb prillit<\/div>\n<div dir=\"auto\">Udh\u00ebtova sot shtigjeve t\u00eb heshtura\u00a0t\u00eb dashuris\u00eb<\/div>\n<div dir=\"auto\">Per\u00ebndimi i diellit q\u00ebndronte n\u00eb vargun tim<\/div>\n<div dir=\"auto\">E m\u00eb sillte puthjen e zjarrt\u00eb\u00a0q\u00eb ma dhe ti.<\/div>\n<div dir=\"auto\"><\/div>\n<div dir=\"auto\">Ky fllad m\u00eb ringjalli ndjenjat\u00a0e humbura<\/div>\n<div dir=\"auto\">Mendja e ngaz\u00ebllyer fluturoi\u00a0me cic\u00ebrimat e zogjve<\/div>\n<div dir=\"auto\">Drejt udh\u00ebs s\u00eb yj\u00ebzuar<\/div>\n<div dir=\"auto\">Per t\u00eb ardhur tek ti.<\/div>\n<div dir=\"auto\"><\/div>\n<div dir=\"auto\">Buza e etur p\u00ebr puthjen t\u00ebnde<\/div>\n<div dir=\"auto\">Zemra rri pezull e \u00e7astit magjik<\/div>\n<div dir=\"auto\">Dashuria ma dogji shpirtin<\/div>\n<div dir=\"auto\">A do t\u00eb ket\u0113 p\u00ebr mua g\u00ebzim?!&#8230;<\/div>\n<div dir=\"auto\"><\/div>\n<div dir=\"auto\">\u00c7do dit\u00eb notoj me lotin tim<\/div>\n<div dir=\"auto\">Zhytur n\u00eb mendime\u00a0kur ti m\u00eb mungon<\/div>\n<div dir=\"auto\">M\u00eb jep drit\u00eb<\/div>\n<div dir=\"auto\">M\u00eb ngroh me diellin e zemr\u00ebs<\/div>\n<div dir=\"auto\">Anija ime t\u00eb lundroj\u00a0n\u00eb val\u00ebt e qeta t\u00eb shpirtit gjith\u00eb ngaz\u00ebllim<\/div>\n<div dir=\"auto\"><\/div>\n<div dir=\"auto\">E z\u00ebri yt me flet \u00ebmb\u00ebl<\/div>\n<div dir=\"auto\">E dashur\u00eb je me mua n\u00eb \u00e7do \u00e7ast.<\/div>\n","protected":false},"excerpt":{"rendered":"<p>Elvira Zeneli M\u00cb MUNGON Me puhiz\u00ebn e leht\u00eb t\u00eb prillit Udh\u00ebtova sot shtigjeve t\u00eb heshtura\u00a0t\u00eb dashuris\u00eb Per\u00ebndimi i diellit q\u00ebndronte n\u00eb vargun tim E m\u00eb sillte puthjen e zjarrt\u00eb\u00a0q\u00eb ma dhe ti. Ky fllad m\u00eb ringjalli ndjenjat\u00a0e humbura Mendja e ngaz\u00ebllyer fluturoi\u00a0me cic\u00ebrimat e zogjve Drejt udh\u00ebs s\u00eb yj\u00ebzuar Per t\u00eb ardhur tek ti. Buza [&hellip;]<\/p>\n","protected":false},"author":3,"featured_media":0,"comment_status":"open","ping_status":"open","sticky":false,"template":"","format":"standard","meta":{"footnotes":""},"categories":[1],"tags":[],"class_list":["post-1620","post","type-post","status-publish","format-standard","hentry","category-uncategorized"],"_links":{"self":[{"href":"https:\/\/migjeni.se\/index.php\/wp-json\/wp\/v2\/posts\/1620","targetHints":{"allow":["GET"]}}],"collection":[{"href":"https:\/\/migjeni.se\/index.php\/wp-json\/wp\/v2\/posts"}],"about":[{"href":"https:\/\/migjeni.se\/index.php\/wp-json\/wp\/v2\/types\/post"}],"author":[{"embeddable":true,"href":"https:\/\/migjeni.se\/index.php\/wp-json\/wp\/v2\/users\/3"}],"replies":[{"embeddable":true,"href":"https:\/\/migjeni.se\/index.php\/wp-json\/wp\/v2\/comments?post=1620"}],"version-history":[{"count":0,"href":"https:\/\/migjeni.se\/index.php\/wp-json\/wp\/v2\/posts\/1620\/revisions"}],"wp:attachment":[{"href":"https:\/\/migjeni.se\/index.php\/wp-json\/wp\/v2\/media?parent=1620"}],"wp:term":[{"taxonomy":"category","embeddable":true,"href":"https:\/\/migjeni.se\/index.php\/wp-json\/wp\/v2\/categories?post=1620"},{"taxonomy":"post_tag","embeddable":true,"href":"https:\/\/migjeni.se\/index.php\/wp-json\/wp\/v2\/tags?post=1620"}],"curies":[{"name":"wp","href":"https:\/\/api.w.org\/{rel}","templated":true}]}}