{"id":1686,"date":"2024-05-02T15:32:57","date_gmt":"2024-05-02T15:32:57","guid":{"rendered":"https:\/\/migjeni.se\/?p=1686"},"modified":"2024-05-02T15:32:58","modified_gmt":"2024-05-02T15:32:58","slug":"pasdrekee-me-peotin-bashkim-saliasi","status":"publish","type":"post","link":"https:\/\/migjeni.se\/index.php\/2024\/05\/02\/pasdrekee-me-peotin-bashkim-saliasi\/","title":{"rendered":"Pasdrekee me peotin Bashkim Saliasi"},"content":{"rendered":"<p>Bashkim Saliasi<\/p>\n<p><strong>MOLL\u00cb E KUQE<\/strong><\/p>\n<p>N\u00eb Tomor ku mblidhen ret\u00eb,<\/p>\n<p>jetojn\u00eb per\u00ebndit\u00eb p\u00ebr shum\u00eb vjet,<\/p>\n<p>rreth e qark banor\u00ebt mblodhi,<\/p>\n<p>nga Moll\u00eb e kuqe n\u00eb Skrapar i solli.<\/p>\n<p>&nbsp;<\/p>\n<p>N\u00eb \u00e7do kod\u00ebr, n\u00eb \u00e7do ar\u00eb,<\/p>\n<p>gjenden varret e banor\u00ebve t\u00eb par\u00eb.<\/p>\n<p>k\u00ebt\u00eb e thot\u00eb historia,<\/p>\n<p>mbuluar me shkarpa e d\u00ebllinja.<\/p>\n<p>&nbsp;<\/p>\n<p>Moll\u00eb e kuqe, em\u00ebr nderi,<\/p>\n<p>Shqiptar\u00eb kudo q\u00eb jeni,<\/p>\n<p>Skraparin me k\u00ebmb\u00eb po t\u00eb shkelni.<\/p>\n<p>historin\u00eb e t\u00eb par\u00ebve tan\u00eb do e gjeni.<\/p>\n<p>&nbsp;<\/p>\n<p>Histori, s\u2019mohohet gjaku,<\/p>\n<p>goj\u00eb m\u00eb goj\u00eb vjen nga plaku.<\/p>\n<p>n\u00eb gjini fjala p\u00ebrcillet,<\/p>\n<p>trash\u00ebgim brezave u lihet.<\/p>\n<p>&nbsp;<\/p>\n<p>Shqip\u00ebria, Dardania<\/p>\n<p>s\u2019ka si harrohet \u00c7am\u00ebria,<\/p>\n<p>trevat k\u00ebrkojn\u00eb drejt\u00ebsi,<\/p>\n<p>bashkohuni o shqiptar\u00eb, jeni nj\u00eb.<\/p>\n<p>&nbsp;<\/p>\n<p>Nuk ka komb me dy flamur\u00eb,<\/p>\n<p>q\u00eb flasin t\u00eb nj\u00ebjt\u00ebn gjuh\u00eb.<\/p>\n<p>mblidhni mendjen ta bashkoni,<\/p>\n<p>Moll\u00ebn e kuqe ta g\u00ebzoni&#8230;<\/p>\n<p>Gusht 2023<\/p>\n","protected":false},"excerpt":{"rendered":"<p>Bashkim Saliasi MOLL\u00cb E KUQE N\u00eb Tomor ku mblidhen ret\u00eb, jetojn\u00eb per\u00ebndit\u00eb p\u00ebr shum\u00eb vjet, rreth e qark banor\u00ebt mblodhi, nga Moll\u00eb e kuqe n\u00eb Skrapar i solli. &nbsp; N\u00eb \u00e7do kod\u00ebr, n\u00eb \u00e7do ar\u00eb, gjenden varret e banor\u00ebve t\u00eb par\u00eb. k\u00ebt\u00eb e thot\u00eb historia, mbuluar me shkarpa e d\u00ebllinja. &nbsp; Moll\u00eb e kuqe, em\u00ebr [&hellip;]<\/p>\n","protected":false},"author":3,"featured_media":0,"comment_status":"open","ping_status":"open","sticky":false,"template":"","format":"standard","meta":{"footnotes":""},"categories":[1],"tags":[],"class_list":["post-1686","post","type-post","status-publish","format-standard","hentry","category-uncategorized"],"_links":{"self":[{"href":"https:\/\/migjeni.se\/index.php\/wp-json\/wp\/v2\/posts\/1686","targetHints":{"allow":["GET"]}}],"collection":[{"href":"https:\/\/migjeni.se\/index.php\/wp-json\/wp\/v2\/posts"}],"about":[{"href":"https:\/\/migjeni.se\/index.php\/wp-json\/wp\/v2\/types\/post"}],"author":[{"embeddable":true,"href":"https:\/\/migjeni.se\/index.php\/wp-json\/wp\/v2\/users\/3"}],"replies":[{"embeddable":true,"href":"https:\/\/migjeni.se\/index.php\/wp-json\/wp\/v2\/comments?post=1686"}],"version-history":[{"count":0,"href":"https:\/\/migjeni.se\/index.php\/wp-json\/wp\/v2\/posts\/1686\/revisions"}],"wp:attachment":[{"href":"https:\/\/migjeni.se\/index.php\/wp-json\/wp\/v2\/media?parent=1686"}],"wp:term":[{"taxonomy":"category","embeddable":true,"href":"https:\/\/migjeni.se\/index.php\/wp-json\/wp\/v2\/categories?post=1686"},{"taxonomy":"post_tag","embeddable":true,"href":"https:\/\/migjeni.se\/index.php\/wp-json\/wp\/v2\/tags?post=1686"}],"curies":[{"name":"wp","href":"https:\/\/api.w.org\/{rel}","templated":true}]}}