{"id":1704,"date":"2024-05-10T18:02:16","date_gmt":"2024-05-10T18:02:16","guid":{"rendered":"https:\/\/migjeni.se\/?p=1704"},"modified":"2024-05-10T18:06:49","modified_gmt":"2024-05-10T18:06:49","slug":"pasdreke-me-peozine-e-eliva-zeneli","status":"publish","type":"post","link":"https:\/\/migjeni.se\/index.php\/2024\/05\/10\/pasdreke-me-peozine-e-eliva-zeneli\/","title":{"rendered":"Pasdreke me peozin\u00eb e Elvira Zeneli"},"content":{"rendered":"<div dir=\"auto\">Elvira Zeneli<\/div>\n<div dir=\"auto\"><\/div>\n<div dir=\"auto\">MALLI M\u00cb KA MARR\u00cb<\/div>\n<div dir=\"auto\"><\/div>\n<div dir=\"auto\">Sot m\u00eb mori malli p\u00ebr sofr\u00ebn<\/div>\n<div dir=\"auto\">Aty\u00a0 ku si zogjt\u0113 mblidheshim dikur<\/div>\n<div dir=\"auto\">T\u00eb varf\u00ebr,<\/div>\n<div dir=\"auto\">P\u00ebr pak\u00a0 buk\u00eb e krip\u00eb e zem\u00ebr,<\/div>\n<div dir=\"auto\">Dhe p\u00ebr shum\u0113 dashuri.<\/div>\n<div dir=\"auto\"><\/div>\n<div dir=\"auto\">Dashuria gjithmon\u00eb ishte me mua,<\/div>\n<div dir=\"auto\">Dhe e dashuruar rrija n\u00eb folen\u00eb time,<\/div>\n<div dir=\"auto\">Nuk u mungoi as v\u00ebllez\u00ebrve as motr\u00ebs,<\/div>\n<div dir=\"auto\">As gjysh\u00ebrve nuk u mungoi,<\/div>\n<div dir=\"auto\">Se dashuria ishte kryefjal\u00eb n\u00eb votr\u00ebn ton\u00eb.<\/div>\n<div dir=\"auto\"><\/div>\n<div dir=\"auto\">Por nj\u0113 mall m\u00eb djeg\u00a0 p\u00ebr od\u00ebn ku mblidheshim<\/div>\n<div dir=\"auto\">Ku kuvendonin pleqt\u00eb mjek\u00ebrbardh\u00eb<\/div>\n<div dir=\"auto\">Dhe ne b\u00ebheshim sy e vesh\u00eb<\/div>\n<div dir=\"auto\">Se fjal\u00ebt tireshin holl\u00eb,<\/div>\n<div dir=\"auto\">Filozofi e jet\u00ebs son\u00eb,<\/div>\n<div dir=\"auto\">Q\u00eb s&#8217; luante kush,<\/div>\n<div dir=\"auto\">Si guri q\u00eb peshonte r\u00ebnd\u00eb n\u00eb tok\u00ebn ton\u00eb\u00a0 t\u00eb lasht\u00eb.<\/div>\n<div dir=\"auto\"><\/div>\n<div dir=\"auto\">M\u00eb ka marr\u00eb malli kur dilnim n\u00eb vap\u00ebn e nxeht\u00eb,<\/div>\n<div dir=\"auto\">Tek mbanim \u00e7ar\u00e7afin kur e shkundnim manin e mo\u00e7\u00ebm shije\u00ebmb\u00ebl n\u0113 oborr,<\/div>\n<div dir=\"auto\">Kur rrobat i merrnim e n\u00eb lum\u00eb laheshim si mjellmat e bardha<\/div>\n<div dir=\"auto\">P\u00ebr pak freski,<\/div>\n<div dir=\"auto\">Dhe p\u00ebr shum\u00eb dashuri.<\/div>\n<div dir=\"auto\"><\/div>\n<div dir=\"auto\">Malli m\u0113 ka marr\u0113 p\u00ebr loj\u00ebn me guralec\u0113<\/div>\n<div dir=\"auto\">P\u00ebr loj\u00ebn cingli kush ishte m\u00eb i shkath\u00ebti<\/div>\n<div dir=\"auto\">P\u00ebr loj\u00ebn me kontinente kur luanim,<\/div>\n<div dir=\"auto\">P\u00ebr loj\u00ebn me n\u00ebnt\u00eb kokrrat e fasules dhe t\u00eb misrit<\/div>\n<div dir=\"auto\">Dhe loj\u00ebn me litar<\/div>\n<div dir=\"auto\">P\u00ebr k\u0113to malli me ka marr\u00eb.<\/div>\n<div dir=\"auto\"><\/div>\n<div dir=\"auto\">Kam mall p\u00ebr at\u00eb vend<\/div>\n<div dir=\"auto\">P\u00ebr at\u0113 koh\u00eb<\/div>\n<div dir=\"auto\">P\u00ebr ata njer\u00ebz,<\/div>\n<div dir=\"auto\">P\u00ebr shkoll\u00ebn time<\/div>\n<div dir=\"auto\">P\u00ebr m\u00ebsuesen e klas\u00ebs s\u00eb par\u00eb,<\/div>\n<div dir=\"auto\">Kur e shkruante or\u00ebn n\u00eb ditar,<\/div>\n<div dir=\"auto\">Kam nj\u00eb mall t\u00eb pashuar,<\/div>\n<div dir=\"auto\">At\u00ebher\u00eb kur un\u00eb \u00e7apk\u00ebnja ende s&#8217; isha shtruar,<\/div>\n<div dir=\"auto\">Malli m\u00eb ka marr\u00eb p\u00ebr nj\u00eb dashuri t\u00eb paharruar&#8230;.!<\/div>\n","protected":false},"excerpt":{"rendered":"<p>Elvira Zeneli MALLI M\u00cb KA MARR\u00cb Sot m\u00eb mori malli p\u00ebr sofr\u00ebn Aty\u00a0 ku si zogjt\u0113 mblidheshim dikur T\u00eb varf\u00ebr, P\u00ebr pak\u00a0 buk\u00eb e krip\u00eb e zem\u00ebr, Dhe p\u00ebr shum\u0113 dashuri. Dashuria gjithmon\u00eb ishte me mua, Dhe e dashuruar rrija n\u00eb folen\u00eb time, Nuk u mungoi as v\u00ebllez\u00ebrve as motr\u00ebs, As gjysh\u00ebrve nuk u mungoi, [&hellip;]<\/p>\n","protected":false},"author":3,"featured_media":0,"comment_status":"open","ping_status":"open","sticky":false,"template":"","format":"standard","meta":{"footnotes":""},"categories":[10],"tags":[],"class_list":["post-1704","post","type-post","status-publish","format-standard","hentry","category-poezi"],"_links":{"self":[{"href":"https:\/\/migjeni.se\/index.php\/wp-json\/wp\/v2\/posts\/1704","targetHints":{"allow":["GET"]}}],"collection":[{"href":"https:\/\/migjeni.se\/index.php\/wp-json\/wp\/v2\/posts"}],"about":[{"href":"https:\/\/migjeni.se\/index.php\/wp-json\/wp\/v2\/types\/post"}],"author":[{"embeddable":true,"href":"https:\/\/migjeni.se\/index.php\/wp-json\/wp\/v2\/users\/3"}],"replies":[{"embeddable":true,"href":"https:\/\/migjeni.se\/index.php\/wp-json\/wp\/v2\/comments?post=1704"}],"version-history":[{"count":0,"href":"https:\/\/migjeni.se\/index.php\/wp-json\/wp\/v2\/posts\/1704\/revisions"}],"wp:attachment":[{"href":"https:\/\/migjeni.se\/index.php\/wp-json\/wp\/v2\/media?parent=1704"}],"wp:term":[{"taxonomy":"category","embeddable":true,"href":"https:\/\/migjeni.se\/index.php\/wp-json\/wp\/v2\/categories?post=1704"},{"taxonomy":"post_tag","embeddable":true,"href":"https:\/\/migjeni.se\/index.php\/wp-json\/wp\/v2\/tags?post=1704"}],"curies":[{"name":"wp","href":"https:\/\/api.w.org\/{rel}","templated":true}]}}