{"id":1779,"date":"2024-06-05T19:06:17","date_gmt":"2024-06-05T19:06:17","guid":{"rendered":"https:\/\/migjeni.se\/?p=1779"},"modified":"2024-06-05T19:06:20","modified_gmt":"2024-06-05T19:06:20","slug":"gladiola-jorbusune-jam-ti-merita-kuci-thartori","status":"publish","type":"post","link":"https:\/\/migjeni.se\/index.php\/2024\/06\/05\/gladiola-jorbusune-jam-ti-merita-kuci-thartori\/","title":{"rendered":"Gladiola Jorbus:&#8221;Un\u00eb jam ti&#8221; \u2013 Merita Ku\u00e7i (Thartori)"},"content":{"rendered":"<p><strong>Gladiola Jorbus<\/strong><\/p>\n<p><strong>\u00a0\u00a0\u00a0\u00a0\u00a0\u00a0\u00a0\u00a0\u00a0\u00a0\u00a0\u00a0\u00a0\u00a0\u00a0\u00a0\u00a0\u00a0\u00a0\u00a0\u00a0\u00a0\u00a0\u00a0\u00a0\u00a0\u00a0\u00a0\u00a0\u00a0\u00a0 &#8220;Un\u00eb jam ti&#8221;<\/strong> \u2013 Merita Ku\u00e7i (Thartori)<\/p>\n<p>Libri me poezi \u201cUn\u00eb jam Ti\u201d \u00ebsht\u00eb nj\u00eb vep\u00ebr intime dhe e ndjeshme, e shkruar nga nj\u00eb poete q\u00eb eksploron thell\u00eb shpirtin fem\u00ebror. N\u00ebp\u00ebrmjet vargjeve delikate dhe t\u00eb men\u00e7ura, autorja Merita Ku\u00e7i ofron nj\u00eb vizion personal dhe autentik t\u00eb emocioneve, d\u00ebshirave e p\u00ebrvojave feminile.<\/p>\n<p>Poezia, si nj\u00eb fije delikate q\u00eb lidh zemrat, ka fuqin\u00eb t\u00eb shpreh\u00eb emocione q\u00eb shpesh i shmangen gjuh\u00ebs s\u00eb zakonshme. Brenda k\u00ebsaj sfere t\u00eb vargjeve, poetesha dhe profesoresha e ndjeshme ka thurur shpirtin e saj n\u00eb fjal\u00eb, duke krijuar nj\u00eb vep\u00ebr arti t\u00eb forc\u00ebs dhe bukuris\u00eb.<\/p>\n<p>Gruaja e ndjeshme e percepton bot\u00ebn p\u00ebrmes shqisave t\u00eb akorduara mir\u00eb. Zemra e saj rezonon me p\u00ebshp\u00ebritjet m\u00eb t\u00eb holla t\u00eb ekzistenc\u00ebs &#8211; shushurim\u00ebn e zjarrit, lulebor\u00ebn e krijuar prej saj, arom\u00ebn e vjesht\u00ebs, liris\u00eb, detit, dhembjen e mallit t\u00eb pashprehur. Ndjeshm\u00ebria e saj nuk \u00ebsht\u00eb nj\u00eb dob\u00ebsi, por nj\u00eb dhurat\u00eb hyjnore \u2013 nj\u00eb instrument p\u00ebrmes t\u00eb cilit ajo kanalizon t\u00eb v\u00ebrtetat e saj m\u00eb t\u00eb thella.<\/p>\n<p>Merita trajton konceptin e identitetit dhe lidhjen nd\u00ebrmjet individ\u00ebve. Vet\u00eb titulli, &#8220;Un\u00eb jam Ti&#8221; sugjeron nj\u00eb lidhje t\u00eb thell\u00eb dhe universale midis njer\u00ebzve. Poezit\u00eb i drejtohen dashuris\u00eb dhe initimitetit n\u00eb t\u00eb gjitha nuancat e tyre: nga pasioni te braktisja apo nga vetmia te shkrirja emocionale. Poetja e mir\u00ebnjohur durrsake p\u00ebrvijon dhembjen, mallin dhe d\u00ebshir\u00ebn p\u00ebrmes imazheve t\u00eb gjalla poetike.<\/p>\n<p>Autorja e v\u00ebllimit poetik \u2019\u2019Un\u00eb jam Ti\u2019\u2019 zot\u00ebron nj\u00eb gjuh\u00eb t\u00eb pasur n\u00eb metafora, ngjashm\u00ebri dhe imazhe shqisore p\u00ebr t\u00eb ngjallur emocione t\u00eb forta.<\/p>\n<p>Introspeksioni dhe autenticiteti evidentohet n\u00eb saj\u00eb t\u00eb mendimeve t\u00eb thella dhe personale q\u00eb poetesha ndan, duke krijuar k\u00ebshtu nj\u00eb lidhje empatike me lexuesin e saj. Merita Ku\u00e7i krijon nj\u00eb personazh fem\u00ebror q\u00eb kalon n\u00ebp\u00ebr faza t\u00eb ndryshme t\u00eb jet\u00ebs, duke eksploruar g\u00ebzimet, vuajtjet dhe rritjen.<\/p>\n<p>Poezia e saj ngjason her\u00eb si dialog, reflektim a monolog q\u00eb zbulon shpirtin e protagonistes.<\/p>\n<p>P\u00ebrmbledhja poetike \u2019\u2019Un\u00eb jam Ti\u2019\u2019 \u00ebsht\u00eb nj\u00eb udh\u00ebtim poetik n\u00eb intimitetin fem\u00ebror, nj\u00eb vep\u00ebr q\u00eb rr\u00ebmben shpirtin dhe zemr\u00ebn e lexuesit, duke ofruar nj\u00eb k\u00ebndv\u00ebshtrim unik t\u00eb spiritualitetit fem\u00ebror.<\/p>\n<p>Libri \u201cUn\u00eb jam ti\u201d surprizon publikun e apasionuar pas poezis\u00eb dhe e fton n\u00eb nj\u00eb ekspedit\u00eb studimi t\u00eb ndjenjave dhe p\u00ebrvojave t\u00eb thella fem\u00ebrore.<\/p>\n<p>Poetja e mir\u00ebnjohur durrsake Merita Ku\u00e7i (Thartori) u jep grave nj\u00eb z\u00eb q\u00eb t\u00eb d\u00ebgjohen. Poezit\u00eb e saj unike portretizojn\u00eb bukur bot\u00ebn e brendshme t\u00eb gruas.<\/p>\n<p>&nbsp;<\/p>\n<p><strong>Nga \u00a0Gladiola Jorbus<\/strong><\/p>\n","protected":false},"excerpt":{"rendered":"<p>Gladiola Jorbus \u00a0\u00a0\u00a0\u00a0\u00a0\u00a0\u00a0\u00a0\u00a0\u00a0\u00a0\u00a0\u00a0\u00a0\u00a0\u00a0\u00a0\u00a0\u00a0\u00a0\u00a0\u00a0\u00a0\u00a0\u00a0\u00a0\u00a0\u00a0\u00a0\u00a0\u00a0 &#8220;Un\u00eb jam ti&#8221; \u2013 Merita Ku\u00e7i (Thartori) Libri me poezi \u201cUn\u00eb jam Ti\u201d \u00ebsht\u00eb nj\u00eb vep\u00ebr intime dhe e ndjeshme, e shkruar nga nj\u00eb poete q\u00eb eksploron thell\u00eb shpirtin fem\u00ebror. N\u00ebp\u00ebrmjet vargjeve delikate dhe t\u00eb men\u00e7ura, autorja Merita Ku\u00e7i ofron nj\u00eb vizion personal dhe autentik t\u00eb emocioneve, d\u00ebshirave e p\u00ebrvojave feminile. Poezia, [&hellip;]<\/p>\n","protected":false},"author":3,"featured_media":0,"comment_status":"open","ping_status":"open","sticky":false,"template":"","format":"standard","meta":{"footnotes":""},"categories":[6],"tags":[],"class_list":["post-1779","post","type-post","status-publish","format-standard","hentry","category-botime-te-reja"],"_links":{"self":[{"href":"https:\/\/migjeni.se\/index.php\/wp-json\/wp\/v2\/posts\/1779","targetHints":{"allow":["GET"]}}],"collection":[{"href":"https:\/\/migjeni.se\/index.php\/wp-json\/wp\/v2\/posts"}],"about":[{"href":"https:\/\/migjeni.se\/index.php\/wp-json\/wp\/v2\/types\/post"}],"author":[{"embeddable":true,"href":"https:\/\/migjeni.se\/index.php\/wp-json\/wp\/v2\/users\/3"}],"replies":[{"embeddable":true,"href":"https:\/\/migjeni.se\/index.php\/wp-json\/wp\/v2\/comments?post=1779"}],"version-history":[{"count":0,"href":"https:\/\/migjeni.se\/index.php\/wp-json\/wp\/v2\/posts\/1779\/revisions"}],"wp:attachment":[{"href":"https:\/\/migjeni.se\/index.php\/wp-json\/wp\/v2\/media?parent=1779"}],"wp:term":[{"taxonomy":"category","embeddable":true,"href":"https:\/\/migjeni.se\/index.php\/wp-json\/wp\/v2\/categories?post=1779"},{"taxonomy":"post_tag","embeddable":true,"href":"https:\/\/migjeni.se\/index.php\/wp-json\/wp\/v2\/tags?post=1779"}],"curies":[{"name":"wp","href":"https:\/\/api.w.org\/{rel}","templated":true}]}}