{"id":1782,"date":"2024-06-06T05:13:18","date_gmt":"2024-06-06T05:13:18","guid":{"rendered":"https:\/\/migjeni.se\/?p=1782"},"modified":"2024-06-06T05:13:24","modified_gmt":"2024-06-06T05:13:24","slug":"shkruan-viron-kona-porosite-e-zemres","status":"publish","type":"post","link":"https:\/\/migjeni.se\/index.php\/2024\/06\/06\/shkruan-viron-kona-porosite-e-zemres\/","title":{"rendered":"Shkruan Viron KONA: Porosit\u00eb e zemr\u00ebs"},"content":{"rendered":"<p>Shkruan Viron KONA<\/p>\n<p><strong>\u00a0\u00a0\u00a0\u00a0\u00a0\u00a0\u00a0\u00a0\u00a0\u00a0\u00a0\u00a0\u00a0\u00a0 Porosit\u00eb e zemr\u00ebs<\/strong><\/p>\n<p><em>Duke lexuar v\u00ebllimin poetik t\u00eb Sokol Demakut \u201cZ\u00ebri i k\u00ebng\u00ebs sate.\u201d, i cili sapoi ka dal\u00eb nga shtypi n\u00eb botim t\u00eb Sht\u00ebpis\u00eb botuese Shoqata\u201dS.D\u201dSht\u00ebia botuese nga Bor\u00e5s i Suedis\u00eb e n\u00eb p\u00ebrkujdesjen teknike dhe shtypjen t\u00eb Lena Graphic Prishtin\u00eb, n\u00eb 87 faq\u00eb me poezi t\u00eb zgjedhura.<\/em><\/p>\n<p><em>\u00a0\u00a0\u00a0\u00a0\u00a0\u00a0\u00a0\u00a0\u00a0\u00a0\u00a0\u00a0\u00a0\u00a0\u00a0\u00a0\u00a0\u00a0\u00a0\u00a0\u00a0\u00a0\u00a0\u00a0\u00a0\u00a0\u00a0\u00a0\u00a0\u00a0\u00a0\u00a0\u00a0\u00a0 \u201cSa m\u00eb ka marr\u00eb malli,<\/em><\/p>\n<p><em>\u00a0\u00a0\u00a0\u00a0\u00a0\u00a0\u00a0\u00a0\u00a0\u00a0\u00a0\u00a0\u00a0\u00a0\u00a0\u00a0\u00a0\u00a0\u00a0\u00a0\u00a0\u00a0\u00a0\u00a0\u00a0\u00a0\u00a0\u00a0\u00a0\u00a0\u00a0\u00a0\u00a0\u00a0\u00a0 Sa shum\u00eb e ndjej,<\/em><\/p>\n<p><em>\u00a0\u00a0\u00a0\u00a0\u00a0\u00a0\u00a0\u00a0\u00a0\u00a0\u00a0\u00a0\u00a0\u00a0\u00a0\u00a0\u00a0\u00a0\u00a0\u00a0\u00a0\u00a0\u00a0\u00a0\u00a0\u00a0\u00a0\u00a0\u00a0\u00a0\u00a0\u00a0\u00a0\u00a0\u00a0 Larg\u00ebsin\u00eb nga Ti,<\/em><\/p>\n<p><em>\u00a0\u00a0\u00a0\u00a0\u00a0\u00a0\u00a0\u00a0\u00a0\u00a0\u00a0\u00a0\u00a0\u00a0\u00a0\u00a0\u00a0\u00a0\u00a0\u00a0\u00a0\u00a0\u00a0\u00a0\u00a0\u00a0\u00a0\u00a0\u00a0\u00a0\u00a0\u00a0\u00a0\u00a0\u00a0 I dashur atdhe&#8230;<\/em><\/p>\n<p>Poezia e Sokol Demakut v\u00ebrshon pareshtur duke qen\u00eb e lidhur ngusht\u00ebsisht me jet\u00ebn dhe veprimtarin\u00eb e tij letrare e artistike, me shoq\u00ebrin\u00eb dhe atdheun, me arritjet dhe vlerat m\u00eb t\u00eb mira, e ku ai ve\u00e7ohet si nj\u00eb personalitet me karakter t\u00eb fort\u00eb e t\u00eb pal\u00ebkundur, me guxim krijues, por dhe si nj\u00eb luft\u00ebtar q\u00eb mbron t\u00eb drejt\u00ebn dhe t\u00eb v\u00ebrtet\u00ebn, si nj\u00ebri q\u00eb ngre kudo ura miq\u00ebsie. Sokoli e prezanton duksh\u00ebm veprimtarin\u00eb dhe karakterin e tij krijues me vepra t\u00eb shkruara nga ai vet, letrare, artistike, publicistike, p\u00ebrkthime, por dhe duke qen\u00eb n\u00eb krye t\u00eb organizimeve t\u00eb\u00a0 festivaleve letrare, artistike, folklorike, duke binjak\u00ebzuar shkolla dhe biblioteka, duke organizuar tubime festive, p\u00ebrurime librash, ekspozita, ekspedita kulturore&#8230;<\/p>\n<p><strong>\u00a0 \u00a0 \u00a0 \u00a0 \u00a0 \u00a0 \u00a0 \u00a0 \u00a0 \u00a0 Sokol Demaku, <\/strong><strong>misionar i kultur\u00ebs, arsimit\u00a0 dhe i let\u00ebrsis\u00eb<\/strong><\/p>\n<p>Sokol Demakun e takon, sa n\u00eb qytetin suedez Boras, ku ai jeton familjarisht e ku zhvillon nj\u00eb veprimtari t\u00eb dendur dhe t\u00eb gjithanshme letrare, poetike, folklorike, publicistike, tradicionale\u00a0 etj. por e takon edhe n\u00eb qytetet suedeze Stokholm, Goteborg, Malm\u00eb dhe n\u00eb shum\u00eb nga veprimtarit\u00eb m\u00eb t\u00eb spikatura q\u00eb zhvillojn\u00eb shoqatat shqiptare kulturore, arsimore, artistike, letrare dhe folklorike\u00a0 t\u00eb Suedis\u00eb, teksa ai \u00ebsht\u00eb edhe an\u00ebtar i Shoqat\u00ebs s\u00eb Shkrimtar\u00ebve dhe Artist\u00ebve t\u00eb Suedis\u00eb. Sokoli nuk mjaftohet asnj\u00ebher\u00eb me kaq, ai syrin dhe shpirtin e ka gjithnj\u00eb n\u00eb Kosov\u00ebn e tij t\u00eb dashur, s\u00eb cil\u00ebs i kushton vazhdimisht vepra poetike, libra t\u00eb ve\u00e7ant\u00eb artistik\u00eb dhe publicistik\u00eb, por at\u00eb e takon dendur edhe n\u00eb Shqip\u00ebri, ku ka kontribute t\u00eb m\u00ebdha n\u00eb fushat e arsimit, t\u00eb binjak\u00ebzimit t\u00eb shkollave, t\u00eb kultur\u00ebs, artit,\u00a0 let\u00ebrsis\u00eb dhe t\u00eb p\u00ebrkthimeve, sikurse e takon at\u00eb n\u00eb ekspedita me shkrimtar\u00eb suedez\u00eb e shqiptaro-suedez\u00eb, q\u00eb jan\u00eb aktiv\u00eb n\u00eb veprimtarit\u00eb kulturore e letrare n\u00eb Kosov\u00eb e Shqip\u00ebri, por dhe te shqiptar\u00ebt e Maqedonis\u00eb s\u00eb Veriut, tek ata n\u00eb Mal t\u00eb Zi, te shqiptar\u00ebt e Greqis\u00eb dhe Italis\u00eb&#8230;Sokol Demaku \u00ebsht\u00eb i kudogjendur dhe kurdoher\u00eb spikat me fjal\u00ebn e ngroht\u00eb, me z\u00ebrin melodik, me theksin drenicas, si poet, si romancier e publicist dhe, duksh\u00ebm ai sot \u00ebsht\u00eb shum\u00eb i njohur edhe si edhe si p\u00ebrkthyes.\u00a0 N\u00eb gjith\u00e7ka b\u00ebn e vepron Sokol Demaku e ka ta pandar\u00eb dhe bashk\u00ebshoq\u00ebrues vargun e\u00a0 bukur dhe t\u00eb ndjer\u00eb poetik, n\u00ebp\u00ebrmjet t\u00eb cilit ai shpreh mesazhe t\u00eb shumta dhe me vler\u00eb, ide dhe mendime t\u00eb p\u00ebrparuara p\u00ebr\u00a0 t\u00eb v\u00ebrtetat e jet\u00ebs. Gjith\u00e7ka e dal\u00eb prej mendjes s\u00eb tij krijuese \u00ebsht\u00eb e fresk\u00ebt, e sinqert\u00eb dhe e zbukuruar me talentin e tij poetik.<\/p>\n<p>D\u00ebshiroj t\u00eb them se poezia e Demakut m\u00eb ngjason me nj\u00eb det t\u00eb kalt\u00ebr dhe t\u00eb past\u00ebr, her\u00eb t\u00eb qet\u00eb, q\u00eb shndrit\u00eb nga rrezet e ngrohta t\u00eb diellit dhe her\u00eb me dallg\u00eb e stuhi, teksa \u201ckapiten\u201d poet manovron me guxim \u201canijen\u201d e tij artistike. N\u00ebp\u00ebrmjet vargjeve, ai p\u00ebrhap vazhdimisht mir\u00ebsi, paqe, bukuri, ndjenja t\u00eb thella e t\u00eb pastra njer\u00ebzore, p\u00ebrhap dashuri dhe harmoni mes njer\u00ebzve dhe brezave, duke qen\u00eb p\u00ebrher\u00eb nj\u00eb misionar i let\u00ebrsis\u00eb, i arsimit dhe i kultur\u00ebs.<\/p>\n<p><strong>\u00a0\u00a0\u00a0\u00a0\u00a0\u00a0\u00a0\u00a0\u00a0\u00a0\u00a0\u00a0\u00a0\u00a0\u00a0\u00a0\u00a0\u00a0\u00a0\u00a0\u00a0\u00a0\u00a0\u00a0 Poet me<\/strong> <strong>z\u00eb kumbues <\/strong><\/p>\n<p>K\u00ebsaj here Sokoli i paraqitet lexuesit me nj\u00eb p\u00ebrmbledhje poetike, ku rindez zjarre krijuese n\u00eb vargjet e tij t\u00eb ndjer\u00eb, t\u00eb fresk\u00ebt dhe me arom\u00eb njer\u00ebzore, me dashuri dhe sinqeritet, me vargje t\u00eb stolisur\u00a0 natyrsh\u00ebm me nj\u00eb figuracion poetik, duke na sjell\u00eb n\u00eb p\u00ebrfytyrim momente t\u00eb bukura jet\u00ebsore, q\u00eb her\u00eb na drith\u00ebrojn\u00eb me bukurin\u00eb, freskin\u00eb dhe brisht\u00ebsin\u00eb e tyre dhe her\u00eb na v\u00ebn\u00eb n\u00eb mendime shpreh\u00ebse teksa ne ndjejm\u00eb e p\u00ebrfitojm\u00eb mesazhe p\u00ebr jet\u00ebn dhe ardhm\u00ebrin\u00eb. Edhe n\u00eb k\u00ebt\u00eb v\u00ebllim spikatin duksh\u00ebm vlera t\u00eb thella njer\u00ebzore: sinqeriteti, d\u00eblir\u00ebsia dhe ndershm\u00ebria, nderimi dhe dashuria p\u00ebr atdheun dhe t\u00eb bukur\u00ebn, lirin\u00eb, t\u00eb drejt\u00ebn dhe t\u00eb v\u00ebrtet\u00ebn.<\/p>\n<p>N\u00eb poezin\u00eb <em>\u201cNj\u00eb nat\u00eb e qet\u00eb\u201d,<\/em> poeti duket se zb\u00ebrthehen motivet dhe d\u00ebshirat e tij p\u00ebr jet\u00ebn, q\u00eb shprehen n\u00eb \u00ebndrrat p\u00ebr t\u00eb ardhmen, t\u00eb pashk\u00ebputura k\u00ebto nga malli p\u00ebr vendlindjen, e cila p\u00ebr poetin \u00ebsht\u00eb gjith\u00e7ka, ndaj dhe i kushton vargjet m\u00eb t\u00eb bukura t\u00eb dala nga zemra e tij e past\u00ebr. Poeti i drejtohet p\u00ebllumbit krah larm\u00eb, q\u00eb fluturon n\u00eb gjith\u00ebsi dhe e porosit<em>: <\/em><em>\u201cDua t\u00eb rrug\u00ebtosh,\/Fush\u00eb e male t\u00eb kalosh,\/Shum\u00eb t\u00eb fala vendlindjes t \u2018mi \u00e7osh,\/ Zemr\u00ebn time ta qet\u00ebsosh.\/Shko pra fluturim n\u00eb k\u00ebt\u00eb rrug\u00ebtim,\/Merr me vete mallin tim,\/Shko gjej syt\u00eb e shkruar,\/Ata t\u00eb qet\u00ebsosh,\/Porosin\u00eb e zemr\u00ebs sime,\/Atyre t`u d\u00ebrgosh\u201d.<\/em><\/p>\n<p>Demaku \u00ebsht\u00eb poet me shpirt t\u00eb lir\u00eb dhe kjo e b\u00ebn at\u00eb m\u00eb t\u00eb p\u00ebrkushtuar dhe m\u00eb besimplot\u00eb p\u00ebr jet\u00ebn, p\u00ebr t\u00eb ardhmen, p\u00ebr t\u00eb bukur\u00ebn, p\u00ebr gjith\u00e7ka t\u00eb mir\u00eb dhe t\u00eb p\u00ebrparuar. Me poezin\u00eb <em>\u201cPul\u00ebbardha\u201d <\/em>ai personifikon lirin\u00eb, e konsideron pul\u00ebbardh\u00ebn si nj\u00eb simbol t\u00eb past\u00ebr e pa cene, t\u00eb ndritshme dhe paq\u00ebsore, ai e simpatizon k\u00ebt\u00eb shpend t\u00eb bukur detar, q\u00eb p\u00ebrshkon kalt\u00ebrsit\u00eb e\u00a0 qiellit dhe t\u00eb detit, teksa p\u00ebrshkrimi i tij poetik e plot figura sikur ngjason me nj\u00eb peizazh plot ngjyra ylberiane<strong>:<\/strong><em> \u201cNj\u00eb pul\u00ebbardh\u00eb, \/Sa bukur fluturon, \/E hijeshon qiellin, \/Jet\u00ebn zbukuron. \/E thur\u00eb k\u00ebng\u00ebn, \/Melodi krijon&#8230;\u201d.<\/em><\/p>\n<p>Shfaqet e ve\u00e7ant\u00eb dhe origjinale poezia \u201c<em>\u00c7ka b\u00ebjn\u00eb poet\u00ebt?<\/em>\u201d, ku autori sikur k\u00ebrkon\u00a0 t\u00eb bashk\u00ebbisedoj\u00eb me lexuesit dhe\u00a0 me koleg\u00ebt e tij, si p\u00ebr\u00a0 t\u00eb rr\u00ebfyer sekretet e brendshme,\u00a0 t\u00eb path\u00ebnat dhe t\u00eb pashprehurat e poet\u00ebve kur ata krijojn\u00eb poezin\u00eb, \u00e7far\u00eb jan\u00eb ato shtysa t\u00eb zjarrta brenda qenies, brenda\u00a0 shpirtit t\u00eb poetit, q\u00eb e frym\u00ebzojn\u00eb, e nxitin, e b\u00ebjn\u00eb q\u00eb nj\u00eb \u00e7ast t\u00eb l\u00ebr\u00eb gjith\u00e7ka tjet\u00ebr dhe t\u00eb nis e t\u00eb derdh n\u00eb let\u00ebr vargje zemre dhe shpirti, energji q\u00eb i burojn\u00eb si pa kuptuar dhe shprehin nj\u00eb bot\u00eb t\u00eb madhe e t\u00eb padukshme, por shum\u00eb t\u00eb ndjer\u00eb, emocionale dhe me shum\u00eb gjall\u00ebri e jet\u00eb. Poeti shkruan:\u201d <em>Shpeshher\u00eb i b\u00ebj pyetje vet\u00ebs:\/Kush ka forc\u00ebn,\/dhe pushtetin,\/t\u00eb ruaj rim\u00ebn n\u00eb poezi?\/Kush \u00ebsht\u00eb ai, q\u00eb t\u00eb fton n\u00eb argumentim?\/Kush krijon kujtimet,\/kush shpreh\u00eb ndjenjat,\/kush hap zemrat,\/kush krijon ura,\/ e dashuri?&#8230;<\/em><\/p>\n<p><strong>\u00a0\u00a0\u00a0\u00a0\u00a0\u00a0\u00a0\u00a0\u00a0\u00a0\u00a0\u00a0\u00a0\u00a0\u00a0\u00a0\u00a0\u00a0\u00a0\u00a0\u00a0\u00a0\u00a0 Shpres\u00ebs t`i japim jet\u00eb<\/strong><\/p>\n<p>Mendoj se \u00ebsht\u00eb nga poezit\u00eb e p\u00ebrzgjedhura poezia <em>\u201cTrumcaku i vog\u00ebl\u201d,<\/em> nj\u00eb poezi q\u00eb t\u00eb mb\u00ebrthen pas vetes dhe t\u00eb b\u00ebn t\u00eb meditosh thell\u00eb p\u00ebr jet\u00ebn, por edhe t\u00eb kuptosh shpirtin dhe breng\u00ebn e madhe q\u00eb ka poeti, t\u00eb cil\u00ebn e shpreh p\u00ebrmes metaforave, gjuh\u00ebs s\u00eb thell\u00eb poetike dhe emocioneve. M\u00eb b\u00ebhet se p\u00ebr disa \u00e7aste poeti e krahason gjendjen e tij t\u00eb brendshme shpirt\u00ebrore me nj\u00eb trumcak t\u00eb vog\u00ebl, n\u00eb nj\u00eb peizazh dim\u00ebror, q\u00eb, teksa fluturon n\u00eb ajrin e ftoht\u00eb dhe \u00e7ukit d\u00ebbor\u00ebn p\u00ebr\u00a0 mbijetes\u00eb, ai sikur gjen forca dhe k\u00ebndon mbase brengat, hallet e tij, duke k\u00ebrkuara brenda vetes energji p\u00ebr t\u00eb p\u00ebrballuar jet\u00ebn e v\u00ebshtir\u00eb q\u00eb ka p\u00ebrpara. Nga ana tjet\u00ebr, duke bashk\u00ebbiseduar n\u00eb m\u00ebnyr\u00eb figurative me zogun e bukur t\u00eb d\u00ebbor\u00ebs, poeti,\u00a0 duke treguar shpirtin e tij t\u00eb ndritur e fton zogun pran\u00eb vetes: <em>\u201cEja trumcak der\u00ebn ke hapur,\/Hyr\u00eb n\u00eb k\u00ebt\u00eb vat\u00ebr,\/M\u00eb b\u00ebj shoq\u00ebri, jet\u00ebn mos ta kaloj vet\u00ebm.\/Trumcak i vog\u00ebl mos u brengos,\/Ke krah\u00ebt e leht\u00eb,\/Shp\u00ebtim p\u00ebr jet\u00eb,\/Do fluturosh atje ku ka shpres\u00eb e jet\u00eb.\/M\u00eb merr dhe mua, ka koh\u00eb t\u00eb pres,\/M\u00eb d\u00ebrgo dhe mua atje ku ka shpres\u00eb,\/ T\u00eb k\u00ebndojm\u00eb s\u00eb bashku,\/Shpres\u00ebs t`i japim jet\u00eb\u201d.<\/em><\/p>\n<p><em>\u201cArti i zemr\u00ebs\u201d,<\/em> \u00ebsht\u00eb nj\u00eb poezi e thjesht\u00eb n\u00eb dukje, por q\u00eb shpreh sekretin e vlerave t\u00eb thella njer\u00ebzore, ato vlera, ndjenja, mendime dhe emocione q\u00eb p\u00ebrb\u00ebjn\u00eb artin e v\u00ebrtet\u00eb, i cili nuk b\u00ebhet as me porosi, as thjesht duke u ulur dhe duke shprehur disa mendime n\u00eb vargje, por duke shkruar jo me \u201cgjuh\u00ebn\u201d e lapsit dhe t\u00eb makin\u00ebs s\u00eb shkrimi, por me \u201cgjuh\u00ebn\u201d e padukshme t\u00eb zemr\u00ebs e p\u00ebr t\u00eb cil\u00ebn autori shkruan edhe vargjet n\u00eb vazhdim<em>:\u00a0 \u201cMos u mundoni ta ndaloni, \/lejojeni t\u00eb shprehet,\/dhe le t\u00eb flas\u00eb,\/ zemra,\/se ajo ka art\u201d.<\/em><\/p>\n<p><strong>\u00a0\u00a0\u00a0\u00a0\u00a0\u00a0\u00a0\u00a0\u00a0\u00a0\u00a0\u00a0\u00a0\u00a0\u00a0\u00a0\u00a0\u00a0\u00a0\u00a0\u00a0 Poezi me karakter filozofik<\/strong><\/p>\n<p>Te poezia <em>\u201cNata\u201d<\/em> poeti shpreh mendimin e tij artistik p\u00ebr t\u00eb keqen dhe lig\u00ebsin\u00eb q\u00eb p\u00ebrfaq\u00ebson nata, teksa lexuesi endet n\u00eb mendime dhe meditime, duke n\u00ebnkuptuar me nat\u00ebn, err\u00ebsir\u00ebn n\u00eb gjith\u00e7ka, err\u00ebsir\u00eb n\u00eb jet\u00eb, err\u00ebsir\u00eb n\u00eb arsim, kultur\u00eb dhe dije, err\u00ebsir\u00eb n\u00eb ndjenja, err\u00ebsir\u00ebn q\u00eb pengon drit\u00ebn dhe gjith\u00eb bukurit\u00eb\u00a0 e k\u00ebsaj jete e k\u00ebsaj bote, pengon d\u00ebshirat, motivet, pasionet, dashurin\u00eb, bukurin\u00eb, g\u00ebzimin, entuziazmin.\u00a0 Poeti shkruan : <em>\u201c&#8230;Err\u00ebsira d\u00ebshmi nuk jep,\/Asaj nuk mund t`i z\u00ebsh bes\u00eb,\/Se \u00ebsht\u00eb e pam\u00ebshirshme n\u00eb jet\u00eb.\u201d<\/em><\/p>\n<p>Ka nj\u00eb koncept filozofik e jet\u00ebsor poezia <em>\u201cMbr\u00ebmja n\u00eb m\u00ebrgim\u201d,<\/em> ku krahas nj\u00eb p\u00ebrshkrimi t\u00eb bukur, poeti shpreh ndjenjat e tij t\u00eb trazuara gjat\u00eb nj\u00eb mbr\u00ebmje n\u00eb qytetin ku ai ka m\u00ebrguar, e ku duke qen\u00eb larg vendlindjes dhe atdheut t\u00eb tij t\u00eb dashur, gjith\u00e7ka i duket e zymt\u00eb, edhe dritat jan\u00eb t\u00eb zymta, edhe njer\u00ebzit\u00a0 i duken krejt ndryshe, edhe nata nuk \u00ebsht\u00eb nat\u00eb, edhe dita \u00ebsht\u00eb m\u00eb e shkurt\u00ebr se n\u00eb qytetin e tij, madje p\u00ebr shkak t\u00eb nj\u00eb gjendjeje ndonj\u00ebher\u00eb d\u00ebshp\u00ebruese, ai e krahason nat\u00ebn me ku\u00e7edr\u00ebn, q\u00eb p\u00ebrpin \u00e7do gj\u00eb, teksa vijon n\u00eb m\u00ebnyr\u00eb filozofike<em>: \u201c K\u00ebshtu \u00ebsht\u00eb kur je,\/ Atje ku nuk duhet t\u00eb jesh,\/ K\u00ebshtu \u00ebsht\u00eb aty ku nuk je,\/ Dhe nuk e di pse je,\/Kjo \u00ebsht\u00eb mbr\u00ebmje me flladin e leht\u00eb,\/ Por jo nuk \u00ebsht\u00eb,\/ Sepse k\u00ebtu ka tjet\u00ebr jet\u00eb\u201d.<\/em><em>\u00a0<\/em><\/p>\n<p><strong>\u00a0\u00a0\u00a0\u00a0\u00a0\u00a0\u00a0\u00a0\u00a0\u00a0\u00a0\u00a0\u00a0\u00a0\u00a0\u00a0\u00a0\u00a0\u00a0\u00a0\u00a0\u00a0 Kur t\u00eb mungon atdheu<\/strong><\/p>\n<p>Atdhedashuria \u00ebsht\u00eb nj\u00eb tem\u00eb q\u00eb poeti e shfaq n\u00eb shum\u00eb poezi, gjithnj\u00eb me m\u00ebnyra dhe nuanca t\u00eb reja, madje t\u00eb panum\u00ebrta dhe t\u00eb pambarueshme, sepse duke\u00a0 e pasur atdheun vazhdimisht n\u00eb mendje, n\u00eb shpirt dhe n\u00eb zem\u00ebr prodhon pareshtur p\u00ebr t\u00eb mall dhe dashuri pambarim. Te poezia <em>\u201cSa m\u00eb ka marr\u00eb malli! \u201d <\/em>ai shprehet edhe me vargje t\u00eb tilla:<strong>\u00a0 <\/strong><em>\u201cSa m\u00eb ka marr\u00eb malli,\/Sa shum\u00eb e ndjej,\/Larg\u00ebsin\u00eb nga Ti,\/I dashur atdhe&#8230;\/Sa m\u00eb ka marr\u00eb malli,\/Shpirti po l\u00ebngon,\/Njer\u00ebzit e zemr\u00ebs,\/Ai tani k\u00ebrkon\u201d.<\/em> P\u00ebr poetin, atdheu \u00ebsht\u00eb i shenjt\u00eb dhe i paz\u00ebvend\u00ebsuesh\u00ebm, ai \u00ebsht\u00eb gjith\u00e7ka, prandaj dhe poeti ndihet deri i zbraz\u00ebt n\u00eb shpirt pa atdheun pran\u00eb. Ai shkruan:<strong>\u00a0 <\/strong><em>\u201cSa m\u00eb ka marr\u00eb malli, \/Sa shum\u00eb e ndjej, \/Zbraz\u00ebtin\u00eb n\u00eb shpirt, \/P\u00ebr Ty atdhe\u201d.<\/em><\/p>\n<p>Edhe te poezia e ndjer\u00eb <em>\u201cN\u00ebn\u00eblokja\u201d, <\/em>poeti ndalet p\u00ebrs\u00ebri tek atdheu dhe te vlerat e tij t\u00eb shenjta e deri hyjnore, nd\u00ebrsa n\u00eb m\u00ebnyr\u00eb figurative ai e krahason atdheun me \u201cN\u00ebn\u00ebloken\u201d, nj\u00eb figur\u00eb kjo reale dhe simbolike e m\u00ebm\u00ebdheut. Poeti e vler\u00ebson n\u00ebn\u00ebloken me t\u00eb gjitha ngjyrat e dashura dhe t\u00eb mundshme, me t\u00eb gjith\u00eb dashurin\u00eb dhe \u00ebmb\u00eblsin\u00eb q\u00eb ka brenda vetes, sepse n\u00ebn\u00eblokja p\u00ebrfaq\u00ebson vendin ku ai lindi dhe u rrit me \u00ebndrrat, d\u00ebshirat, pasionet dhe mundimet e tij, por \u00ebsht\u00eb edhe n\u00ebn\u00eblokja n\u00ebn\u00eb, e cila e lindi dhe e m\u00ebkoi me qum\u00ebshtin e saj t\u00eb bardh\u00eb arb\u00ebror, q\u00eb i dha bukuri dhe shpirtmadh\u00ebsi, q\u00eb e b\u00ebri njeri me nder dhe me dinjitet, njeri me dije dhe kultur\u00eb, atdhetar\u00eb t\u00eb flak\u00ebt,\u00a0 teksa vlerat dhe kujtimin e prind\u00ebrve\u00a0 t\u00eb tij, jo vetme nuk i harron, por\u00a0 kujtimet dhe vlerat e tyre i p\u00ebrcjell\u00eb tek f\u00ebmij\u00ebt e tij, tek brezat e ardhsh\u00ebm. Poeti shkruan: <em>\u201cShekujt e stepen, vitet e mjeruan, \/Por N\u00ebn\u00eblokja nuk u dor\u00ebzua! \/Rrudhat n\u00eb ball\u00eb i vij\u00ebzohen \u00e7do dit\u00eb, \/Tregojn\u00eb vuajtjet, mjerimin e pashpirt. \/Stuhit\u00eb e koh\u00ebs u sul\u00ebn pa m\u00ebshir\u00eb,\/Ta zhbijn\u00eb N\u00ebn\u00ebloken nga faqja e dheut. \/E fort\u00eb, krenare me shpirt \u00e7elik. \/N\u00ebn\u00eblokja q\u00ebndron me ballin fisnik. \/Bijt\u00eb e saj, bijt\u00eb e shqipes, \/Radhisin fitoret dita \u2013 dit\u00ebs\u201d.<\/em><\/p>\n<p><strong>\u00a0\u00a0\u00a0\u00a0\u00a0\u00a0\u00a0\u00a0\u00a0\u00a0\u00a0\u00a0\u00a0\u00a0\u00a0\u00a0\u00a0\u00a0\u00a0\u00a0\u00a0\u00a0\u00a0\u00a0\u00a0\u00a0\u00a0\u00a0\u00a0\u00a0\u00a0\u00a0 Poezi optimiste<\/strong><\/p>\n<p>Te poezia <em>\u201cRrezja e diellit\u201d,<\/em> poeti shprehet me optimiz\u00ebm dhe n\u00eb m\u00ebnyr\u00eb figurative p\u00ebr jet\u00ebn dhe t\u00eb ardhmen, ai beson tek ajo, te shk\u00eblqimi dhe vezullimi i saj, q\u00eb p\u00ebrhap drit\u00eb dhe hijeshon e begaton shpirtin e tij krijues. \u00cbsht\u00eb kjo drit\u00eb frym\u00ebzuese e dal\u00eb nga dielli jet\u00ebdh\u00ebn\u00ebs, ky \u201czot\u201d i fuqish\u00ebm i jet\u00ebs, i cili i jep k\u00ebt\u00eb besim dhe k\u00ebto energji. Poeti shkruan:<strong> <em>\u201c<\/em><\/strong><em>Nj\u00eb udh\u00ebtim i larg\u00ebt,\/N\u00eb jet\u00ebn e trazuar,\/ Un\u00eb gjej n\u00eb horizont,\/Krijimet e reja,\/Fjal\u00ebt e reja,\/Ndjenjat e reja.\/Duke notuar n\u00eb uj\u00ebrat e panjohura,\/Me shpirtin e trazuar,\/Me klishe n\u00ebn\u00eb gjuh\u00eb,\/Me shpirtin trazuar,\/Zemr\u00ebn e l\u00ebnduar.\/Por ja rrezja e diellit,\/ Nga\u00a0 larg vezullon,\/ E ndjej\u00eb n\u00eb shpirt,\/ Se rrug\u00ebn ma leht\u00ebson\u201d.<\/em><\/p>\n<p>N\u00eb p\u00ebrfundim t\u00eb k\u00ebtij artikulli, n\u00ebnvizoj se kontributet dhe ndihmesat reale e plot vlera q\u00eb jep poeti Sokol Demaku n\u00eb let\u00ebrsin\u00eb e shkruar suedeze e shqiptare, jan\u00eb t\u00eb atilla q\u00eb e lart\u00ebsojn\u00eb emrin e tij, e b\u00ebjn\u00eb t\u00eb njohur dhe t\u00eb dashur. Me tipin, karakterin, temperamentin dhe personalitetin e tij Sokol Demaku ngjall p\u00ebrpara nesh respekt dhe konsiderat\u00eb t\u00eb lart, si p\u00ebr vlerat q\u00eb p\u00ebrmend\u00ebm, ashtu dhe p\u00ebr faktin\u00a0 se ai p\u00ebrhap atje ku jeton dhe kudo ku shkon, mir\u00ebsi e dashuri, drit\u00eb dhe p\u00ebrparim.<\/p>\n","protected":false},"excerpt":{"rendered":"<p>Shkruan Viron KONA \u00a0\u00a0\u00a0\u00a0\u00a0\u00a0\u00a0\u00a0\u00a0\u00a0\u00a0\u00a0\u00a0\u00a0 Porosit\u00eb e zemr\u00ebs Duke lexuar v\u00ebllimin poetik t\u00eb Sokol Demakut \u201cZ\u00ebri i k\u00ebng\u00ebs sate.\u201d, i cili sapoi ka dal\u00eb nga shtypi n\u00eb botim t\u00eb Sht\u00ebpis\u00eb botuese Shoqata\u201dS.D\u201dSht\u00ebia botuese nga Bor\u00e5s i Suedis\u00eb e n\u00eb p\u00ebrkujdesjen teknike dhe shtypjen t\u00eb Lena Graphic Prishtin\u00eb, n\u00eb 87 faq\u00eb me poezi t\u00eb zgjedhura. \u00a0\u00a0\u00a0\u00a0\u00a0\u00a0\u00a0\u00a0\u00a0\u00a0\u00a0\u00a0\u00a0\u00a0\u00a0\u00a0\u00a0\u00a0\u00a0\u00a0\u00a0\u00a0\u00a0\u00a0\u00a0\u00a0\u00a0\u00a0\u00a0\u00a0\u00a0\u00a0\u00a0\u00a0 \u201cSa [&hellip;]<\/p>\n","protected":false},"author":3,"featured_media":0,"comment_status":"open","ping_status":"open","sticky":false,"template":"","format":"standard","meta":{"footnotes":""},"categories":[6],"tags":[],"class_list":["post-1782","post","type-post","status-publish","format-standard","hentry","category-botime-te-reja"],"_links":{"self":[{"href":"https:\/\/migjeni.se\/index.php\/wp-json\/wp\/v2\/posts\/1782","targetHints":{"allow":["GET"]}}],"collection":[{"href":"https:\/\/migjeni.se\/index.php\/wp-json\/wp\/v2\/posts"}],"about":[{"href":"https:\/\/migjeni.se\/index.php\/wp-json\/wp\/v2\/types\/post"}],"author":[{"embeddable":true,"href":"https:\/\/migjeni.se\/index.php\/wp-json\/wp\/v2\/users\/3"}],"replies":[{"embeddable":true,"href":"https:\/\/migjeni.se\/index.php\/wp-json\/wp\/v2\/comments?post=1782"}],"version-history":[{"count":0,"href":"https:\/\/migjeni.se\/index.php\/wp-json\/wp\/v2\/posts\/1782\/revisions"}],"wp:attachment":[{"href":"https:\/\/migjeni.se\/index.php\/wp-json\/wp\/v2\/media?parent=1782"}],"wp:term":[{"taxonomy":"category","embeddable":true,"href":"https:\/\/migjeni.se\/index.php\/wp-json\/wp\/v2\/categories?post=1782"},{"taxonomy":"post_tag","embeddable":true,"href":"https:\/\/migjeni.se\/index.php\/wp-json\/wp\/v2\/tags?post=1782"}],"curies":[{"name":"wp","href":"https:\/\/api.w.org\/{rel}","templated":true}]}}