{"id":1790,"date":"2024-06-08T08:49:33","date_gmt":"2024-06-08T08:49:33","guid":{"rendered":"https:\/\/migjeni.se\/?p=1790"},"modified":"2024-06-08T08:50:05","modified_gmt":"2024-06-08T08:50:05","slug":"me-poezite-e-irena-dragoti","status":"publish","type":"post","link":"https:\/\/migjeni.se\/index.php\/2024\/06\/08\/me-poezite-e-irena-dragoti\/","title":{"rendered":"Me poezit\u00eb e Irena Dragoti"},"content":{"rendered":"<p>Irena Dragoti<\/p>\n<p><strong>De tog allt fr\u00e5n mig&#8230;<\/strong><\/p>\n<p>De tog allt fr\u00e5n mig&#8230;<br \/>\nmod,<br \/>\noch min st\u00f6rsta r\u00e4dsla<br \/>\nDe stal min tystnad<br \/>\nnu pratar jag bara&#8230;<br \/>\nf\u00f6r \u00e5terv\u00e4ndsgr\u00e4nder och d\u00e5liga \u00e5rstider<br \/>\nUtan s\u00f6mn ser jag dr\u00f6mmar<br \/>\noch tiden m\u00e4ter inte<br \/>\nDe tog allt fr\u00e5n mig&#8230;<br \/>\nfrihet, f\u00e4ngelse och v\u00e4gen igenom<br \/>\nJag \u00e4r en r\u00f6ra nu,<br \/>\nfr\u00e5n de stora<br \/>\nsom tjuvarna l\u00e4mnar efter sig<\/p>\n<p><strong>De d\u00f6da sover<\/strong><\/p>\n<p>De d\u00f6da sover<br \/>\nsista s\u00f6mnen<br \/>\nMed gravstenen knackar tiden p\u00e5<\/p>\n<p>De levande de pratar inte<br \/>\noch p\u00e5 kanten av dilemmat<br \/>\nGl\u00f6mskans neuron, gunga s\u00e4ngen<\/p>\n<p>Det kloka m\u00e5ttet<br \/>\nmed hudton<br \/>\nEn f\u00f6rlorad strid,<strong><em><br \/>\n<\/em><\/strong>Slutsatsen<\/p>\n<p>D\u00e5rarna slutar inte<br \/>\nmed tomhetens kraft<br \/>\nDe \u00f6vervinner mod,<br \/>\nutan att frukta \u00f6det<\/p>\n<p>M\u00e4nskligheten ser snett<br \/>\nDet \u00e4r rekylens \u00e5lder<br \/>\nDet tjugof\u00f6rsta \u00e5rhundradet, dj\u00e4vulens marsch<\/p>\n<p>Och v\u00e4rlden brinner<br \/>\nhan tappade sina ord<br \/>\nunder den v\u00e5ta gommen&#8230;<\/p>\n<p>V\u00e4rlden \u00e4r sjuk<br \/>\nhur n\u00e4ra hans \u00e5lder \u00e4r<br \/>\nl\u00e5t mig vila lite, jag \u00e4r blyg<\/p>\n<p>&nbsp;<\/p>\n<p>&nbsp;<\/p>\n<p>&nbsp;<\/p>\n<p>&nbsp;<\/p>\n<p>&nbsp;<\/p>\n<p>&nbsp;<\/p>\n","protected":false},"excerpt":{"rendered":"<p>Irena Dragoti De tog allt fr\u00e5n mig&#8230; De tog allt fr\u00e5n mig&#8230; mod, och min st\u00f6rsta r\u00e4dsla De stal min tystnad nu pratar jag bara&#8230; f\u00f6r \u00e5terv\u00e4ndsgr\u00e4nder och d\u00e5liga \u00e5rstider Utan s\u00f6mn ser jag dr\u00f6mmar och tiden m\u00e4ter inte De tog allt fr\u00e5n mig&#8230; frihet, f\u00e4ngelse och v\u00e4gen igenom Jag \u00e4r en r\u00f6ra nu, fr\u00e5n [&hellip;]<\/p>\n","protected":false},"author":3,"featured_media":0,"comment_status":"open","ping_status":"open","sticky":false,"template":"","format":"standard","meta":{"footnotes":""},"categories":[10],"tags":[],"class_list":["post-1790","post","type-post","status-publish","format-standard","hentry","category-poezi"],"_links":{"self":[{"href":"https:\/\/migjeni.se\/index.php\/wp-json\/wp\/v2\/posts\/1790","targetHints":{"allow":["GET"]}}],"collection":[{"href":"https:\/\/migjeni.se\/index.php\/wp-json\/wp\/v2\/posts"}],"about":[{"href":"https:\/\/migjeni.se\/index.php\/wp-json\/wp\/v2\/types\/post"}],"author":[{"embeddable":true,"href":"https:\/\/migjeni.se\/index.php\/wp-json\/wp\/v2\/users\/3"}],"replies":[{"embeddable":true,"href":"https:\/\/migjeni.se\/index.php\/wp-json\/wp\/v2\/comments?post=1790"}],"version-history":[{"count":0,"href":"https:\/\/migjeni.se\/index.php\/wp-json\/wp\/v2\/posts\/1790\/revisions"}],"wp:attachment":[{"href":"https:\/\/migjeni.se\/index.php\/wp-json\/wp\/v2\/media?parent=1790"}],"wp:term":[{"taxonomy":"category","embeddable":true,"href":"https:\/\/migjeni.se\/index.php\/wp-json\/wp\/v2\/categories?post=1790"},{"taxonomy":"post_tag","embeddable":true,"href":"https:\/\/migjeni.se\/index.php\/wp-json\/wp\/v2\/tags?post=1790"}],"curies":[{"name":"wp","href":"https:\/\/api.w.org\/{rel}","templated":true}]}}