{"id":1848,"date":"2024-07-03T19:03:06","date_gmt":"2024-07-03T19:03:06","guid":{"rendered":"https:\/\/migjeni.se\/?p=1848"},"modified":"2024-07-03T19:03:09","modified_gmt":"2024-07-03T19:03:09","slug":"mbrmeje-me-poeten-kumrie-avdyl-shala","status":"publish","type":"post","link":"https:\/\/migjeni.se\/index.php\/2024\/07\/03\/mbrmeje-me-poeten-kumrie-avdyl-shala\/","title":{"rendered":"Mbrmeje me poeten Kumrie Avdyl Shala"},"content":{"rendered":"<div class=\"xdj266r x11i5rnm xat24cr x1mh8g0r x1vvkbs x126k92a\">\n<div dir=\"auto\">Kumrie Avdyl Shala<\/div>\n<div dir=\"auto\">NGA ZOTI \u00c7FAR\u00cb PO K\u00cbRKOJ<\/div>\n<\/div>\n<div class=\"x11i5rnm xat24cr x1mh8g0r x1vvkbs xtlvy1s x126k92a\">\n<div dir=\"auto\">Pse nuk po mundem pa ty?<\/div>\n<div dir=\"auto\">\u00c7do dit\u00eb i lutem Zotit t\u00eb jesh\u00eb me mua.<\/div>\n<div dir=\"auto\">Dua t\u00eb t\u00eb harroj e, as k\u00ebt\u00eb se di<\/div>\n<div dir=\"auto\">E di se prap i lutem Zotit<\/div>\n<div dir=\"auto\">t&#8217;mos me ler\u00eb pa ty o jet\u00eb.<\/div>\n<\/div>\n<div class=\"x11i5rnm xat24cr x1mh8g0r x1vvkbs xtlvy1s x126k92a\">\n<div dir=\"auto\">Se kur vjen ora ime, dua z\u00ebrin ta ndegjoj,<\/div>\n<div dir=\"auto\">Dua buz\u00ebqeshjen ta shof<\/div>\n<div dir=\"auto\">Se, m\u00eb jep jet\u00eb nga jeta jote,<\/div>\n<div dir=\"auto\">M\u00eb jep dashuri nga shpirti yt flori<\/div>\n<div dir=\"auto\">Se Ti je jeta ime&#8230;<\/div>\n<\/div>\n<div class=\"x11i5rnm xat24cr x1mh8g0r x1vvkbs xtlvy1s x126k92a\">\n<div dir=\"auto\">Pse dua t\u00eb t\u00eb harroj \u00e7do dit\u00eb, se di?!<\/div>\n<div dir=\"auto\">Athua e di ti pse?!<\/div>\n<div dir=\"auto\">Nd\u00ebrkoh\u00eb lutem mos m\u00eb le,<\/div>\n<div dir=\"auto\">E se, e pse, e pse?<\/div>\n<\/div>\n<div class=\"x11i5rnm xat24cr x1mh8g0r x1vvkbs xtlvy1s x126k92a\">\n<div dir=\"auto\">Sa shum\u00eb tmerrohem kur ndarjen kujtoj!<\/div>\n<div dir=\"auto\">Flokun p\u00ebrdredh e buz\u00ebn kafshoj<\/div>\n<div dir=\"auto\">Derisa gjaku pikon pa nd\u0113rprer\u00eb,<\/div>\n<div dir=\"auto\">Pse dua kujtimet ti harroj<\/div>\n<div dir=\"auto\">n\u00b4\u00e7do dit\u00eb e n\u00b4\u00e7do vend,<\/div>\n<div dir=\"auto\">Pse e lus Zotin q\u00eb t\u00eb jesh pran\u00eb meje<\/div>\n<div dir=\"auto\">Q\u00eb ta ndjej aromen e trupit t\u00ebnd?!<\/div>\n<\/div>\n<div class=\"x11i5rnm xat24cr x1mh8g0r x1vvkbs xtlvy1s x126k92a\">\n<div dir=\"auto\">Pse dua kok\u00ebn t\u00eb ta v\u00eb mbi krahror<\/div>\n<div dir=\"auto\">E tiktakun e zemr\u00ebs ta ndegjoj?<\/div>\n<div dir=\"auto\">Se vet\u00ebm aty shpirt qet\u00ebsin\u00eb ndjen.<\/div>\n<div dir=\"auto\">Pse kaq shum\u00eb t\u00eb ndjej, o e imja jet\u00eb<\/div>\n<div dir=\"auto\">Kur je pran\u00eb meje, zemra rrah m\u00eb qet\u00eb,<\/div>\n<div dir=\"auto\">Sikur se foshnja kur flen ne djep.<\/div>\n<\/div>\n<div class=\"x11i5rnm xat24cr x1mh8g0r x1vvkbs xtlvy1s x126k92a\">\n<div dir=\"auto\">T\u00eb lut\u00ebm m\u00eb thuaj pse?<\/div>\n<div dir=\"auto\">Pse, me lidhe kaq fort\u00eb pran\u00eb vetes,<\/div>\n<div dir=\"auto\">Apo ata sy m\u00eb magj\u00ebpsen,<\/div>\n<div dir=\"auto\">Duke me dhen\u00eb dashni t\u00eb paster si vesa m\u00ebngjesit&#8230;<\/div>\n<div dir=\"auto\">Pse po k\u00ebrkoj t\u00eb t\u00eb kem pran\u00eb?!<\/div>\n<div dir=\"auto\">E pse po dua t\u00eb harroj \u00e7do dit\u00eb, jeta ime bre?!&#8230;<\/div>\n<\/div>\n","protected":false},"excerpt":{"rendered":"<p>Kumrie Avdyl Shala NGA ZOTI \u00c7FAR\u00cb PO K\u00cbRKOJ Pse nuk po mundem pa ty? \u00c7do dit\u00eb i lutem Zotit t\u00eb jesh\u00eb me mua. Dua t\u00eb t\u00eb harroj e, as k\u00ebt\u00eb se di E di se prap i lutem Zotit t&#8217;mos me ler\u00eb pa ty o jet\u00eb. Se kur vjen ora ime, dua z\u00ebrin ta ndegjoj, [&hellip;]<\/p>\n","protected":false},"author":3,"featured_media":0,"comment_status":"open","ping_status":"open","sticky":false,"template":"","format":"standard","meta":{"footnotes":""},"categories":[10],"tags":[],"class_list":["post-1848","post","type-post","status-publish","format-standard","hentry","category-poezi"],"_links":{"self":[{"href":"https:\/\/migjeni.se\/index.php\/wp-json\/wp\/v2\/posts\/1848","targetHints":{"allow":["GET"]}}],"collection":[{"href":"https:\/\/migjeni.se\/index.php\/wp-json\/wp\/v2\/posts"}],"about":[{"href":"https:\/\/migjeni.se\/index.php\/wp-json\/wp\/v2\/types\/post"}],"author":[{"embeddable":true,"href":"https:\/\/migjeni.se\/index.php\/wp-json\/wp\/v2\/users\/3"}],"replies":[{"embeddable":true,"href":"https:\/\/migjeni.se\/index.php\/wp-json\/wp\/v2\/comments?post=1848"}],"version-history":[{"count":0,"href":"https:\/\/migjeni.se\/index.php\/wp-json\/wp\/v2\/posts\/1848\/revisions"}],"wp:attachment":[{"href":"https:\/\/migjeni.se\/index.php\/wp-json\/wp\/v2\/media?parent=1848"}],"wp:term":[{"taxonomy":"category","embeddable":true,"href":"https:\/\/migjeni.se\/index.php\/wp-json\/wp\/v2\/categories?post=1848"},{"taxonomy":"post_tag","embeddable":true,"href":"https:\/\/migjeni.se\/index.php\/wp-json\/wp\/v2\/tags?post=1848"}],"curies":[{"name":"wp","href":"https:\/\/api.w.org\/{rel}","templated":true}]}}