{"id":1871,"date":"2024-07-13T22:30:33","date_gmt":"2024-07-13T22:30:33","guid":{"rendered":"https:\/\/migjeni.se\/?p=1871"},"modified":"2024-07-13T22:31:26","modified_gmt":"2024-07-13T22:31:26","slug":"me-pozite-e-elvira-zeneli","status":"publish","type":"post","link":"https:\/\/migjeni.se\/index.php\/2024\/07\/13\/me-pozite-e-elvira-zeneli\/","title":{"rendered":"Me pozit\u00eb e Elvira Zeneli"},"content":{"rendered":"<div class=\"xdj266r x11i5rnm xat24cr x1mh8g0r x1vvkbs x126k92a\">\n<div dir=\"auto\">Elvira Zeneli<\/div>\n<\/div>\n<div class=\"x11i5rnm xat24cr x1mh8g0r x1vvkbs xtlvy1s x126k92a\">\n<div dir=\"auto\">RIKTHIM<\/div>\n<\/div>\n<div class=\"x11i5rnm xat24cr x1mh8g0r x1vvkbs xtlvy1s x126k92a\">\n<div dir=\"auto\">U b\u00eb kaq koh\u00eb q\u00eb \u00e7mendurisht<\/div>\n<div dir=\"auto\">Ne duhemi vet\u00ebm n\u00eb shtratin e Fjal\u00ebs,<\/div>\n<div dir=\"auto\">Duke ujitur pem\u00ebn e Dashuris\u00eb s\u00eb frikshme!<\/div>\n<\/div>\n<div class=\"x11i5rnm xat24cr x1mh8g0r x1vvkbs xtlvy1s x126k92a\">\n<div dir=\"auto\">Pik\u00ebpyetjet e pik\u00eb\u00e7uditjet<\/div>\n<div dir=\"auto\">Ngrihen si shk\u00ebmbinj n\u00eb mure k\u00ebshtjellash<\/div>\n<div dir=\"auto\">Ku portat i hapim vet\u00ebm ne t\u00eb dy!<\/div>\n<\/div>\n<div class=\"x11i5rnm xat24cr x1mh8g0r x1vvkbs xtlvy1s x126k92a\">\n<div dir=\"auto\">S&#8217;kan\u00eb fund &#8220;trim\u00ebrit\u00eb&#8221; tona<\/div>\n<div dir=\"auto\">N\u00eb betejat virtuale<\/div>\n<div dir=\"auto\">Kur ndeshemi vet\u00ebm me njeri-tjetrin<\/div>\n<div dir=\"auto\">E ka ve\u00e7 t\u00eb plagosur<\/div>\n<div dir=\"auto\">Q\u00eb rilindin s\u00ebrish,<\/div>\n<div dir=\"auto\">T\u00eb etur p\u00ebr plagosjen e radh\u00ebs!<\/div>\n<\/div>\n<div class=\"x11i5rnm xat24cr x1mh8g0r x1vvkbs xtlvy1s x126k92a\">\n<div dir=\"auto\">&#8230; Ja q\u00eb q\u00eblluam t\u00eb jemi njer\u00ebz<\/div>\n<div dir=\"auto\">E n\u00eb duar na th\u00ebrmohet Dashuria,<\/div>\n<div dir=\"auto\">Po dije<\/div>\n<div dir=\"auto\">Se n\u00eb nj\u00eb gj\u00eb jemi krejt ndryshe:<\/div>\n<div dir=\"auto\">Une qaj si fem\u00ebr p\u00ebr Ty<\/div>\n<div dir=\"auto\">E ti qan si burr\u00eb p\u00ebr Mua!<\/div>\n<\/div>\n<div class=\"x11i5rnm xat24cr x1mh8g0r x1vvkbs xtlvy1s x126k92a\">\n<div dir=\"auto\">Humbjet e shpirtit<\/div>\n<div dir=\"auto\">\u00c7do dit\u00eb paskan lindje-per\u00ebndim!<\/div>\n<\/div>\n<div class=\"x11i5rnm xat24cr x1mh8g0r x1vvkbs xtlvy1s x126k92a\">\n<div dir=\"auto\">N\u00eb mes tyre<\/div>\n<div dir=\"auto\">Na mban gjall\u00eb<\/div>\n<div dir=\"auto\">Nj\u00eb Rikthim!<\/div>\n<\/div>\n","protected":false},"excerpt":{"rendered":"<p>Elvira Zeneli RIKTHIM U b\u00eb kaq koh\u00eb q\u00eb \u00e7mendurisht Ne duhemi vet\u00ebm n\u00eb shtratin e Fjal\u00ebs, Duke ujitur pem\u00ebn e Dashuris\u00eb s\u00eb frikshme! Pik\u00ebpyetjet e pik\u00eb\u00e7uditjet Ngrihen si shk\u00ebmbinj n\u00eb mure k\u00ebshtjellash Ku portat i hapim vet\u00ebm ne t\u00eb dy! S&#8217;kan\u00eb fund &#8220;trim\u00ebrit\u00eb&#8221; tona N\u00eb betejat virtuale Kur ndeshemi vet\u00ebm me njeri-tjetrin E ka ve\u00e7 [&hellip;]<\/p>\n","protected":false},"author":3,"featured_media":0,"comment_status":"open","ping_status":"open","sticky":false,"template":"","format":"standard","meta":{"footnotes":""},"categories":[10],"tags":[],"class_list":["post-1871","post","type-post","status-publish","format-standard","hentry","category-poezi"],"_links":{"self":[{"href":"https:\/\/migjeni.se\/index.php\/wp-json\/wp\/v2\/posts\/1871","targetHints":{"allow":["GET"]}}],"collection":[{"href":"https:\/\/migjeni.se\/index.php\/wp-json\/wp\/v2\/posts"}],"about":[{"href":"https:\/\/migjeni.se\/index.php\/wp-json\/wp\/v2\/types\/post"}],"author":[{"embeddable":true,"href":"https:\/\/migjeni.se\/index.php\/wp-json\/wp\/v2\/users\/3"}],"replies":[{"embeddable":true,"href":"https:\/\/migjeni.se\/index.php\/wp-json\/wp\/v2\/comments?post=1871"}],"version-history":[{"count":0,"href":"https:\/\/migjeni.se\/index.php\/wp-json\/wp\/v2\/posts\/1871\/revisions"}],"wp:attachment":[{"href":"https:\/\/migjeni.se\/index.php\/wp-json\/wp\/v2\/media?parent=1871"}],"wp:term":[{"taxonomy":"category","embeddable":true,"href":"https:\/\/migjeni.se\/index.php\/wp-json\/wp\/v2\/categories?post=1871"},{"taxonomy":"post_tag","embeddable":true,"href":"https:\/\/migjeni.se\/index.php\/wp-json\/wp\/v2\/tags?post=1871"}],"curies":[{"name":"wp","href":"https:\/\/api.w.org\/{rel}","templated":true}]}}