{"id":1879,"date":"2024-07-18T23:31:58","date_gmt":"2024-07-18T23:31:58","guid":{"rendered":"https:\/\/migjeni.se\/?p=1879"},"modified":"2024-07-18T23:32:00","modified_gmt":"2024-07-18T23:32:00","slug":"mbremje-poetike-me-poeten-laureta-malaj","status":"publish","type":"post","link":"https:\/\/migjeni.se\/index.php\/2024\/07\/18\/mbremje-poetike-me-poeten-laureta-malaj\/","title":{"rendered":"Mbremje poetike me poeten LAURETA MALAJ\u00a0"},"content":{"rendered":"<div class=\"xdj266r x11i5rnm xat24cr x1mh8g0r x1vvkbs x126k92a\">\n<div dir=\"auto\">LAURETA MALAJ<\/div>\n<div dir=\"auto\">Lamtumir\u00eb vitet e mia<\/div>\n<div dir=\"auto\"><\/div>\n<\/div>\n<div class=\"x11i5rnm xat24cr x1mh8g0r x1vvkbs xtlvy1s x126k92a\">\n<div dir=\"auto\">Lamtumir\u00eb vitet e mia,<\/div>\n<div dir=\"auto\">q\u00eb po ikni, dal\u00ebngadal\u00eb !<\/div>\n<div dir=\"auto\">\u00c7do vit n\u00eb dit\u00eblindjen time ,<\/div>\n<div dir=\"auto\">un\u00eb filloj dhe zbres nj\u00eb shkall\u00eb !<\/div>\n<\/div>\n<div class=\"x11i5rnm xat24cr x1mh8g0r x1vvkbs xtlvy1s x126k92a\">\n<div dir=\"auto\">Lamtumir\u00eb vitet e mia,<\/div>\n<div dir=\"auto\">q\u00eb s&#8217;munda t&#8217;ju mbaja dot !<\/div>\n<div dir=\"auto\">Tani m\u00eb sjell nostalgji,<\/div>\n<div dir=\"auto\">dhe nga syt\u00eb,rr\u00ebshqasin lot!<\/div>\n<\/div>\n<div class=\"x11i5rnm xat24cr x1mh8g0r x1vvkbs xtlvy1s x126k92a\">\n<div dir=\"auto\">Lamtumir\u00eb vitet e mia ,<\/div>\n<div dir=\"auto\">q\u00eb ishit me mua pran\u00eb .<\/div>\n<div dir=\"auto\">\u00c7do t\u00eb mir\u00eb edhe t\u00eb keqe ,<\/div>\n<div dir=\"auto\">t\u00eb dyja, ne bashk\u00eb i ndam.<\/div>\n<\/div>\n<div class=\"x11i5rnm xat24cr x1mh8g0r x1vvkbs xtlvy1s x126k92a\">\n<div dir=\"auto\">Lamtumir\u00eb vitet e mia!<\/div>\n<div dir=\"auto\">S&#8217;ma b\u00ebn zemra q\u00eb ta them !<\/div>\n<div dir=\"auto\">Sepse jeta \u00ebsht\u00eb e shkurt\u00ebr,<\/div>\n<div dir=\"auto\">dhe e nes\u00ebrmja ,t\u00eb g\u00ebnjen!<\/div>\n<div dir=\"auto\"><\/div>\n<\/div>\n","protected":false},"excerpt":{"rendered":"<p>LAURETA MALAJ Lamtumir\u00eb vitet e mia Lamtumir\u00eb vitet e mia, q\u00eb po ikni, dal\u00ebngadal\u00eb ! \u00c7do vit n\u00eb dit\u00eblindjen time , un\u00eb filloj dhe zbres nj\u00eb shkall\u00eb ! Lamtumir\u00eb vitet e mia, q\u00eb s&#8217;munda t&#8217;ju mbaja dot ! Tani m\u00eb sjell nostalgji, dhe nga syt\u00eb,rr\u00ebshqasin lot! Lamtumir\u00eb vitet e mia , q\u00eb ishit me mua [&hellip;]<\/p>\n","protected":false},"author":3,"featured_media":0,"comment_status":"open","ping_status":"open","sticky":false,"template":"","format":"standard","meta":{"footnotes":""},"categories":[10],"tags":[],"class_list":["post-1879","post","type-post","status-publish","format-standard","hentry","category-poezi"],"_links":{"self":[{"href":"https:\/\/migjeni.se\/index.php\/wp-json\/wp\/v2\/posts\/1879","targetHints":{"allow":["GET"]}}],"collection":[{"href":"https:\/\/migjeni.se\/index.php\/wp-json\/wp\/v2\/posts"}],"about":[{"href":"https:\/\/migjeni.se\/index.php\/wp-json\/wp\/v2\/types\/post"}],"author":[{"embeddable":true,"href":"https:\/\/migjeni.se\/index.php\/wp-json\/wp\/v2\/users\/3"}],"replies":[{"embeddable":true,"href":"https:\/\/migjeni.se\/index.php\/wp-json\/wp\/v2\/comments?post=1879"}],"version-history":[{"count":0,"href":"https:\/\/migjeni.se\/index.php\/wp-json\/wp\/v2\/posts\/1879\/revisions"}],"wp:attachment":[{"href":"https:\/\/migjeni.se\/index.php\/wp-json\/wp\/v2\/media?parent=1879"}],"wp:term":[{"taxonomy":"category","embeddable":true,"href":"https:\/\/migjeni.se\/index.php\/wp-json\/wp\/v2\/categories?post=1879"},{"taxonomy":"post_tag","embeddable":true,"href":"https:\/\/migjeni.se\/index.php\/wp-json\/wp\/v2\/tags?post=1879"}],"curies":[{"name":"wp","href":"https:\/\/api.w.org\/{rel}","templated":true}]}}