{"id":1896,"date":"2024-07-23T16:10:51","date_gmt":"2024-07-23T16:10:51","guid":{"rendered":"https:\/\/migjeni.se\/?p=1896"},"modified":"2024-07-23T16:11:09","modified_gmt":"2024-07-23T16:11:09","slug":"me-poeizte-e-ymrije-beqiri","status":"publish","type":"post","link":"https:\/\/migjeni.se\/index.php\/2024\/07\/23\/me-poeizte-e-ymrije-beqiri\/","title":{"rendered":"Me poezit\u00eb e Ymrije Beqiri"},"content":{"rendered":"<p>Ymrije Beqiri<\/p>\n<p><strong>JAG BAD INTE<\/strong><\/p>\n<p>Jag bad inte om diamantringar<br \/>\nInte ens mina favorit rosor<br \/>\nJag sa ett glas vin f\u00f6r att sk\u00e5la<br \/>\nI v\u00e5r omoderna koja<br \/>\nJag bad inte om att f\u00e5 bes\u00f6ka Eiffeltornet<br \/>\nJag har aldrig varit i Paris<br \/>\nJag har inte ens luktat franska parfymer<br \/>\nAtt jag \u00e4lskar din doft<br \/>\nI v\u00e5r broderade s\u00e4ng<br \/>\nFr\u00e5n min torra hand<br \/>\nInte med kronblad, t\u00e4ckta blommor<br \/>\nJag \u00e4r inte en av dem, och jag vill inte vara det<br \/>\nInte ens med romantik att l\u00e4ra sig<br \/>\nJag ville ha en lugn \u00e5lderdom<br \/>\nL\u00e5t oss inte b\u00e5da d\u00f6 ensamma<\/p>\n<p><strong>JAG V\u00c4NTADE P\u00c5 DIG MED KAFFE IDAG<\/strong><\/p>\n<p>Jag rostade kaffet idag ocks\u00e5<br \/>\nUnder det f\u00f6rsta solljuset<br \/>\nMen jag fyllde b\u00e4garen med t\u00e5rar<br \/>\nAtt \u00f6gat inte har sett dig \u00e4n<br \/>\nJag l\u00e4mnade kopparna p\u00e5 bordet<br \/>\nOch jag l\u00e4mnade det kalla kaffet<br \/>\nJag v\u00e4ntade med hopp, det kanske kommer<br \/>\nMitt i tortyren f\u00f6ll jag<br \/>\nJag kommer aldrig mer rosta kaffet<br \/>\nMin sybukura kom n\u00e4ra mig<br \/>\nJag smakar det inte, det \u00e4r inte ens gott&#8230;<br \/>\nJag gr\u00e5ter av l\u00e4ngtan, drunknade i minnen.<\/p>\n<p>&nbsp;<\/p>\n","protected":false},"excerpt":{"rendered":"<p>Ymrije Beqiri JAG BAD INTE Jag bad inte om diamantringar Inte ens mina favorit rosor Jag sa ett glas vin f\u00f6r att sk\u00e5la I v\u00e5r omoderna koja Jag bad inte om att f\u00e5 bes\u00f6ka Eiffeltornet Jag har aldrig varit i Paris Jag har inte ens luktat franska parfymer Att jag \u00e4lskar din doft I v\u00e5r [&hellip;]<\/p>\n","protected":false},"author":3,"featured_media":0,"comment_status":"open","ping_status":"open","sticky":false,"template":"","format":"standard","meta":{"footnotes":""},"categories":[1],"tags":[],"class_list":["post-1896","post","type-post","status-publish","format-standard","hentry","category-uncategorized"],"_links":{"self":[{"href":"https:\/\/migjeni.se\/index.php\/wp-json\/wp\/v2\/posts\/1896","targetHints":{"allow":["GET"]}}],"collection":[{"href":"https:\/\/migjeni.se\/index.php\/wp-json\/wp\/v2\/posts"}],"about":[{"href":"https:\/\/migjeni.se\/index.php\/wp-json\/wp\/v2\/types\/post"}],"author":[{"embeddable":true,"href":"https:\/\/migjeni.se\/index.php\/wp-json\/wp\/v2\/users\/3"}],"replies":[{"embeddable":true,"href":"https:\/\/migjeni.se\/index.php\/wp-json\/wp\/v2\/comments?post=1896"}],"version-history":[{"count":0,"href":"https:\/\/migjeni.se\/index.php\/wp-json\/wp\/v2\/posts\/1896\/revisions"}],"wp:attachment":[{"href":"https:\/\/migjeni.se\/index.php\/wp-json\/wp\/v2\/media?parent=1896"}],"wp:term":[{"taxonomy":"category","embeddable":true,"href":"https:\/\/migjeni.se\/index.php\/wp-json\/wp\/v2\/categories?post=1896"},{"taxonomy":"post_tag","embeddable":true,"href":"https:\/\/migjeni.se\/index.php\/wp-json\/wp\/v2\/tags?post=1896"}],"curies":[{"name":"wp","href":"https:\/\/api.w.org\/{rel}","templated":true}]}}