{"id":1916,"date":"2024-08-07T11:29:04","date_gmt":"2024-08-07T11:29:04","guid":{"rendered":"https:\/\/migjeni.se\/?p=1916"},"modified":"2024-08-07T11:29:06","modified_gmt":"2024-08-07T11:29:06","slug":"gezim-voda-sot-75-vjetori-i-vrasjes-se-bardhok-bibes","status":"publish","type":"post","link":"https:\/\/migjeni.se\/index.php\/2024\/08\/07\/gezim-voda-sot-75-vjetori-i-vrasjes-se-bardhok-bibes\/","title":{"rendered":"Gezim Voda: SOT, 75 VJETORI I VRASJES SE BARDHOK BIBES"},"content":{"rendered":"<div class=\"html-div xdj266r x11i5rnm xat24cr x1mh8g0r xexx8yu x4uap5 x18d9i69 xkhd6sd\">\n<div class=\"html-div xdj266r x11i5rnm x1mh8g0r x18d9i69 x1cy8zhl x78zum5 x1q0g3np xod5an3 x1pi30zi x1swvt13 xz9dl7a\">\n<div class=\"html-div xdj266r x11i5rnm xat24cr x1mh8g0r xexx8yu x4uap5 x18d9i69 xkhd6sd x1iyjqo2\">\n<div class=\"x78zum5 xdt5ytf xz62fqu x16ldp7u\">\n<div class=\"xu06os2 x1ok221b\">\n<h2 id=\":r4b8:\" class=\"html-h2 x11i5rnm xat24cr x1mh8g0r xexx8yu x4uap5 x18d9i69 xkhd6sd x1vvkbs x1heor9g x1qlqyl8 x1pd3egz x1a2a7pz x1gslohp x1yc453h\"><span style=\"font-size: 16px;\">Gezim Voda<\/span><\/h2>\n<\/div>\n<\/div>\n<\/div>\n<\/div>\n<\/div>\n<div class=\"html-div xdj266r x11i5rnm xat24cr x1mh8g0r xexx8yu x4uap5 x18d9i69 xkhd6sd\">\n<div class=\"html-div xdj266r x11i5rnm xat24cr x1mh8g0r xexx8yu x4uap5 x18d9i69 xkhd6sd\" dir=\"auto\">\n<div id=\":r4ba:\" class=\"x1iorvi4 x1pi30zi x1l90r2v x1swvt13\" data-ad-comet-preview=\"message\" data-ad-preview=\"message\">\n<div class=\"x78zum5 xdt5ytf xz62fqu x16ldp7u\">\n<div class=\"xu06os2 x1ok221b\">\n<div class=\"xdj266r x11i5rnm xat24cr x1mh8g0r x1vvkbs x126k92a\">\n<div dir=\"auto\">SOT, 75 VJETORI I VRASJES SE BARDHOK BIBES<\/div>\n<div dir=\"auto\"><\/div>\n<\/div>\n<div class=\"x11i5rnm xat24cr x1mh8g0r x1vvkbs xtlvy1s x126k92a\">\n<div dir=\"auto\">Ish deputeti i Mirdit\u00ebs dhe Sekretari i Par\u00eb i Paris\u00eb t\u00eb atij rrethi, u vra pik\u00ebrisht si sot m\u00eb 7 gusht 1949, pabesisht, kur ai ishte vet\u00eb 29 vje\u00e7\u00eb. Jan\u00eb shkruar nd\u00ebr vite p\u00ebr t\u00eb libra e jan\u00eb k\u00ebnduar k\u00ebng\u00eb q\u00eb edhe sot t\u00eb rr\u00ebnqethin. Nj\u00eb nga fotot e m\u00eb poshtme jan\u00eb disa rreshta t\u00eb shk\u00ebputur nga libri i Mark Mesulit per kete &#8220;Hero t\u00eb Popullit&#8221; i botuar n\u00eb vitin 2019, faqia 39, ku tregohen rrethanat se si e vran\u00eb at\u00eb, thjesht pse ishte me at\u00eb funksion partie, pa i b\u00ebr\u00eb keq askujt, ve\u00e7 idealizmit p\u00ebr progres e p\u00ebrparim.<\/div>\n<div dir=\"auto\">N\u00eb vijim \u00ebsht\u00eb dhe nj\u00eb poem\u00eb elegjike e imja p\u00ebr t\u00eb.<\/div>\n<\/div>\n<div class=\"x11i5rnm xat24cr x1mh8g0r x1vvkbs xtlvy1s x126k92a\">\n<div dir=\"auto\">Nga G\u00ebzim Voda<\/div>\n<div dir=\"auto\">ERDHA T\u00cb \u00c7MALLEM, ME BRENGA PO KTHEHEM\u2026<\/div>\n<div dir=\"auto\">-Meditim \u201cringjallje\u201d e \u2018Heroit t\u00eb Popullit\u201d<\/div>\n<div dir=\"auto\">Poem\u00eb elegjike p\u00ebr BARDHOK BIBA<\/div>\n<\/div>\n<div class=\"x11i5rnm xat24cr x1mh8g0r x1vvkbs xtlvy1s x126k92a\">\n<div dir=\"auto\">Mir\u00ebse u kam gjetur t\u00eb dashurit e mij,<\/div>\n<div dir=\"auto\">Ju miq e shok\u00eb, q\u00eb fort m\u00eb ka mar\u00eb malli<\/div>\n<div dir=\"auto\">Jam un\u00eb Bardhoku, q\u00eb tash mes jush po vij,<\/div>\n<div dir=\"auto\">I ikur prej dekadash, i sapo ngritur prej varri<\/div>\n<\/div>\n<div class=\"x11i5rnm xat24cr x1mh8g0r x1vvkbs xtlvy1s x126k92a\">\n<div dir=\"auto\">Po mbrij nga ajo bot\u00eb, i plakur, i rreshkur, i thinjur,<\/div>\n<div dir=\"auto\">I plog\u00ebshtuar nga dheu q\u00eb m\u00eb mban nd\u00ebn vete.<\/div>\n<div dir=\"auto\">Kam ardhur t\u00eb \u00e7mallem e t\u2019u shoh n\u00eb jeni ligur,<\/div>\n<div dir=\"auto\">Po vij t\u00eb \u201cshprazem\u201d, t\u2019u shpreh dhe disa derte\u2026<\/div>\n<\/div>\n<div class=\"x11i5rnm xat24cr x1mh8g0r x1vvkbs xtlvy1s x126k92a\">\n<div dir=\"auto\">U ndava prej jush kur isha fare i ri,<\/div>\n<div dir=\"auto\">T\u00eb tridhjetat ende nuk i kisha mbushur.<\/div>\n<div dir=\"auto\">M\u00eb q\u00eblluan me plumb krejt n\u00eb pabesi,<\/div>\n<div dir=\"auto\">Vrastar\u00eb, q\u00eb n\u00eb Kuvende Burrash dot s\u2019m\u00eb kishin mundur<\/div>\n<\/div>\n<div class=\"x11i5rnm xat24cr x1mh8g0r x1vvkbs xtlvy1s x126k92a\">\n<div dir=\"auto\">Lash pas, gjysm\u00ebn time, bashk\u00ebshorten Mrik\u00eb,<\/div>\n<div dir=\"auto\">Dhe vajz\u00ebn e vetme, t\u00eb vogl\u00ebn Marie.<\/div>\n<div dir=\"auto\">Shum\u00eb u kam munguar, por di q\u00eb s\u2019m\u00eb kan\u00eb korit\u00eb,<\/div>\n<div dir=\"auto\">Kan\u00eb q\u00ebndruar burr\u00ebnesha, ashtu si\u00e7 u kish hije.<\/div>\n<\/div>\n<div class=\"x11i5rnm xat24cr x1mh8g0r x1vvkbs xtlvy1s x126k92a\">\n<div dir=\"auto\">U largova nga ju, me \u00ebnd\u00ebrra t\u00eb prera n\u00eb mes,<\/div>\n<div dir=\"auto\">Me idealin e madh p\u00ebr dije dhe p\u00ebrparim.<\/div>\n<div dir=\"auto\">Q\u00eb Mirdit\u00ebn ton\u00eb ta shihja duke qesh,<\/div>\n<div dir=\"auto\">Dhe mirditor\u00ebt e mij, t\u00eb mos kishin m\u00eb mjerim<\/div>\n<\/div>\n<div class=\"x11i5rnm xat24cr x1mh8g0r x1vvkbs xtlvy1s x126k92a\">\n<div dir=\"auto\">M\u00eb ziente n\u00eb shpirt respekti p\u00ebr njer\u00ebzit,<\/div>\n<div dir=\"auto\">T\u2019i shihja e t\u2019u flisja p\u00ebrher\u00eb sy m\u00eb sy.<\/div>\n<div dir=\"auto\">Bindjet e mija, s\u2019ia imponoja kurr\u00eb tjetrit,<\/div>\n<div dir=\"auto\">Ve\u00e7 u thosha: \u201cMirdita b\u00ebhet, me mua e me ty\u2026\u201d<\/div>\n<\/div>\n<div class=\"x11i5rnm xat24cr x1mh8g0r x1vvkbs xtlvy1s x126k92a\">\n<div dir=\"auto\">At\u00eb koh\u00eb vum\u00eb \u201dgurin e par\u00eb\u201d p\u00ebr Rr\u00ebshenin.<\/div>\n<div dir=\"auto\">Prilli i dyzeten\u00ebnt\u00ebs ishte, at\u00eb vit.<\/div>\n<div dir=\"auto\">P\u00ebr nj\u00eb qytet t\u00eb ri po hidhnim themelin,<\/div>\n<div dir=\"auto\">Q\u00eb brezat ta g\u00ebzonin e ta hijeshonin \u00e7do dit\u00eb.<\/div>\n<\/div>\n<div class=\"x11i5rnm xat24cr x1mh8g0r x1vvkbs xtlvy1s x126k92a\">\n<div dir=\"auto\">U largova me bindjen q\u00eb kisha n\u00eb vetevete,<\/div>\n<div dir=\"auto\">Se Shqip\u00ebria do t\u00eb b\u00ebhej nd\u00ebr m\u00eb t\u00eb mirat n\u00eb bot\u00eb.<\/div>\n<div dir=\"auto\">Mjaft q\u00eb njer\u00ebzit t\u00eb punonin p\u00ebr vete,<\/div>\n<div dir=\"auto\">Dhe s\u2019do kish me tek ta varf\u00ebrim dhe lot\u00eb.<\/div>\n<\/div>\n<div class=\"x11i5rnm xat24cr x1mh8g0r x1vvkbs xtlvy1s x126k92a\">\n<div dir=\"auto\">Nuk do kish m\u00eb mes tyre ndarje klasore,<\/div>\n<div dir=\"auto\">Mll\u00ebfe, m\u00ebri e p\u00ebrbuzje: -\u00e7\u2019je ti e \u00e7\u2019jam un\u00eb\u2026!?<\/div>\n<div dir=\"auto\">S\u2019do kish m\u00eb hak\u00ebmarrje e gjaqe kanunore,<\/div>\n<div dir=\"auto\">Por ndri\u00e7im t\u00eb m\u00ebndjes, paqe dhe pun\u00eb\u2026<\/div>\n<\/div>\n<div class=\"x11i5rnm xat24cr x1mh8g0r x1vvkbs xtlvy1s x126k92a\">\n<div dir=\"auto\">Gjer thell\u00eb nd\u00ebn dh\u00e8, kam ndjer\u00eb ca gjykime,<\/div>\n<div dir=\"auto\">Q\u00eb sakrificat tona i shohin me p\u00ebr\u00e7mim.<\/div>\n<div dir=\"auto\">Kujtojn\u00eb se \u00e7\u2019lam\u00eb pas, \u00ebsht\u00eb b\u00ebr\u00eb pa mundime,<\/div>\n<div dir=\"auto\">Kujtojn\u00eb se ve\u00e7 kjo e sotmja q\u00ebnka \u201cme shk\u00eblqim\u2026\u201d!<\/div>\n<\/div>\n<div class=\"x11i5rnm xat24cr x1mh8g0r x1vvkbs xtlvy1s x126k92a\">\n<div dir=\"auto\">Po b\u00ebhen shtat\u00ebdhjet vjet i larguar prej t\u00eb gjall\u00ebve.<\/div>\n<div dir=\"auto\">Shtat\u00ebdhjet vite, nuk jan\u00eb dhe aq pak.<\/div>\n<div dir=\"auto\">Por shoh q\u00eb ende nuk u \u00ebsht\u00eb dh\u00ebn\u00eb fund halleve,<\/div>\n<div dir=\"auto\">Ende varf\u00ebrin\u00eb e dalloj rretheqark<\/div>\n<\/div>\n<div class=\"x11i5rnm xat24cr x1mh8g0r x1vvkbs xtlvy1s x126k92a\">\n<div dir=\"auto\">Erdha t\u00eb \u00e7mallem, me brenga po kthehem.<\/div>\n<div dir=\"auto\">E ndjej q\u00eb dheu do m\u00eb r\u00ebndoj\u00eb m\u00eb shum\u00eb.<\/div>\n<div dir=\"auto\">T\u00eb ikurve n\u00eb at\u00eb bot\u00eb kam vendosur t\u2019u rr\u00ebfehem:<\/div>\n<div dir=\"auto\">-D\u00ebm m\u00eb paska shkuar lufta dhe net\u00ebt pa gjum\u00eb\u2026<\/div>\n<\/div>\n<div class=\"x11i5rnm xat24cr x1mh8g0r x1vvkbs xtlvy1s x126k92a\">\n<div dir=\"auto\">Idealet e mija paskan marrr\u00eb t\u00eb tat\u00ebpjet\u00ebn,<\/div>\n<div dir=\"auto\">Komunist\u00eb si\u00e7 kam d\u00ebshiruar, nuk pash\u00eb askund.<\/div>\n<div dir=\"auto\">Dallova nd\u00ebr ta, q\u00eb vrapojn\u00eb p\u00ebr kulet\u00ebn,<\/div>\n<div dir=\"auto\">T\u00eb tjet\u00ebrsuar si q\u00ebnie, me moral t\u00eb mar\u00eb fund.<\/div>\n<\/div>\n<div class=\"x11i5rnm xat24cr x1mh8g0r x1vvkbs xtlvy1s x126k92a\">\n<div dir=\"auto\">M\u00eb b\u00ebhet t\u00eb mos i vete m\u00eb atij varri,<\/div>\n<div dir=\"auto\">Por t\u00eb kem dy jet\u00eb dhe vdekjen ta braktis.<\/div>\n<div dir=\"auto\">Me njr\u00ebzit t\u00eb bashkohem e t\u2019ia filloj si aty pari,<\/div>\n<div dir=\"auto\">T\u2019u them: \u201c kam riardhur, e me ju pun\u00ebve t\u2019ua nis\u2026\u201d!.<\/div>\n<\/div>\n<\/div>\n<\/div>\n<\/div>\n<\/div>\n<\/div>\n","protected":false},"excerpt":{"rendered":"<p>Gezim Voda SOT, 75 VJETORI I VRASJES SE BARDHOK BIBES Ish deputeti i Mirdit\u00ebs dhe Sekretari i Par\u00eb i Paris\u00eb t\u00eb atij rrethi, u vra pik\u00ebrisht si sot m\u00eb 7 gusht 1949, pabesisht, kur ai ishte vet\u00eb 29 vje\u00e7\u00eb. Jan\u00eb shkruar nd\u00ebr vite p\u00ebr t\u00eb libra e jan\u00eb k\u00ebnduar k\u00ebng\u00eb q\u00eb edhe sot t\u00eb rr\u00ebnqethin. [&hellip;]<\/p>\n","protected":false},"author":3,"featured_media":0,"comment_status":"open","ping_status":"open","sticky":false,"template":"","format":"standard","meta":{"footnotes":""},"categories":[1],"tags":[],"class_list":["post-1916","post","type-post","status-publish","format-standard","hentry","category-uncategorized"],"_links":{"self":[{"href":"https:\/\/migjeni.se\/index.php\/wp-json\/wp\/v2\/posts\/1916","targetHints":{"allow":["GET"]}}],"collection":[{"href":"https:\/\/migjeni.se\/index.php\/wp-json\/wp\/v2\/posts"}],"about":[{"href":"https:\/\/migjeni.se\/index.php\/wp-json\/wp\/v2\/types\/post"}],"author":[{"embeddable":true,"href":"https:\/\/migjeni.se\/index.php\/wp-json\/wp\/v2\/users\/3"}],"replies":[{"embeddable":true,"href":"https:\/\/migjeni.se\/index.php\/wp-json\/wp\/v2\/comments?post=1916"}],"version-history":[{"count":0,"href":"https:\/\/migjeni.se\/index.php\/wp-json\/wp\/v2\/posts\/1916\/revisions"}],"wp:attachment":[{"href":"https:\/\/migjeni.se\/index.php\/wp-json\/wp\/v2\/media?parent=1916"}],"wp:term":[{"taxonomy":"category","embeddable":true,"href":"https:\/\/migjeni.se\/index.php\/wp-json\/wp\/v2\/categories?post=1916"},{"taxonomy":"post_tag","embeddable":true,"href":"https:\/\/migjeni.se\/index.php\/wp-json\/wp\/v2\/tags?post=1916"}],"curies":[{"name":"wp","href":"https:\/\/api.w.org\/{rel}","templated":true}]}}