{"id":1954,"date":"2024-08-28T08:15:51","date_gmt":"2024-08-28T08:15:51","guid":{"rendered":"https:\/\/migjeni.se\/?p=1954"},"modified":"2024-08-28T08:15:54","modified_gmt":"2024-08-28T08:15:54","slug":"pradite-me-poezine-e-elvira-zeneli","status":"publish","type":"post","link":"https:\/\/migjeni.se\/index.php\/2024\/08\/28\/pradite-me-poezine-e-elvira-zeneli\/","title":{"rendered":"Pradite me poezin\u00eb e Elvira Zeneli"},"content":{"rendered":"<p>Elvira Zeneli<\/p>\n<p>NJ\u00cb FLUTUR N\u00cb PLAZH<\/p>\n<p>Nj\u00eb flutur plazhin kish p\u00ebrzgjedh\u00eb<br \/>\nDhe bukur fluturonte me krah\u00ebt e saj t\u00eb shkruar<br \/>\nN\u00eb \u00e7ast aroma e nj\u00eb gruaje e kishe ndjell\u00eb<br \/>\nDhe me afsh dashuror e pikasi menj\u00ebher\u00eb.<br \/>\nAshtu e shtrir\u00eb iu duk si Afrodita.<br \/>\nDhe iu soll p\u00ebrreth me frik\u00eb n\u00eb zem\u00ebr<br \/>\nPor n\u00eb fund mblodhi forc\u00eb dhe ateroi<br \/>\nAty mbi barkun e saj, mu te k\u00ebrthiza.<br \/>\nDhe krah\u00ebt i la hapur mbi at\u00eb trup p\u00ebr mrekulli.<br \/>\nT\u00eb dukej si nj\u00eb lule t&#8217; ua shtonte at\u00eb bukuri.<\/p>\n<p>Nuk dinte se \u00e7&#8217;t\u00eb b\u00ebnte e \u00e7&#8217;t\u00eb thoshte vall\u00eb.<br \/>\nVet\u00ebm bukurin\u00eb e saj e shijonte me mall.<br \/>\nThon\u00eb se ishte flutur, thon\u00eb se ishte mrekulli.<br \/>\nNuk e dinte kush pse iku p\u00ebrs\u00ebri.<\/p>\n<p>Ajo kishte p\u00ebrshkuar qindra kilometra me nj\u00eb mision .<br \/>\nT\u00eb merrte arom\u00ebn e saj, ta bartte si medaljon.<br \/>\nDjaloshi i cili e kishte porositur,<br \/>\nE donte at\u00eb vash\u00eb me zem\u00ebr t\u00eb sfilitur,<br \/>\nMeq\u00eb vet\u00eb t\u00eb shkonte s&#8221;kishte mund\u00ebsi.<br \/>\nFlutur\u00ebn e porositi arom\u00ebn e asaj femre t&#8217;ia sillte n\u00eb sht\u00ebpi.<br \/>\nKjo iu duk p\u00ebrrall\u00eb, ndoshta dhe pamund\u00ebsi.<br \/>\nPo djaloshi arom\u00ebn e asaj bukurosheje.<br \/>\nE shijoi me \u00ebmb\u00eblsi&#8230;<\/p>\n","protected":false},"excerpt":{"rendered":"<p>Elvira Zeneli NJ\u00cb FLUTUR N\u00cb PLAZH Nj\u00eb flutur plazhin kish p\u00ebrzgjedh\u00eb Dhe bukur fluturonte me krah\u00ebt e saj t\u00eb shkruar N\u00eb \u00e7ast aroma e nj\u00eb gruaje e kishe ndjell\u00eb Dhe me afsh dashuror e pikasi menj\u00ebher\u00eb. Ashtu e shtrir\u00eb iu duk si Afrodita. Dhe iu soll p\u00ebrreth me frik\u00eb n\u00eb zem\u00ebr Por n\u00eb fund mblodhi [&hellip;]<\/p>\n","protected":false},"author":3,"featured_media":0,"comment_status":"open","ping_status":"open","sticky":false,"template":"","format":"standard","meta":{"footnotes":""},"categories":[10],"tags":[],"class_list":["post-1954","post","type-post","status-publish","format-standard","hentry","category-poezi"],"_links":{"self":[{"href":"https:\/\/migjeni.se\/index.php\/wp-json\/wp\/v2\/posts\/1954","targetHints":{"allow":["GET"]}}],"collection":[{"href":"https:\/\/migjeni.se\/index.php\/wp-json\/wp\/v2\/posts"}],"about":[{"href":"https:\/\/migjeni.se\/index.php\/wp-json\/wp\/v2\/types\/post"}],"author":[{"embeddable":true,"href":"https:\/\/migjeni.se\/index.php\/wp-json\/wp\/v2\/users\/3"}],"replies":[{"embeddable":true,"href":"https:\/\/migjeni.se\/index.php\/wp-json\/wp\/v2\/comments?post=1954"}],"version-history":[{"count":0,"href":"https:\/\/migjeni.se\/index.php\/wp-json\/wp\/v2\/posts\/1954\/revisions"}],"wp:attachment":[{"href":"https:\/\/migjeni.se\/index.php\/wp-json\/wp\/v2\/media?parent=1954"}],"wp:term":[{"taxonomy":"category","embeddable":true,"href":"https:\/\/migjeni.se\/index.php\/wp-json\/wp\/v2\/categories?post=1954"},{"taxonomy":"post_tag","embeddable":true,"href":"https:\/\/migjeni.se\/index.php\/wp-json\/wp\/v2\/tags?post=1954"}],"curies":[{"name":"wp","href":"https:\/\/api.w.org\/{rel}","templated":true}]}}