{"id":1970,"date":"2024-09-03T10:06:18","date_gmt":"2024-09-03T10:06:18","guid":{"rendered":"https:\/\/migjeni.se\/?p=1970"},"modified":"2024-09-03T10:06:20","modified_gmt":"2024-09-03T10:06:20","slug":"pasdite-me-vargjet-e-albert-habazaj","status":"publish","type":"post","link":"https:\/\/migjeni.se\/index.php\/2024\/09\/03\/pasdite-me-vargjet-e-albert-habazaj\/","title":{"rendered":"Pasdite me vargjet e Albert HABAZAJ"},"content":{"rendered":"<p><strong>VLONJATI MBJELL LULE SHQIPE<\/strong><\/p>\n<p><em>\u00a0<\/em><\/p>\n<p><em>Nderim p\u00ebr Akad. Shaban Demiraj (01.01.1920-30.08.2014) <\/em><\/p>\n<p>VLONJATI MBJELL LULE SHQIPE<\/p>\n<p>Nderim p\u00ebr Akad. Shaban Demiraj (01.01.1920-30.08.2014)<\/p>\n<p>Nga Albert HABAZAJ<\/p>\n<p>Gjuha shqipe, mjalt&#8217; e \u00ebmb\u00ebl,<br \/>\nGjuh\u00eb e M\u00ebm\u00ebzonj\u00ebs sime,<br \/>\nS&#8217;ka n\u00eb bot&#8217; si gjuh&#8217; e n\u00ebn\u00ebs,<br \/>\nT\u00eb k\u00ebnaq er&#8217; tr\u00ebndeline.<\/p>\n<p>Rron ajo, q\u00eb rrojme ne;<br \/>\nNaim\u00eb t\u00eb tjer&#8217; pat fat,<br \/>\nDjem q\u00eb p\u00ebr t\u00eb b\u00ebjn\u00eb b\u00e8,<br \/>\nMidis tyre nj\u00eb vlonjat.<\/p>\n<p>Burr&#8217; q\u00eb v\u00eb nj\u00eb gur p\u00ebr kombin,<br \/>\nShok me djal\u00eb t\u00eb Petro Ninit,<br \/>\nP\u00ebr k\u00ebt\u00eb gjuh\u00eb t\u00eb ekzistences<br \/>\nSa \u00c7ika &#8211; pesh&#8217; e mendimit.<\/p>\n<p>Vlora korife ka lindur<br \/>\nQ\u00eb matet me korifej<br \/>\nMe nj&#8217; Aleksand\u00ebr Xhuvan,<br \/>\nMe nj\u00eb Eqerem \u00c7abej.<\/p>\n<p>Mbolli, mbolli lule shqipe,<br \/>\nArom&#8217; ilirike mbushur,<br \/>\nKy det me vullnet Balzaku,<br \/>\nN\u00eb Panteon \u00ebsht\u00eb futur.<\/p>\n<p>Do t\u00eb mbjell&#8217; sa t\u00eb ket&#8217; frym\u00eb<br \/>\nT\u00eb tilla lule me vler\u00eb,<br \/>\nSe prapa tij do t\u00eb vin\u00eb<br \/>\nShaban Demiraj t\u00eb tjer\u00eb.<\/p>\n<p>L&#8217;Aquila, Itali, 14,02.2000<\/p>\n<p>[Botuar n\u00eb v\u00ebllimin tim poetik &#8220;M\u00ebrgata e luleve&#8221;, Tiran\u00eb, Globus R, 2006, f. 103].<\/p>\n<p>&nbsp;<\/p>\n<p>&nbsp;<\/p>\n<p>&nbsp;<\/p>\n<p>&nbsp;<\/p>\n<p>&nbsp;<\/p>\n<p>.<\/p>\n","protected":false},"excerpt":{"rendered":"<p>VLONJATI MBJELL LULE SHQIPE \u00a0 Nderim p\u00ebr Akad. Shaban Demiraj (01.01.1920-30.08.2014) VLONJATI MBJELL LULE SHQIPE Nderim p\u00ebr Akad. Shaban Demiraj (01.01.1920-30.08.2014) Nga Albert HABAZAJ Gjuha shqipe, mjalt&#8217; e \u00ebmb\u00ebl, Gjuh\u00eb e M\u00ebm\u00ebzonj\u00ebs sime, S&#8217;ka n\u00eb bot&#8217; si gjuh&#8217; e n\u00ebn\u00ebs, T\u00eb k\u00ebnaq er&#8217; tr\u00ebndeline. Rron ajo, q\u00eb rrojme ne; Naim\u00eb t\u00eb tjer&#8217; pat fat, Djem [&hellip;]<\/p>\n","protected":false},"author":3,"featured_media":0,"comment_status":"open","ping_status":"open","sticky":false,"template":"","format":"standard","meta":{"footnotes":""},"categories":[10],"tags":[],"class_list":["post-1970","post","type-post","status-publish","format-standard","hentry","category-poezi"],"_links":{"self":[{"href":"https:\/\/migjeni.se\/index.php\/wp-json\/wp\/v2\/posts\/1970","targetHints":{"allow":["GET"]}}],"collection":[{"href":"https:\/\/migjeni.se\/index.php\/wp-json\/wp\/v2\/posts"}],"about":[{"href":"https:\/\/migjeni.se\/index.php\/wp-json\/wp\/v2\/types\/post"}],"author":[{"embeddable":true,"href":"https:\/\/migjeni.se\/index.php\/wp-json\/wp\/v2\/users\/3"}],"replies":[{"embeddable":true,"href":"https:\/\/migjeni.se\/index.php\/wp-json\/wp\/v2\/comments?post=1970"}],"version-history":[{"count":0,"href":"https:\/\/migjeni.se\/index.php\/wp-json\/wp\/v2\/posts\/1970\/revisions"}],"wp:attachment":[{"href":"https:\/\/migjeni.se\/index.php\/wp-json\/wp\/v2\/media?parent=1970"}],"wp:term":[{"taxonomy":"category","embeddable":true,"href":"https:\/\/migjeni.se\/index.php\/wp-json\/wp\/v2\/categories?post=1970"},{"taxonomy":"post_tag","embeddable":true,"href":"https:\/\/migjeni.se\/index.php\/wp-json\/wp\/v2\/tags?post=1970"}],"curies":[{"name":"wp","href":"https:\/\/api.w.org\/{rel}","templated":true}]}}