{"id":1978,"date":"2024-09-04T21:07:38","date_gmt":"2024-09-04T21:07:38","guid":{"rendered":"https:\/\/migjeni.se\/?p=1978"},"modified":"2024-09-04T21:07:38","modified_gmt":"2024-09-04T21:07:38","slug":"mbremje-poetike-me-elvira-zeneli-3","status":"publish","type":"post","link":"https:\/\/migjeni.se\/index.php\/2024\/09\/04\/mbremje-poetike-me-elvira-zeneli-3\/","title":{"rendered":"Mbremje poetike me Elvira Zeneli"},"content":{"rendered":"<p>Elvira Zeneli<\/p>\n<p>DALLGA E \u00c7MENDUR<\/p>\n<p>T\u00eb k\u00ebrkonin, e askush nuk t\u00eb mori<br \/>\nMendonin, vall\u00eb cili esht\u00eb dashnori,<br \/>\nFoto e video shikonin n\u00eb r\u00ebr\u00ebn ulur buz\u00eb detit<br \/>\nE mbanin mend se ishte zonja shtrig\u00eb muza e poetit&#8230;<\/p>\n<p>Dallga ziliqare i afrohej shpesh<br \/>\nHiret e saj i lagte si me inat<br \/>\nNganj\u00ebher\u00eb \u00e7mendej dallga<br \/>\nE ngrinte lart e p\u00ebrflakte<br \/>\nMbi gjoks i binte kjo \u00ebsht\u00eb muza thonin ato dallg\u00eb,<br \/>\nFrym\u00ebzim piktori, poete e dalldisur i thoshte nj\u00eb alg\u00eb.<\/p>\n<p>F\u00ebshf\u00ebrima, dashnore e imja i foli deti me val\u00eb<br \/>\nPo, po dashnori yt jam un\u00eb iu p\u00ebrgjigj ai me mall,<br \/>\nDallg\u00ebt m\u00eb t\u00eb nxehta rreth teje t&#8217;i afroj<br \/>\nEdhe inspirimin p\u00ebr cdo romanc\u00eb ketu e gjen moj.<\/p>\n<p>Pa merre nj\u00eb got\u00eb ver\u00eb flok\u00eblagura poete,<br \/>\nT\u00eb gjith\u00eb e k\u00ebrkonin askush nuk e mori p\u00ebr vete,<br \/>\nDashnori i vet\u00ebm i saj \u00ebsht\u00eb vet\u00eb deti.<br \/>\nN\u00eb val\u00ebt e tij u mish\u00ebrua kjo zem\u00ebr femre adoleshente.<\/p>\n","protected":false},"excerpt":{"rendered":"<p>Elvira Zeneli DALLGA E \u00c7MENDUR T\u00eb k\u00ebrkonin, e askush nuk t\u00eb mori Mendonin, vall\u00eb cili esht\u00eb dashnori, Foto e video shikonin n\u00eb r\u00ebr\u00ebn ulur buz\u00eb detit E mbanin mend se ishte zonja shtrig\u00eb muza e poetit&#8230; Dallga ziliqare i afrohej shpesh Hiret e saj i lagte si me inat Nganj\u00ebher\u00eb \u00e7mendej dallga E ngrinte lart [&hellip;]<\/p>\n","protected":false},"author":3,"featured_media":0,"comment_status":"open","ping_status":"open","sticky":false,"template":"","format":"standard","meta":{"footnotes":""},"categories":[1],"tags":[],"class_list":["post-1978","post","type-post","status-publish","format-standard","hentry","category-uncategorized"],"_links":{"self":[{"href":"https:\/\/migjeni.se\/index.php\/wp-json\/wp\/v2\/posts\/1978","targetHints":{"allow":["GET"]}}],"collection":[{"href":"https:\/\/migjeni.se\/index.php\/wp-json\/wp\/v2\/posts"}],"about":[{"href":"https:\/\/migjeni.se\/index.php\/wp-json\/wp\/v2\/types\/post"}],"author":[{"embeddable":true,"href":"https:\/\/migjeni.se\/index.php\/wp-json\/wp\/v2\/users\/3"}],"replies":[{"embeddable":true,"href":"https:\/\/migjeni.se\/index.php\/wp-json\/wp\/v2\/comments?post=1978"}],"version-history":[{"count":0,"href":"https:\/\/migjeni.se\/index.php\/wp-json\/wp\/v2\/posts\/1978\/revisions"}],"wp:attachment":[{"href":"https:\/\/migjeni.se\/index.php\/wp-json\/wp\/v2\/media?parent=1978"}],"wp:term":[{"taxonomy":"category","embeddable":true,"href":"https:\/\/migjeni.se\/index.php\/wp-json\/wp\/v2\/categories?post=1978"},{"taxonomy":"post_tag","embeddable":true,"href":"https:\/\/migjeni.se\/index.php\/wp-json\/wp\/v2\/tags?post=1978"}],"curies":[{"name":"wp","href":"https:\/\/api.w.org\/{rel}","templated":true}]}}