{"id":2031,"date":"2024-09-20T07:06:05","date_gmt":"2024-09-20T07:06:05","guid":{"rendered":"https:\/\/migjeni.se\/?p=2031"},"modified":"2024-09-20T07:07:06","modified_gmt":"2024-09-20T07:07:06","slug":"me-vargjet-e-poetes-elvira-zeneli","status":"publish","type":"post","link":"https:\/\/migjeni.se\/index.php\/2024\/09\/20\/me-vargjet-e-poetes-elvira-zeneli\/","title":{"rendered":"Me vargjet e poet\u00ebs Elvira Zeneli"},"content":{"rendered":"<div dir=\"auto\">Elvira Zeneli<\/div>\n<div dir=\"auto\"><\/div>\n<div dir=\"auto\">SEPSE ZEMR\u00cbN TASHM\u00cb E KAM BOSH<\/div>\n<div dir=\"auto\"><\/div>\n<div dir=\"auto\">Tashm\u0113 jam larguar n\u0113 veri,<\/div>\n<div dir=\"auto\">Dhe ndjej se n\u0113 damar\u00ebt e mi kam acar,<\/div>\n<div dir=\"auto\">Ti nuk m\u0113 dhe asnj\u0113 pik\u00eb ngroht\u00ebsi,<\/div>\n<div dir=\"auto\">Por gjerat un\u00eb shtruar do t&#8217; i marr.<\/div>\n<div dir=\"auto\"><\/div>\n<div dir=\"auto\">Fundja dua t\u00eb t\u00eb kem Ty mir\u0113,<\/div>\n<div dir=\"auto\">Dhe n\u00eb \u00eandrra t\u00eb bukura t\u00eb kal\u00ebrosh,<\/div>\n<div dir=\"auto\">Per mua mund t\u0113 jet\u0113 pak v\u0113shtir\u00eb,<\/div>\n<div dir=\"auto\">Sepse zemr\u00ebn tashm\u00eb e kam bosh.<\/div>\n<div dir=\"auto\"><\/div>\n<div dir=\"auto\">K\u00ebto q\u00eb po i them thell\u00eb po i ndjej<\/div>\n<div dir=\"auto\">Ngase dashuria jote m\u00eb kalon n\u00ebp\u00ebr dej.<\/div>\n<div dir=\"auto\">Pa \u00e7ka se \u00e7mendurisht t\u00eb dua<\/div>\n<div dir=\"auto\">Po ti zemr\u00ebn tashm\u00eb ma ke cop\u00ebtuar.<\/div>\n<div dir=\"auto\">Sa kam d\u00ebshir\u00eb pran\u00eb t\u00eb t\u00eb kem<\/div>\n<div dir=\"auto\">T\u00eb ti puth\u00eb syt\u00eb t\u00eb m\u00eb b\u00ebhesh melhem.<\/div>\n<div dir=\"auto\"><\/div>\n<div dir=\"auto\">\n<div dir=\"auto\">KAQ PRAN\u00cb ISHIM KAQ PRAN\u00cb&#8230;<\/div>\n<div dir=\"auto\"><\/div>\n<div dir=\"auto\">Ishim kaq pran\u00eb nj\u00ebri-tjetrit<\/div>\n<div dir=\"auto\">Saq\u00eb shikimet tona<\/div>\n<div dir=\"auto\">treteshin det e se \u00e7&#8217;than\u00eb<\/div>\n<div dir=\"auto\">Se di nga m\u00eb erdhe dhe \u00ebmb\u00eblsisht t\u00eb shikoja,<\/div>\n<div dir=\"auto\">Vajz\u00eb e vog\u00ebl m\u00eb dukej vetja n\u00eb detin e paan\u00eb.<\/div>\n<div dir=\"auto\"><\/div>\n<div dir=\"auto\">Ah, kjo dashuria \u00ebnd\u00ebrr a realitet<\/div>\n<div dir=\"auto\">T\u00eb jemi v\u00ebrtet\u00eb bashk\u00eb \u00ebnd\u00ebrr apo e v\u00ebrtet\u00eb?!<\/div>\n<div dir=\"auto\">Tani, po luajm\u00eb fshehurazi si dikur.<\/div>\n<div dir=\"auto\">Por, sot nuk dua gj\u00eb fshehurazi o jet\u00eb<\/div>\n<div dir=\"auto\">E v\u00earteta \u00ebsht\u00eb realisht\u00a0 me ne si dikur.<\/div>\n<div dir=\"auto\"><\/div>\n<div dir=\"auto\">N\u00eb thelb t\u00eb \u00e7do gj\u00ebje \u00ebsht\u00eb zhvillimi,<\/div>\n<div dir=\"auto\">N\u00eb imagjinat\u00eb ishte kultivimi dhe guximi.<\/div>\n<div dir=\"auto\">Ne donim jo vet\u00ebm q\u00eb trupat tan\u00eb ti shijonim<\/div>\n<div dir=\"auto\">Ne, ah ne kurr s&#8217;donim shpirt\u00ebrat tan\u00eb m\u00eb ti largonim<\/div>\n<div dir=\"auto\"><\/div>\n<div dir=\"auto\">G\u00ebzim dhe paqe kishte n\u00eb syt\u00eb tan\u00eb<\/div>\n<div dir=\"auto\">Nuk \u00ebsht\u00eb loj\u00eb por \u00ebsht\u00eb fati q\u00eb sot na solli kaq pran\u00eb.<\/div>\n<div dir=\"auto\"><\/div>\n<div dir=\"auto\">Me petkun e k\u00ebnaq\u00ebsis\u00eb u zhvesh\u00ebn e u vesh\u00ebm.<\/div>\n<div dir=\"auto\">Shpirt\u00ebrat tan\u00eb fort nj\u00ebri-tjetrin e desh\u00ebn.<\/div>\n<div dir=\"auto\">Me ujin e mjelm\u00ebt u lam\u00eb dhe u shp\u00eblam\u00eb<\/div>\n<div dir=\"auto\">P\u00ebrderisa per\u00ebndimi i diellit na u ul n\u00eb preh\u00ebr, ne su ndam\u00eb&#8230;<\/div>\n<\/div>\n","protected":false},"excerpt":{"rendered":"<p>Elvira Zeneli SEPSE ZEMR\u00cbN TASHM\u00cb E KAM BOSH Tashm\u0113 jam larguar n\u0113 veri, Dhe ndjej se n\u0113 damar\u00ebt e mi kam acar, Ti nuk m\u0113 dhe asnj\u0113 pik\u00eb ngroht\u00ebsi, Por gjerat un\u00eb shtruar do t&#8217; i marr. Fundja dua t\u00eb t\u00eb kem Ty mir\u0113, Dhe n\u00eb \u00eandrra t\u00eb bukura t\u00eb kal\u00ebrosh, Per mua mund t\u0113 [&hellip;]<\/p>\n","protected":false},"author":3,"featured_media":0,"comment_status":"open","ping_status":"open","sticky":false,"template":"","format":"standard","meta":{"footnotes":""},"categories":[10],"tags":[],"class_list":["post-2031","post","type-post","status-publish","format-standard","hentry","category-poezi"],"_links":{"self":[{"href":"https:\/\/migjeni.se\/index.php\/wp-json\/wp\/v2\/posts\/2031","targetHints":{"allow":["GET"]}}],"collection":[{"href":"https:\/\/migjeni.se\/index.php\/wp-json\/wp\/v2\/posts"}],"about":[{"href":"https:\/\/migjeni.se\/index.php\/wp-json\/wp\/v2\/types\/post"}],"author":[{"embeddable":true,"href":"https:\/\/migjeni.se\/index.php\/wp-json\/wp\/v2\/users\/3"}],"replies":[{"embeddable":true,"href":"https:\/\/migjeni.se\/index.php\/wp-json\/wp\/v2\/comments?post=2031"}],"version-history":[{"count":0,"href":"https:\/\/migjeni.se\/index.php\/wp-json\/wp\/v2\/posts\/2031\/revisions"}],"wp:attachment":[{"href":"https:\/\/migjeni.se\/index.php\/wp-json\/wp\/v2\/media?parent=2031"}],"wp:term":[{"taxonomy":"category","embeddable":true,"href":"https:\/\/migjeni.se\/index.php\/wp-json\/wp\/v2\/categories?post=2031"},{"taxonomy":"post_tag","embeddable":true,"href":"https:\/\/migjeni.se\/index.php\/wp-json\/wp\/v2\/tags?post=2031"}],"curies":[{"name":"wp","href":"https:\/\/api.w.org\/{rel}","templated":true}]}}