{"id":2081,"date":"2024-09-27T05:43:44","date_gmt":"2024-09-27T05:43:44","guid":{"rendered":"https:\/\/migjeni.se\/?p=2081"},"modified":"2024-09-27T05:43:47","modified_gmt":"2024-09-27T05:43:47","slug":"e-premtja-poetike-me-elvira-zeneli","status":"publish","type":"post","link":"https:\/\/migjeni.se\/index.php\/2024\/09\/27\/e-premtja-poetike-me-elvira-zeneli\/","title":{"rendered":"E premtja poetike me Elvira Zeneli"},"content":{"rendered":"<div dir=\"auto\">Elvira Zeneli<\/div>\n<div dir=\"auto\"><\/div>\n<div dir=\"auto\">N\u0112N RIGAT E SHIUT&#8230;.!<\/div>\n<div dir=\"auto\"><\/div>\n<div dir=\"auto\">Rigojn\u00eb gjethet e verdha n\u00eb lugin\u00ebn e malit t\u00eb madh<\/div>\n<div dir=\"auto\">Era i rreh her\u00eb \u00ebmb\u00ebl e her\u00eb eg\u00ebr<\/div>\n<div dir=\"auto\">I hedh n\u00eb lag\u00ebshtin\u00eb e tok\u00ebs me f\u00ebshf\u00ebrim\u00eb<\/div>\n<div dir=\"auto\">E ndjej tek i shkel me k\u00ebmb\u00eb<\/div>\n<div dir=\"auto\">N\u00ebp\u00ebr thell\u00ebsit\u00eb e stin\u00ebs<\/div>\n<div dir=\"auto\">Mendimin e shemb!<\/div>\n<div dir=\"auto\"><\/div>\n<div dir=\"auto\">Eh, kjo jet\u00eb s&#8217;m\u00eb l\u00eb t\u00eb t\u00eb takoj ve\u00e7mas ty<\/div>\n<div dir=\"auto\">N\u00eb ikje ta shk\u00ebpus nj\u00eb cop\u00eb<\/div>\n<div dir=\"auto\">Si mace e frik\u00ebsuar<\/div>\n<div dir=\"auto\">Ik\u00ebn dikund<\/div>\n<div dir=\"auto\">Me kafshat\u00ebn t\u00ebnde e mbuloj trupin<\/div>\n<div dir=\"auto\">T\u00eb mos e ndjej t\u00eb ftohtin q\u00eb m\u00eb ka hyr\u00eb n\u00eb shpirt!<\/div>\n<div dir=\"auto\"><\/div>\n<div dir=\"auto\">Ky shi \u00ebsht\u00eb mbushur frym\u00eb<\/div>\n<div dir=\"auto\">Si ta kishte ngarkuar pesh\u00ebn e lag\u00ebshtis\u00eb mbi shpin\u00eb<\/div>\n<div dir=\"auto\">Pikat e varg\u00ebzuara para syve t\u00eb mi<\/div>\n<div dir=\"auto\">Nuk e kuptojn\u00eb pse po bien aq shum\u00eb<\/div>\n<div dir=\"auto\">Kjo ndjenj\u00eb e trisht\u00eb pa ty s&#8217;m\u00eb p\u00ebrcjell n\u00eb gjum\u00eb!<\/div>\n<div dir=\"auto\"><\/div>\n<div dir=\"auto\">I mbyll portat e mallit n\u00ebp\u00ebr err\u00ebsir\u00eb<\/div>\n<div dir=\"auto\">Zbraz\u00ebtin\u00eb s&#8217;mund ta shoh<\/div>\n<div dir=\"auto\">Mallin t\u00ebnd dua ta nxjerr prej gjoksi<\/div>\n<div dir=\"auto\">Ta mbyll vjesht\u00ebn n\u00eb at\u00eb vend me ngroht\u00ebsi<\/div>\n<div dir=\"auto\">K\u00ebrc\u00ebnon qielli m\u00eb kot nga lart<\/div>\n<div dir=\"auto\">I kam fshehur vet\u00ebtimat si engj\u00ebjt n\u00ebp\u00ebr re<\/div>\n<div dir=\"auto\">Dielli do t\u00eb dal pas pak<\/div>\n<div dir=\"auto\">Kur\u00a0 t\u00eb udh\u00ebtoj un\u00eb tek ti&#8230;!<\/div>\n","protected":false},"excerpt":{"rendered":"<p>Elvira Zeneli N\u0112N RIGAT E SHIUT&#8230;.! Rigojn\u00eb gjethet e verdha n\u00eb lugin\u00ebn e malit t\u00eb madh Era i rreh her\u00eb \u00ebmb\u00ebl e her\u00eb eg\u00ebr I hedh n\u00eb lag\u00ebshtin\u00eb e tok\u00ebs me f\u00ebshf\u00ebrim\u00eb E ndjej tek i shkel me k\u00ebmb\u00eb N\u00ebp\u00ebr thell\u00ebsit\u00eb e stin\u00ebs Mendimin e shemb! Eh, kjo jet\u00eb s&#8217;m\u00eb l\u00eb t\u00eb t\u00eb takoj ve\u00e7mas [&hellip;]<\/p>\n","protected":false},"author":3,"featured_media":0,"comment_status":"open","ping_status":"open","sticky":false,"template":"","format":"standard","meta":{"footnotes":""},"categories":[10],"tags":[],"class_list":["post-2081","post","type-post","status-publish","format-standard","hentry","category-poezi"],"_links":{"self":[{"href":"https:\/\/migjeni.se\/index.php\/wp-json\/wp\/v2\/posts\/2081","targetHints":{"allow":["GET"]}}],"collection":[{"href":"https:\/\/migjeni.se\/index.php\/wp-json\/wp\/v2\/posts"}],"about":[{"href":"https:\/\/migjeni.se\/index.php\/wp-json\/wp\/v2\/types\/post"}],"author":[{"embeddable":true,"href":"https:\/\/migjeni.se\/index.php\/wp-json\/wp\/v2\/users\/3"}],"replies":[{"embeddable":true,"href":"https:\/\/migjeni.se\/index.php\/wp-json\/wp\/v2\/comments?post=2081"}],"version-history":[{"count":0,"href":"https:\/\/migjeni.se\/index.php\/wp-json\/wp\/v2\/posts\/2081\/revisions"}],"wp:attachment":[{"href":"https:\/\/migjeni.se\/index.php\/wp-json\/wp\/v2\/media?parent=2081"}],"wp:term":[{"taxonomy":"category","embeddable":true,"href":"https:\/\/migjeni.se\/index.php\/wp-json\/wp\/v2\/categories?post=2081"},{"taxonomy":"post_tag","embeddable":true,"href":"https:\/\/migjeni.se\/index.php\/wp-json\/wp\/v2\/tags?post=2081"}],"curies":[{"name":"wp","href":"https:\/\/api.w.org\/{rel}","templated":true}]}}