{"id":2093,"date":"2024-09-28T18:53:53","date_gmt":"2024-09-28T18:53:53","guid":{"rendered":"https:\/\/migjeni.se\/?p=2093"},"modified":"2024-09-28T18:53:57","modified_gmt":"2024-09-28T18:53:57","slug":"mbremje-peotike-me-bashkim-saliasi","status":"publish","type":"post","link":"https:\/\/migjeni.se\/index.php\/2024\/09\/28\/mbremje-peotike-me-bashkim-saliasi\/","title":{"rendered":"Mbremje peotike me Bashkim Saliasi"},"content":{"rendered":"<p>Bashkim Saliasi<\/p>\n<p>P\u00cbR TY MIKU IM!<br \/>\n<em>\u00c7aush KULLAFI, 11.10.2019<\/em><\/p>\n<p>Rrjedhja e Sirak\u00ebs,<br \/>\nKristal bukurie.<br \/>\nGjerdan i argj\u00ebnt\u00eb,<br \/>\nMe uji lajthie.<\/p>\n<p>N\u00eb shtatorin e fresk\u00ebt,<br \/>\nBuz\u00eb malit Ramije.<br \/>\nN\u00eb familjen Salias,<br \/>\nD\u00ebgjohet nj\u00eb z\u00eb f\u00ebmije.<\/p>\n<p>Shk\u00eblqeu dielli,<br \/>\nRet\u00eb u hap\u00ebn vet.<br \/>\nBogova gurgulloi,<br \/>\nTomorri foli qet\u00eb.<\/p>\n<p>Strora dhe v\u00ebrzhezha,<br \/>\nBashk\u00eb kuvendojn\u00eb.<br \/>\nNinull\u00ebn e n\u00ebn\u00ebs,<br \/>\nNgesh\u00ebm e d\u00ebgjojn\u00eb.<\/p>\n<p>Aty n\u00eb Dobrush\u00eb,<br \/>\nBekim per\u00ebndie.<br \/>\nBall malit Tomor.<br \/>\nNisi rrug\u00ebn p\u00ebr dije.<\/p>\n<p>Vargmale kalove,<br \/>\nMe buk\u00eb mis\u00ebrnike.<br \/>\nN\u00eb qytetin e Fierit.<br \/>\nNise shkoll\u00ebn pedagogjike.<\/p>\n<p>Eh, Bashkim Saliasi,<br \/>\nN\u00eb Dobrusha u linde,<br \/>\nMore rrug\u00ebn e dijes,<br \/>\nn\u00eb Fier u skalite.<\/p>\n<p>Ajo t\u00eb dha dije,<br \/>\nAjo t\u00eb formoi.<br \/>\nRrug\u00ebt e jet\u00ebs,<br \/>\najo ti m\u00ebsoi.<\/p>\n<p>N\u00eb vitet \u201979,<br \/>\nm\u00ebsues i formuar.<br \/>\nSkrapari t\u00eb priti,<br \/>\nI gatsh\u00ebm p\u00ebr t\u00eb punuar.<\/p>\n<p>T\u00eb priti Therepeli,<br \/>\nT\u00eb deshi Bargullasi.<br \/>\nT\u00eb zbrit\u00ebn n\u00eb Pronovik,<br \/>\nDobrusha plasi nga marazi.<\/p>\n<p>Atje n\u00eb Poli\u00e7an,<br \/>\nN\u00eb djepin e dituris\u00eb.<br \/>\nBrezave u m\u00ebsove,<br \/>\nN\u00eb mosh\u00ebn e rinis\u00eb.<\/p>\n<p>Pas viteve \u201990-t\u00eb<br \/>\nsi \u00e7dokush\u00eb n\u00eb shqip\u00ebri.<br \/>\nMe \u00ebnd\u00ebrr\u00ebn p\u00ebr Tiran\u00ebn,<br \/>\nFluturove edhe Ti.<\/p>\n<p>Atje n\u00eb Valias,<br \/>\nN\u00eb qytetin e minatorit.<br \/>\nMe vrullin e dituris\u00eb,<br \/>\nVazhdove udh\u00ebn e lektorit.<\/p>\n<p>N\u00eb folez\u00ebn e bukur,<br \/>\nBreza u m\u00ebsove.<br \/>\nKuror\u00eb gjelb\u00ebrimi,<br \/>\nAty Ti nd\u00ebrtove.<\/p>\n<p>N\u00eb shkoll\u00ebn V\u00ebllaz\u00ebrimi,<br \/>\nSi m\u00ebsues e shkrimtar.<br \/>\nNj\u00eb shok i mir\u00eb, i dashur,<br \/>\nT\u00eb urojm\u00eb pension t\u00eb mbar\u00eb.<\/p>\n<p>Kalendari viteve,<br \/>\n65 vite ka sh\u00ebnuar.<br \/>\nN\u00eb mosh\u00ebn e pensionit,<br \/>\nLigji t\u00eb ka \u00e7uar.<\/p>\n<p>Eh, Dobrusha n\u00ebnloke,<br \/>\nDjep i dituris\u00eb.<br \/>\nRrite djal\u00eb Tomori,<br \/>\nN\u00eb djepin e urt\u00ebsis\u00eb.<\/p>\n<p>Kuror\u00eb me urime,<br \/>\nm\u00ebsues Bashkimi.<br \/>\nMerr sot nga kolektivi,<br \/>\nI shkoll\u00ebs V\u00ebllaz\u00ebrimi.<\/p>\n<p>Sh\u00ebnim: Publikohet me dienin e autorit \u00c7aush Kullafi, me rastin e 70 vjetorit.<\/p>\n","protected":false},"excerpt":{"rendered":"<p>Bashkim Saliasi P\u00cbR TY MIKU IM! \u00c7aush KULLAFI, 11.10.2019 Rrjedhja e Sirak\u00ebs, Kristal bukurie. Gjerdan i argj\u00ebnt\u00eb, Me uji lajthie. N\u00eb shtatorin e fresk\u00ebt, Buz\u00eb malit Ramije. N\u00eb familjen Salias, D\u00ebgjohet nj\u00eb z\u00eb f\u00ebmije. Shk\u00eblqeu dielli, Ret\u00eb u hap\u00ebn vet. Bogova gurgulloi, Tomorri foli qet\u00eb. Strora dhe v\u00ebrzhezha, Bashk\u00eb kuvendojn\u00eb. Ninull\u00ebn e n\u00ebn\u00ebs, Ngesh\u00ebm e [&hellip;]<\/p>\n","protected":false},"author":3,"featured_media":0,"comment_status":"open","ping_status":"open","sticky":false,"template":"","format":"standard","meta":{"footnotes":""},"categories":[10],"tags":[],"class_list":["post-2093","post","type-post","status-publish","format-standard","hentry","category-poezi"],"_links":{"self":[{"href":"https:\/\/migjeni.se\/index.php\/wp-json\/wp\/v2\/posts\/2093","targetHints":{"allow":["GET"]}}],"collection":[{"href":"https:\/\/migjeni.se\/index.php\/wp-json\/wp\/v2\/posts"}],"about":[{"href":"https:\/\/migjeni.se\/index.php\/wp-json\/wp\/v2\/types\/post"}],"author":[{"embeddable":true,"href":"https:\/\/migjeni.se\/index.php\/wp-json\/wp\/v2\/users\/3"}],"replies":[{"embeddable":true,"href":"https:\/\/migjeni.se\/index.php\/wp-json\/wp\/v2\/comments?post=2093"}],"version-history":[{"count":0,"href":"https:\/\/migjeni.se\/index.php\/wp-json\/wp\/v2\/posts\/2093\/revisions"}],"wp:attachment":[{"href":"https:\/\/migjeni.se\/index.php\/wp-json\/wp\/v2\/media?parent=2093"}],"wp:term":[{"taxonomy":"category","embeddable":true,"href":"https:\/\/migjeni.se\/index.php\/wp-json\/wp\/v2\/categories?post=2093"},{"taxonomy":"post_tag","embeddable":true,"href":"https:\/\/migjeni.se\/index.php\/wp-json\/wp\/v2\/tags?post=2093"}],"curies":[{"name":"wp","href":"https:\/\/api.w.org\/{rel}","templated":true}]}}