{"id":2187,"date":"2024-10-26T18:21:21","date_gmt":"2024-10-26T18:21:21","guid":{"rendered":"https:\/\/migjeni.se\/?p=2187"},"modified":"2024-10-26T18:21:23","modified_gmt":"2024-10-26T18:21:23","slug":"e-shtuna-poeetike-me-elvira-zeneli","status":"publish","type":"post","link":"https:\/\/migjeni.se\/index.php\/2024\/10\/26\/e-shtuna-poeetike-me-elvira-zeneli\/","title":{"rendered":"E shtuna poeetike me Elvira Zeneli"},"content":{"rendered":"<p>Elvira Zeneli<\/p>\n<p>U LARGOVE SI ERA<\/p>\n<p>N\u00eb nat\u00ebn me h\u00ebn\u00eb si era u largove<br \/>\nArom\u00ebn e parfumit pran\u00eb meje e le<br \/>\nE mora n\u00eb gji fort e shtr\u00ebngova<br \/>\nSymbyllur me t\u00eb udh\u00ebtova<\/p>\n<p>Ah sikur t&#8217; kishe q\u00ebndruar pran\u00eb meje<br \/>\n\u00c7do drit\u00eb h\u00ebne \u00ebmb\u00ebl do t\u0113 shk\u00eblqente<br \/>\nSepse ti e di sa jam e dh\u00ebn\u00eb pas teje<br \/>\nTi do t&#8217;m\u00eb merrje e do t&#8217;m\u00eb rr\u00ebmbeje.<\/p>\n<p>Po ja q\u00eb ti p\u00ebr mua s&#8217;do t&#8217;ia dish<br \/>\nM\u00eb le pa t\u00eb shijuar nurin e bukuris\u00eb<br \/>\nM\u00eb ike dhe m\u00eb nuk u b\u00ebre i gjall\u00eb<br \/>\n\u00c7far\u00eb t\u00eb b\u00ebra un\u00eb m\u00eb thuaj vall\u00eb<\/p>\n<p>Un\u00eb q\u00eb t\u00eb desha m\u00eb shum\u00eb se yjet<br \/>\nM\u00eb shum\u00eb se detin e paan\u00eb<br \/>\nUn\u00eb q\u00eb t\u00eb dhash\u00eb \u00e7do gj\u00eb prej meje<br \/>\nVet\u00ebm nj\u00eb p\u00ebrqafim e doja sa p\u00ebr t&#8217;m\u00eb ngrohur prap\u0113.<\/p>\n<p>Momenti vjen at\u00ebher\u00eb kur nuk e pret<br \/>\nSi flutur do t\u0113 ulem n\u00eb prehrin t\u00ebnd<br \/>\nDhe krah\u00ebt e mi do t&#8217; i paloj<br \/>\nN\u00ebn puthjet e tua dashurin\u00eb shpalos<br \/>\nAty do t\u00eb shkrihem e t\u00ebra n\u00eb p\u00ebrqafim<br \/>\nT\u00eb t&#8217; i shijoj me \u00ebndje puthjet pambarim!<\/p>\n","protected":false},"excerpt":{"rendered":"<p>Elvira Zeneli U LARGOVE SI ERA N\u00eb nat\u00ebn me h\u00ebn\u00eb si era u largove Arom\u00ebn e parfumit pran\u00eb meje e le E mora n\u00eb gji fort e shtr\u00ebngova Symbyllur me t\u00eb udh\u00ebtova Ah sikur t&#8217; kishe q\u00ebndruar pran\u00eb meje \u00c7do drit\u00eb h\u00ebne \u00ebmb\u00ebl do t\u0113 shk\u00eblqente Sepse ti e di sa jam e dh\u00ebn\u00eb pas [&hellip;]<\/p>\n","protected":false},"author":3,"featured_media":0,"comment_status":"open","ping_status":"open","sticky":false,"template":"","format":"standard","meta":{"footnotes":""},"categories":[10],"tags":[],"class_list":["post-2187","post","type-post","status-publish","format-standard","hentry","category-poezi"],"_links":{"self":[{"href":"https:\/\/migjeni.se\/index.php\/wp-json\/wp\/v2\/posts\/2187","targetHints":{"allow":["GET"]}}],"collection":[{"href":"https:\/\/migjeni.se\/index.php\/wp-json\/wp\/v2\/posts"}],"about":[{"href":"https:\/\/migjeni.se\/index.php\/wp-json\/wp\/v2\/types\/post"}],"author":[{"embeddable":true,"href":"https:\/\/migjeni.se\/index.php\/wp-json\/wp\/v2\/users\/3"}],"replies":[{"embeddable":true,"href":"https:\/\/migjeni.se\/index.php\/wp-json\/wp\/v2\/comments?post=2187"}],"version-history":[{"count":0,"href":"https:\/\/migjeni.se\/index.php\/wp-json\/wp\/v2\/posts\/2187\/revisions"}],"wp:attachment":[{"href":"https:\/\/migjeni.se\/index.php\/wp-json\/wp\/v2\/media?parent=2187"}],"wp:term":[{"taxonomy":"category","embeddable":true,"href":"https:\/\/migjeni.se\/index.php\/wp-json\/wp\/v2\/categories?post=2187"},{"taxonomy":"post_tag","embeddable":true,"href":"https:\/\/migjeni.se\/index.php\/wp-json\/wp\/v2\/tags?post=2187"}],"curies":[{"name":"wp","href":"https:\/\/api.w.org\/{rel}","templated":true}]}}