{"id":2209,"date":"2024-11-01T18:11:57","date_gmt":"2024-11-01T18:11:57","guid":{"rendered":"https:\/\/migjeni.se\/?p=2209"},"modified":"2024-11-01T18:12:00","modified_gmt":"2024-11-01T18:12:00","slug":"caste-poetike-me-poetin-bangladeshian-niloy-rafiq","status":"publish","type":"post","link":"https:\/\/migjeni.se\/index.php\/2024\/11\/01\/caste-poetike-me-poetin-bangladeshian-niloy-rafiq\/","title":{"rendered":"Caste poetike me poetin bangladeshian Niloy Rafiq"},"content":{"rendered":"<p>Niloy Rafiq<\/p>\n<p><strong>FARI<\/strong><\/p>\n<p>(Rehana Jabbari edhe mua m\u00eb mbyt litari i varur bashk\u00eb me ty)<\/p>\n<p>Shkollat \u200b\u200be d\u00eblir\u00ebsis\u00eb ruhen nga shteti<br \/>\nKorridoret e fshehura bashkohen n\u00eb err\u00ebsir\u00eb<br \/>\nPutrat e zeza vendosin kurthe n\u00eb det dhe n\u00eb port.<\/p>\n<p>P\u00ebrbind\u00ebshat e zem\u00ebruar k\u00ebrcejn\u00eb mbi val\u00ebt ciklonike<br \/>\nThika e mrekullueshme qiellore therrin tin\u00ebzisht<br \/>\nMushkrit\u00eb p\u00ebr t\u00eb derdhur farat e kalbura t\u00eb jet\u00ebs.<\/p>\n<p>Qifti i jet\u00ebs \u00ebsht\u00eb i lidhur me bobin\u00ebn e besimit t\u00eb verb\u00ebr<br \/>\nBredh rreth e qark p\u00ebr nj\u00ebzet e gjasht\u00eb burime<br \/>\nBileta e vdekjes varet n\u00eb qiellin e dritares.<\/p>\n<p>Shkronjat e zeza verb\u00ebrisht rebele para vdekjes<br \/>\nGjurm\u00ebt e shkabave n\u00eb bot\u00eb<br \/>\nFat mizor q\u00eb troket n\u00eb der\u00eb.<\/p>\n<p>Mos qaj, mami!<br \/>\nDo t\u00eb shtrihemi brenda vrim\u00ebs<br \/>\nN\u00eb tok\u00eb.<br \/>\nHiqni syt\u00eb, veshkat dhe zemr\u00ebn<br \/>\nJepi ato n\u00eb em\u00ebr tim n\u00ebse \u00ebsht\u00eb e nevojshme.<\/p>\n<p>Askush nuk i di shenjat e varrit!<br \/>\nEdhe ti harroi dhimbjet<br \/>\nEra do t\u00eb largohet<br \/>\nP\u00ebr t&#8217;u p\u00ebrzier me horizontin<br \/>\nNj\u00eb far n\u00eb rrug\u00ebn e pafund<br \/>\nT\u00eb koh\u00ebs<br \/>\nS\u00eb p\u00ebrjetshme.<\/p>\n<p><em>P\u00ebrktheu n\u00eb gjuh\u00ebn shqipe<\/em><br \/>\n<em>Rizah Sheqiri<\/em><\/p>\n","protected":false},"excerpt":{"rendered":"<p>Niloy Rafiq FARI (Rehana Jabbari edhe mua m\u00eb mbyt litari i varur bashk\u00eb me ty) Shkollat \u200b\u200be d\u00eblir\u00ebsis\u00eb ruhen nga shteti Korridoret e fshehura bashkohen n\u00eb err\u00ebsir\u00eb Putrat e zeza vendosin kurthe n\u00eb det dhe n\u00eb port. P\u00ebrbind\u00ebshat e zem\u00ebruar k\u00ebrcejn\u00eb mbi val\u00ebt ciklonike Thika e mrekullueshme qiellore therrin tin\u00ebzisht Mushkrit\u00eb p\u00ebr t\u00eb derdhur farat [&hellip;]<\/p>\n","protected":false},"author":3,"featured_media":0,"comment_status":"open","ping_status":"open","sticky":false,"template":"","format":"standard","meta":{"footnotes":""},"categories":[1],"tags":[],"class_list":["post-2209","post","type-post","status-publish","format-standard","hentry","category-uncategorized"],"_links":{"self":[{"href":"https:\/\/migjeni.se\/index.php\/wp-json\/wp\/v2\/posts\/2209","targetHints":{"allow":["GET"]}}],"collection":[{"href":"https:\/\/migjeni.se\/index.php\/wp-json\/wp\/v2\/posts"}],"about":[{"href":"https:\/\/migjeni.se\/index.php\/wp-json\/wp\/v2\/types\/post"}],"author":[{"embeddable":true,"href":"https:\/\/migjeni.se\/index.php\/wp-json\/wp\/v2\/users\/3"}],"replies":[{"embeddable":true,"href":"https:\/\/migjeni.se\/index.php\/wp-json\/wp\/v2\/comments?post=2209"}],"version-history":[{"count":0,"href":"https:\/\/migjeni.se\/index.php\/wp-json\/wp\/v2\/posts\/2209\/revisions"}],"wp:attachment":[{"href":"https:\/\/migjeni.se\/index.php\/wp-json\/wp\/v2\/media?parent=2209"}],"wp:term":[{"taxonomy":"category","embeddable":true,"href":"https:\/\/migjeni.se\/index.php\/wp-json\/wp\/v2\/categories?post=2209"},{"taxonomy":"post_tag","embeddable":true,"href":"https:\/\/migjeni.se\/index.php\/wp-json\/wp\/v2\/tags?post=2209"}],"curies":[{"name":"wp","href":"https:\/\/api.w.org\/{rel}","templated":true}]}}