{"id":2266,"date":"2024-11-26T19:21:50","date_gmt":"2024-11-26T19:21:50","guid":{"rendered":"https:\/\/migjeni.se\/?p=2266"},"modified":"2024-12-04T21:05:33","modified_gmt":"2024-12-04T20:05:33","slug":"mbremje-poetike-me-gladiola-jorbus-5","status":"publish","type":"post","link":"https:\/\/migjeni.se\/index.php\/2024\/11\/26\/mbremje-poetike-me-gladiola-jorbus-5\/","title":{"rendered":"Mbr\u00ebmje poetike me Gladiola JORBUS"},"content":{"rendered":"<p>Gladiola JORBUS<\/p>\n<p><strong>\u00cbndrrat e pambukta<\/strong><\/p>\n<p>N\u00eb hijen e pal\u00ebvizshm\u00ebris\u00eb,<br \/>\ne mbushur me k\u00ebng\u00ebn e mallit,<br \/>\nflladitet nj\u00eb klithm\u00eb p\u00ebshp\u00ebrit\u00ebse.<br \/>\nKujtimi yt, si vjesht\u00eb<br \/>\nm\u00eb \u00ebsht\u00eb q\u00ebndisur pas shtatit.<br \/>\nNuk e belb\u00ebzoj m\u00eb emrin t\u00ebnd,<br \/>\nas fjal\u00ebt q\u00eb m\u00eb sjellin arom\u00ebn t\u00ebnde,<br \/>\nnuk e duroj dot m\u00eb heshtjen<br \/>\nkur fshihesh n\u00eb mendimet e mia.<br \/>\nNj\u00eb mjegull e err\u00ebt mb\u00ebshtjell gjith\u00ebsin\u00eb.<br \/>\nBab\u00ebzisht ia nis t\u00eb g\u00eblltis\u00eb<br \/>\nplima p\u00ebrqafimesh shtegtare,<br \/>\ncop\u00ebza imazhesh lumturie,<br \/>\nlamtumirat e path\u00ebna.<br \/>\nDhe \u00ebndrrat e pambukta<br \/>\nTrishtuesh\u00ebm shugaten n\u00eb unison<br \/>\np\u00ebrtej horizontit t\u00eb larg\u00ebt\u2026<\/p>\n","protected":false},"excerpt":{"rendered":"<p>Gladiola JORBUS \u00cbndrrat e pambukta N\u00eb hijen e pal\u00ebvizshm\u00ebris\u00eb, e mbushur me k\u00ebng\u00ebn e mallit, flladitet nj\u00eb klithm\u00eb p\u00ebshp\u00ebrit\u00ebse. Kujtimi yt, si vjesht\u00eb m\u00eb \u00ebsht\u00eb q\u00ebndisur pas shtatit. Nuk e belb\u00ebzoj m\u00eb emrin t\u00ebnd, as fjal\u00ebt q\u00eb m\u00eb sjellin arom\u00ebn t\u00ebnde, nuk e duroj dot m\u00eb heshtjen kur fshihesh n\u00eb mendimet e mia. Nj\u00eb mjegull [&hellip;]<\/p>\n","protected":false},"author":3,"featured_media":2305,"comment_status":"open","ping_status":"open","sticky":false,"template":"","format":"standard","meta":{"footnotes":""},"categories":[10],"tags":[],"class_list":["post-2266","post","type-post","status-publish","format-standard","has-post-thumbnail","hentry","category-poezi"],"_links":{"self":[{"href":"https:\/\/migjeni.se\/index.php\/wp-json\/wp\/v2\/posts\/2266","targetHints":{"allow":["GET"]}}],"collection":[{"href":"https:\/\/migjeni.se\/index.php\/wp-json\/wp\/v2\/posts"}],"about":[{"href":"https:\/\/migjeni.se\/index.php\/wp-json\/wp\/v2\/types\/post"}],"author":[{"embeddable":true,"href":"https:\/\/migjeni.se\/index.php\/wp-json\/wp\/v2\/users\/3"}],"replies":[{"embeddable":true,"href":"https:\/\/migjeni.se\/index.php\/wp-json\/wp\/v2\/comments?post=2266"}],"version-history":[{"count":0,"href":"https:\/\/migjeni.se\/index.php\/wp-json\/wp\/v2\/posts\/2266\/revisions"}],"wp:featuredmedia":[{"embeddable":true,"href":"https:\/\/migjeni.se\/index.php\/wp-json\/wp\/v2\/media\/2305"}],"wp:attachment":[{"href":"https:\/\/migjeni.se\/index.php\/wp-json\/wp\/v2\/media?parent=2266"}],"wp:term":[{"taxonomy":"category","embeddable":true,"href":"https:\/\/migjeni.se\/index.php\/wp-json\/wp\/v2\/categories?post=2266"},{"taxonomy":"post_tag","embeddable":true,"href":"https:\/\/migjeni.se\/index.php\/wp-json\/wp\/v2\/tags?post=2266"}],"curies":[{"name":"wp","href":"https:\/\/api.w.org\/{rel}","templated":true}]}}