{"id":2272,"date":"2024-11-28T13:59:47","date_gmt":"2024-11-28T13:59:47","guid":{"rendered":"https:\/\/migjeni.se\/?p=2272"},"modified":"2024-12-04T20:55:05","modified_gmt":"2024-12-04T19:55:05","slug":"me-poeten-zylfije-gervalla-2","status":"publish","type":"post","link":"https:\/\/migjeni.se\/index.php\/2024\/11\/28\/me-poeten-zylfije-gervalla-2\/","title":{"rendered":"Me poet\u00ebn Zylfije Gervalla"},"content":{"rendered":"<p>Zylfije Gervalla<\/p>\n<p>N\u00cbNTORI I LAVDIS\u00cb<\/p>\n<p>Me shpirt t\u00eb p\u00ebrmalluar<br \/>\nSot b\u00ebra nj\u00eb lutje Per\u00ebndi<br \/>\nT\u00eb lutem falmi krah\u00ebt e p\u00ebllumbit<br \/>\nT\u00eb fluturoj mbi Shqip\u00ebri!<\/p>\n<p>Falmi o Zot syt\u00eb e shqiponj\u00ebs<br \/>\nT\u00eb v\u00ebshtroj nga lart\u00ebsia<br \/>\nT&#8217;i shoh trojet e mia<br \/>\nSi sot feston e gjith\u00eb Shqiptaria !<\/p>\n<p>Ta shoh shqiponj\u00ebn dykrenare<br \/>\nQ\u00eb b\u00ebri buj\u00eb n&#8217;Ballkan e n\u00eb Evrop\u00eb<br \/>\nT&#8217;ia puthi duart vash\u00ebs Marigon\u00eb<br \/>\nMe flamurin m\u00eb t&#8217;bukurin n\u00eb bot\u00eb!<\/p>\n<p>Sot buz\u00ebqesh me krenari<br \/>\nAn\u00eb e mban\u00eb \u00e7do njeri<br \/>\nNga kurbeti d\u00ebrgojm\u00eb urime<br \/>\nG\u00ebzuar dit\u00ebn e flamurit, Kosova trime.<\/p>\n<p>N\u00eb k\u00ebt\u00eb muaj t\u00eb shenjt\u00eb N\u00ebntori<br \/>\nVitin 1912 dat\u00eb 28-t\u00ebs n\u00eb Vlor\u00eb<br \/>\nPas shum\u00eb p\u00ebr pjekjesh shekullore<br \/>\nLul\u00ebzoi Shqip\u00ebria Shtet\u00ebrore<\/p>\n<p>\u00cbsht\u00eb flamuri i yn\u00eb kuq e zi<br \/>\nQ\u00eb ngriti lart Ismail Qemali<br \/>\nMe Is\u00eb Boletinin e Dardanis\u00eb<br \/>\nDrit\u00eb i dhan\u00eb gjith\u00eb shqiptaris\u00eb<\/p>\n<p>P\u00ebr ty p\u00ebrkulemi n\u00eb \u00e7do stuhi<br \/>\nHimnin e liris\u00eb e b\u00ebjm\u00eb p\u00ebr ty<br \/>\nAnte, jan\u00eb d\u00ebshmor\u00ebt e Liris\u00eb<br \/>\nGjithmon\u00eb para tyre themi<br \/>\nLAVDI&#8230;<\/p>\n","protected":false},"excerpt":{"rendered":"<p>Zylfije Gervalla N\u00cbNTORI I LAVDIS\u00cb Me shpirt t\u00eb p\u00ebrmalluar Sot b\u00ebra nj\u00eb lutje Per\u00ebndi T\u00eb lutem falmi krah\u00ebt e p\u00ebllumbit T\u00eb fluturoj mbi Shqip\u00ebri! Falmi o Zot syt\u00eb e shqiponj\u00ebs T\u00eb v\u00ebshtroj nga lart\u00ebsia T&#8217;i shoh trojet e mia Si sot feston e gjith\u00eb Shqiptaria ! Ta shoh shqiponj\u00ebn dykrenare Q\u00eb b\u00ebri buj\u00eb n&#8217;Ballkan e [&hellip;]<\/p>\n","protected":false},"author":3,"featured_media":2303,"comment_status":"open","ping_status":"open","sticky":false,"template":"","format":"standard","meta":{"footnotes":""},"categories":[10],"tags":[],"class_list":["post-2272","post","type-post","status-publish","format-standard","has-post-thumbnail","hentry","category-poezi"],"_links":{"self":[{"href":"https:\/\/migjeni.se\/index.php\/wp-json\/wp\/v2\/posts\/2272","targetHints":{"allow":["GET"]}}],"collection":[{"href":"https:\/\/migjeni.se\/index.php\/wp-json\/wp\/v2\/posts"}],"about":[{"href":"https:\/\/migjeni.se\/index.php\/wp-json\/wp\/v2\/types\/post"}],"author":[{"embeddable":true,"href":"https:\/\/migjeni.se\/index.php\/wp-json\/wp\/v2\/users\/3"}],"replies":[{"embeddable":true,"href":"https:\/\/migjeni.se\/index.php\/wp-json\/wp\/v2\/comments?post=2272"}],"version-history":[{"count":0,"href":"https:\/\/migjeni.se\/index.php\/wp-json\/wp\/v2\/posts\/2272\/revisions"}],"wp:featuredmedia":[{"embeddable":true,"href":"https:\/\/migjeni.se\/index.php\/wp-json\/wp\/v2\/media\/2303"}],"wp:attachment":[{"href":"https:\/\/migjeni.se\/index.php\/wp-json\/wp\/v2\/media?parent=2272"}],"wp:term":[{"taxonomy":"category","embeddable":true,"href":"https:\/\/migjeni.se\/index.php\/wp-json\/wp\/v2\/categories?post=2272"},{"taxonomy":"post_tag","embeddable":true,"href":"https:\/\/migjeni.se\/index.php\/wp-json\/wp\/v2\/tags?post=2272"}],"curies":[{"name":"wp","href":"https:\/\/api.w.org\/{rel}","templated":true}]}}