{"id":2405,"date":"2024-12-15T17:33:05","date_gmt":"2024-12-15T16:33:05","guid":{"rendered":"https:\/\/migjeni.se\/?p=2405"},"modified":"2024-12-15T17:33:05","modified_gmt":"2024-12-15T16:33:05","slug":"mbremje-poetike-me-albert-habazaj","status":"publish","type":"post","link":"https:\/\/migjeni.se\/index.php\/2024\/12\/15\/mbremje-poetike-me-albert-habazaj\/","title":{"rendered":"Mbremje poetike me Albert HABAZAJ"},"content":{"rendered":"<p>M\u00cb HELMOVE, PIRO BREGU!&#8230;<br \/>\n-K\u00ebng\u00eb vaji p\u00ebr ikjen e Bilbilit t\u00eb k\u00ebng\u00ebs kaninjote dhe labe Piro Bregaj-<\/p>\n<p>Albert HABAZAJ<\/p>\n<p>Pse, o Piro Bregu<br \/>\nM\u00eb h\u00ebngre n\u00eb bes\u00eb,<br \/>\nTek ti, trim i hekurt<br \/>\nPata shum\u00eb shpres\u00eb.<br \/>\nIke, fluturove<br \/>\nBilbil i Kanin\u00ebs,<br \/>\nLart, tek yjet shkove<br \/>\nN&amp;#39; er&amp;#39; t\u00eb tr\u00ebndelin\u00ebs.<br \/>\nIke Piro Bregu<br \/>\nTek p\u00ebrkundje \u00ebndrr\u00ebn,<br \/>\nSikur u hap shtegu<br \/>\nMa helmoi k\u00ebng\u00ebn&#8230;<br \/>\nNertesi Asllani<br \/>\nT\u00eb thur vargje shpirti,<br \/>\nPiro kapedani<br \/>\nO Piro Artisti.<br \/>\nSi duket, t\u00eb deshi<br \/>\nShum\u00eb Nertesiu,<br \/>\nIke ti p\u00ebr lab\u00e7en<br \/>\nDrejt tij si veriu.<br \/>\nNertesi e Piro<br \/>\n\u00c7far\u00eb m\u00eb b\u00ebt\u00eb k\u00ebshtu<br \/>\nKeq m\u00eb lig\u00ebshtuat<br \/>\nSa t\u00eb vij tek ju&#8230;<br \/>\nVlor\u00eb, e m\u00ebrkur\u00eb, 27 n\u00ebntor 2024 &#8211;<br \/>\nTeatri \u201cPetro Marko\u201d, Vlor\u00eb, 1 Dhjetor 2024<\/p>\n","protected":false},"excerpt":{"rendered":"<p>M\u00cb HELMOVE, PIRO BREGU!&#8230; -K\u00ebng\u00eb vaji p\u00ebr ikjen e Bilbilit t\u00eb k\u00ebng\u00ebs kaninjote dhe labe Piro Bregaj- Albert HABAZAJ Pse, o Piro Bregu M\u00eb h\u00ebngre n\u00eb bes\u00eb, Tek ti, trim i hekurt Pata shum\u00eb shpres\u00eb. Ike, fluturove Bilbil i Kanin\u00ebs, Lart, tek yjet shkove N&amp;#39; er&amp;#39; t\u00eb tr\u00ebndelin\u00ebs. Ike Piro Bregu Tek p\u00ebrkundje \u00ebndrr\u00ebn, Sikur [&hellip;]<\/p>\n","protected":false},"author":3,"featured_media":2406,"comment_status":"open","ping_status":"open","sticky":false,"template":"","format":"standard","meta":{"footnotes":""},"categories":[10],"tags":[],"class_list":["post-2405","post","type-post","status-publish","format-standard","has-post-thumbnail","hentry","category-poezi"],"_links":{"self":[{"href":"https:\/\/migjeni.se\/index.php\/wp-json\/wp\/v2\/posts\/2405","targetHints":{"allow":["GET"]}}],"collection":[{"href":"https:\/\/migjeni.se\/index.php\/wp-json\/wp\/v2\/posts"}],"about":[{"href":"https:\/\/migjeni.se\/index.php\/wp-json\/wp\/v2\/types\/post"}],"author":[{"embeddable":true,"href":"https:\/\/migjeni.se\/index.php\/wp-json\/wp\/v2\/users\/3"}],"replies":[{"embeddable":true,"href":"https:\/\/migjeni.se\/index.php\/wp-json\/wp\/v2\/comments?post=2405"}],"version-history":[{"count":0,"href":"https:\/\/migjeni.se\/index.php\/wp-json\/wp\/v2\/posts\/2405\/revisions"}],"wp:featuredmedia":[{"embeddable":true,"href":"https:\/\/migjeni.se\/index.php\/wp-json\/wp\/v2\/media\/2406"}],"wp:attachment":[{"href":"https:\/\/migjeni.se\/index.php\/wp-json\/wp\/v2\/media?parent=2405"}],"wp:term":[{"taxonomy":"category","embeddable":true,"href":"https:\/\/migjeni.se\/index.php\/wp-json\/wp\/v2\/categories?post=2405"},{"taxonomy":"post_tag","embeddable":true,"href":"https:\/\/migjeni.se\/index.php\/wp-json\/wp\/v2\/tags?post=2405"}],"curies":[{"name":"wp","href":"https:\/\/api.w.org\/{rel}","templated":true}]}}