{"id":2473,"date":"2025-01-17T18:30:20","date_gmt":"2025-01-17T17:30:20","guid":{"rendered":"https:\/\/migjeni.se\/?p=2473"},"modified":"2025-01-17T18:30:23","modified_gmt":"2025-01-17T17:30:23","slug":"mbremje-poetike-me-valbona-r-hadri","status":"publish","type":"post","link":"https:\/\/migjeni.se\/index.php\/2025\/01\/17\/mbremje-poetike-me-valbona-r-hadri\/","title":{"rendered":"Mbremje poetike me Valbona R.Hadri"},"content":{"rendered":"<p>Valbona R.Hadri<\/p>\n<p><strong>Drith\u00ebrim\u00eb<\/strong><\/p>\n<p>Kur drith\u00ebrimat e shpirtit t\u00eb pushojn\u00eb, menj\u00ebher\u00eb, rruga humbet n\u00eb terr.<\/p>\n<p>Nj\u00ebmij\u00eb pyetja fillojn\u00eb t\u00eb t\u00eb marrin frym\u00ebn.<br \/>\nNd\u00ebrsa ti mundohesh m\u00eb kot<br \/>\nt\u00eb zgjidh\u00ebsh enigm\u00ebn.<\/p>\n<p>Ato mbulojn\u00eb gjith\u00eb pamjet e bukura<br \/>\nq\u00eb ke par\u00eb m\u00eb par\u00eb.<\/p>\n<p>Dhe trupi ka ftoht\u00eb,<br \/>\nFtoht\u00eb si n\u00eb janar.<br \/>\n\u00cbsht\u00eb nj\u00eb i ftoht\u00eb q\u00eb t&#8217;i djeg gjith\u00eb dilemat dhe heshtjet.<\/p>\n<p>Qe s&#8217;pyet p\u00ebr t\u00eb ngrohtit apo veshjet<br \/>\nMegjithat\u00eb kjo \u00ebsht\u00eb e p\u00ebrkohshme gjithmon\u00eb.<br \/>\nSepse me pas nj\u00eb drit\u00eb e vog\u00ebl ndri\u00e7on.<\/p>\n<p>Shpirti s&#8217;dor\u00ebzohet nga dhimbja e pambaruar<br \/>\nVullneti nxjerr kok\u00eb dhe d\u00ebshir\u00ebn p\u00ebr t\u00eb jetuar.<\/p>\n<p>Shpirti mbledh forc\u00eb t\u00eb tregoj q\u00eb \u00ebsht\u00eb gjall\u00eb,<br \/>\nduke vizatuar n\u00eb terr nj\u00eb mbr\u00ebmje t\u00eb bardh\u00eb.<\/p>\n<p><strong>Lamtumir\u00eb<\/strong><\/p>\n<p>Lamtumir\u00eb, njeri i zemr\u00ebs<br \/>\nN\u00eb syt\u00eb e tu ndjeva mall,<br \/>\nN\u00eb p\u00ebrqafim me nj\u00ea d\u00ebnesje<br \/>\ne rr\u00ebmbyer por prap e gjall\u00eb.<\/p>\n<p>Nj\u00ea drith\u00ebrim\u00eb me lot\u00e9 n\u0113 sy<br \/>\nM\u00eb pushtoi but\u00ebsisht\u00eb<br \/>\nFryma e ngroht\u00ea e ofsham\u00ebs sate m\u00ea b\u00ebri f\u00ebmij\u00eb s\u00ebrish.<\/p>\n<p>T\u00eb dua si er\u00ebn q\u00eb nuk e sheh,<br \/>\nPor gjithmon\u00eb e ndjen kur prek,<br \/>\nShpirti im mbetet tek ti,<br \/>\nMe shpres\u00eb q\u00eb t\u00ea takohemi p\u00ebrs\u00ebri.<\/p>\n<p>Un\u00eb tani po ngjitem qiellit<br \/>\nzem\u00ebr mbushur,<br \/>\nMe burimin e \u00ebmb\u00e9lsis\u00eb,<br \/>\nMe kujtime m\u00eb t\u00eb bukura<br \/>\nN\u00eb dor\u00eb librin e dashuris\u00ea.<\/p>\n","protected":false},"excerpt":{"rendered":"<p>Valbona R.Hadri Drith\u00ebrim\u00eb Kur drith\u00ebrimat e shpirtit t\u00eb pushojn\u00eb, menj\u00ebher\u00eb, rruga humbet n\u00eb terr. Nj\u00ebmij\u00eb pyetja fillojn\u00eb t\u00eb t\u00eb marrin frym\u00ebn. Nd\u00ebrsa ti mundohesh m\u00eb kot t\u00eb zgjidh\u00ebsh enigm\u00ebn. Ato mbulojn\u00eb gjith\u00eb pamjet e bukura q\u00eb ke par\u00eb m\u00eb par\u00eb. Dhe trupi ka ftoht\u00eb, Ftoht\u00eb si n\u00eb janar. \u00cbsht\u00eb nj\u00eb i ftoht\u00eb q\u00eb t&#8217;i djeg [&hellip;]<\/p>\n","protected":false},"author":3,"featured_media":2474,"comment_status":"open","ping_status":"open","sticky":false,"template":"","format":"standard","meta":{"footnotes":""},"categories":[1],"tags":[],"class_list":["post-2473","post","type-post","status-publish","format-standard","has-post-thumbnail","hentry","category-uncategorized"],"_links":{"self":[{"href":"https:\/\/migjeni.se\/index.php\/wp-json\/wp\/v2\/posts\/2473","targetHints":{"allow":["GET"]}}],"collection":[{"href":"https:\/\/migjeni.se\/index.php\/wp-json\/wp\/v2\/posts"}],"about":[{"href":"https:\/\/migjeni.se\/index.php\/wp-json\/wp\/v2\/types\/post"}],"author":[{"embeddable":true,"href":"https:\/\/migjeni.se\/index.php\/wp-json\/wp\/v2\/users\/3"}],"replies":[{"embeddable":true,"href":"https:\/\/migjeni.se\/index.php\/wp-json\/wp\/v2\/comments?post=2473"}],"version-history":[{"count":0,"href":"https:\/\/migjeni.se\/index.php\/wp-json\/wp\/v2\/posts\/2473\/revisions"}],"wp:featuredmedia":[{"embeddable":true,"href":"https:\/\/migjeni.se\/index.php\/wp-json\/wp\/v2\/media\/2474"}],"wp:attachment":[{"href":"https:\/\/migjeni.se\/index.php\/wp-json\/wp\/v2\/media?parent=2473"}],"wp:term":[{"taxonomy":"category","embeddable":true,"href":"https:\/\/migjeni.se\/index.php\/wp-json\/wp\/v2\/categories?post=2473"},{"taxonomy":"post_tag","embeddable":true,"href":"https:\/\/migjeni.se\/index.php\/wp-json\/wp\/v2\/tags?post=2473"}],"curies":[{"name":"wp","href":"https:\/\/api.w.org\/{rel}","templated":true}]}}