{"id":2513,"date":"2025-01-29T22:43:11","date_gmt":"2025-01-29T21:43:11","guid":{"rendered":"https:\/\/migjeni.se\/?p=2513"},"modified":"2025-01-29T22:43:15","modified_gmt":"2025-01-29T21:43:15","slug":"mbremje-poetike-me-argjiro-ukimeri","status":"publish","type":"post","link":"https:\/\/migjeni.se\/index.php\/2025\/01\/29\/mbremje-poetike-me-argjiro-ukimeri\/","title":{"rendered":"Mbr\u00ebmje poetike me Argjiro Ukimeri"},"content":{"rendered":"<p>Argjiro Ukimeri<\/p>\n<p>TI<\/p>\n<p>Parajs\u00ea Hyjnore e frym&#8217;zimit<br \/>\nQ\u00ec l&#8217;edhaton vitet e mia<br \/>\nN&#8217;pritjet t&#8217;mia t&#8217;mall\u00ebngjmit<\/p>\n<p>TI<\/p>\n<p>N&#8217;agoni fort t&#8217;lumunueme<br \/>\nP\u00ebrshp\u00ebrit si flladi ver\u00ebs<br \/>\nMu njaty si koh\u00eb e gzueme<\/p>\n<p>TI<\/p>\n<p>Zani yt porsi bilbili<br \/>\nTuj zotnue fush\u00eb e mal\u00eb<br \/>\nPorsi er\u00eb trandafili<\/p>\n<p>TI<\/p>\n<p>Drita ime e pashueme<br \/>\nPo vezullon \u00e7do gja n&#8217;mue<br \/>\nBota ime e shenjt&#8217;nueme<\/p>\n<p>TI<\/p>\n<p>Menuesh\u00ebm vjen n&#8217;andrra t&#8217;mia<br \/>\nTroket pa dashje me plot\u00eb dashni<br \/>\nT&#8217;shikoi ty njajt\u00eb si vetmia<\/p>\n<p>TI<\/p>\n<p>Nata ime e pashterueme<br \/>\nQi kallxon \u00e7do gja p\u00ear ty<br \/>\nSikur Ajo e padish&#8217;rueme<\/p>\n<p>TI<\/p>\n<p>Parandjenja jeme e mrekullueme<br \/>\nZa kanarine e amb\u00eblsueme<br \/>\nQet&#8217;sisht hirplot&#8217;\u00eb e krijueme<\/p>\n<p>TI<\/p>\n<p>Fjala.ime e pad\u00ebgjume<br \/>\nBuz&#8217;qeshje e imja e p\u00ebrmallueme<br \/>\nZa dall\u00ebndysheje amb\u00ebl k\u00ebndueme<\/p>\n<p>TI<\/p>\n<p>Kur t&#8217;zen malli ty p\u00ebr mue<br \/>\nKur filloi zemra me k&#8217;ja<br \/>\nFtyr\u00e9n tande du me pa<\/p>\n<p>TI<\/p>\n<p>Fort am\u00eal emnin ma thrret<br \/>\nN&#8217;mue \u00e7do gja e mir\u00ea kur troket<br \/>\nN&#8217;jet\u00ean tande un\u00eb ndihem mbret<\/p>\n<p>TI<br \/>\nA m&#8217;menon si t&#8217;kam menue<br \/>\nNjajt\u00ea n&#8217;ty un\u00eb tuj shpresue<br \/>\nN&#8217;syt\u00eb e mia s&#8217;du me.t&#8217;largue<\/p>\n<p>TI<br \/>\nA m&#8217;beson si t&#8217;kam besue<br \/>\nApo n&#8217;uj\u00earat e jet\u00eas un\u00ea jam rrzue<br \/>\nN&#8217;frym\u00ea jet\u00easore pa u diktue<\/p>\n<p>DASHURI<br \/>\nT\u00ca DUA TY,!<br \/>\nSEPSE EDHE TII M\u00ca DO MUA!<\/p>\n","protected":false},"excerpt":{"rendered":"<p>Argjiro Ukimeri TI Parajs\u00ea Hyjnore e frym&#8217;zimit Q\u00ec l&#8217;edhaton vitet e mia N&#8217;pritjet t&#8217;mia t&#8217;mall\u00ebngjmit TI N&#8217;agoni fort t&#8217;lumunueme P\u00ebrshp\u00ebrit si flladi ver\u00ebs Mu njaty si koh\u00eb e gzueme TI Zani yt porsi bilbili Tuj zotnue fush\u00eb e mal\u00eb Porsi er\u00eb trandafili TI Drita ime e pashueme Po vezullon \u00e7do gja n&#8217;mue Bota ime e [&hellip;]<\/p>\n","protected":false},"author":3,"featured_media":2514,"comment_status":"open","ping_status":"open","sticky":false,"template":"","format":"standard","meta":{"footnotes":""},"categories":[10],"tags":[],"class_list":["post-2513","post","type-post","status-publish","format-standard","has-post-thumbnail","hentry","category-poezi"],"_links":{"self":[{"href":"https:\/\/migjeni.se\/index.php\/wp-json\/wp\/v2\/posts\/2513","targetHints":{"allow":["GET"]}}],"collection":[{"href":"https:\/\/migjeni.se\/index.php\/wp-json\/wp\/v2\/posts"}],"about":[{"href":"https:\/\/migjeni.se\/index.php\/wp-json\/wp\/v2\/types\/post"}],"author":[{"embeddable":true,"href":"https:\/\/migjeni.se\/index.php\/wp-json\/wp\/v2\/users\/3"}],"replies":[{"embeddable":true,"href":"https:\/\/migjeni.se\/index.php\/wp-json\/wp\/v2\/comments?post=2513"}],"version-history":[{"count":0,"href":"https:\/\/migjeni.se\/index.php\/wp-json\/wp\/v2\/posts\/2513\/revisions"}],"wp:featuredmedia":[{"embeddable":true,"href":"https:\/\/migjeni.se\/index.php\/wp-json\/wp\/v2\/media\/2514"}],"wp:attachment":[{"href":"https:\/\/migjeni.se\/index.php\/wp-json\/wp\/v2\/media?parent=2513"}],"wp:term":[{"taxonomy":"category","embeddable":true,"href":"https:\/\/migjeni.se\/index.php\/wp-json\/wp\/v2\/categories?post=2513"},{"taxonomy":"post_tag","embeddable":true,"href":"https:\/\/migjeni.se\/index.php\/wp-json\/wp\/v2\/tags?post=2513"}],"curies":[{"name":"wp","href":"https:\/\/api.w.org\/{rel}","templated":true}]}}