{"id":2580,"date":"2025-02-12T23:30:03","date_gmt":"2025-02-12T22:30:03","guid":{"rendered":"https:\/\/migjeni.se\/?p=2580"},"modified":"2025-02-13T14:49:23","modified_gmt":"2025-02-13T13:49:23","slug":"kadri-tarelliheronjte-meritojne-pavdekesi","status":"publish","type":"post","link":"https:\/\/migjeni.se\/index.php\/2025\/02\/12\/kadri-tarelliheronjte-meritojne-pavdekesi\/","title":{"rendered":"Kadri Tarelli:HERONJT\u00cb MERITOJN\u00cb PAVDEK\u00cbSI"},"content":{"rendered":"<p>Kadri Tarelli<\/p>\n<p>T\u00eb nderuar lexues!<br \/>\nPara dy dit\u00ebsh, sakt\u00ebsisht m\u00eb, 08, 02, 2025, n\u00eb qytetin Istog t\u00eb Dardanis\u00eb<br \/>\nu organizua nj\u00eb tubim i madh, me pjes\u00ebtar\u00eb nga t\u00eb gjitha viset shqiptare,<br \/>\np\u00ebrfshi edhe pasardh\u00ebs t\u00eb familjeve t\u00eb heronjve, p\u00ebr t\u00eb p\u00ebrkujtuar 80-vjetorin e<br \/>\nr\u00ebnies s\u00eb luft\u00ebtar\u00ebve: Bajram Sali Gashi, Ram\u00eb Ali dhe i biri Sali Rama. Me k\u00ebt\u00eb<br \/>\nrast u p\u00ebrurua edhe memoriali kushtuar t\u00eb tre heronjve, q\u00eb ran\u00eb duke luftuar<br \/>\nkund\u00ebr ushtris\u00eb Serbe, q\u00eb po ripushtonte Dardanin\u00eb, n\u00eb prag t\u00eb mbarimit t\u00eb<br \/>\nLuft\u00ebs s\u00eb II-t\u00eb bot\u00ebrore.<br \/>\nNga Durr\u00ebsi u ndodh\u00ebm: familjar\u00eb pasardh\u00ebs t\u00eb heroit Bajram Sali<br \/>\nGashit, si Drita Shala (e bija), Agim dhe Musa Kabashi, (nipat), Bajram Shala, e<br \/>\nt\u00eb tjer\u00eb, mes tyre edhe un\u00eb, si redaktor i librit \u201cKosova Andrra e jet\u00ebs sime\u201d<br \/>\nshkruar nga bajram Halil gashi, ish drejtor i shkoll\u00ebs \u201cBesnik Hida\u201d, n\u00eb<br \/>\nSh\u00ebnavlash t\u00eb Durr\u00ebsit.<br \/>\nN\u00eb em\u00ebr t\u00eb t\u00eb gjith\u00eb durrsak\u00ebve foli Drita Shala, (Kabashi) e bija, tashm\u00eb<br \/>\nn\u00eb mosh\u00eb t\u00eb thyer.<br \/>\nAgimi shp\u00ebrndau shum\u00eb libra p\u00ebr t\u00eb interesuarit e shumt\u00eb.<br \/>\nN\u00eb at\u00eb miting t\u00eb madh edhe un\u00eb takova disa nga miqt\u00eb e mi t\u00eb hersh\u00ebm;<br \/>\nEnver Lipa, nga Kamernica (fshat af\u00ebr Istogut), Maxun Osmanaj (poet e<br \/>\nshkrimtar nga Istogu), Gani Veselaj, ekonomist nga Peja. Miqve u dhurova<br \/>\nlibrat: \u201cVjeshta n\u00eb Vargje\u201d, botimi i im dhe \u201cN\u00eb bot\u00ebn letrare t\u00eb Kadri Tarellit\u201d,<br \/>\nshkruar e botuar nga shkrimtarja e mir\u00ebnjohur Vlonjate Vilhelme Vrana<br \/>\nHaxhiraj.<br \/>\nGani veselaj nguli k\u00ebmb\u00eb q\u00eb t\u00eb drekonim s\u00eb bashku n\u00eb nj\u00eb lokal t\u00eb bukur<br \/>\nrr\u00ebz\u00eb malit, pran\u00eb burimit t\u00eb Istogut.<br \/>\nUn\u00eb po paraqes fjal\u00ebn time t\u00eb p\u00ebrgatitur enkas p\u00ebr k\u00ebt\u00eb ngjarje t\u00eb madhe,<br \/>\nq\u00eb e quaj t\u00eb shenjt\u00eb.<br \/>\nLexim t\u00eb k\u00ebndhsh\u00ebm&#8230;&#8230;.!<\/p>\n<p>Kadri Tarelli shkruan:<\/p>\n<p>Erdha se m\u00eb thirri Kosova&#8230;.!<\/p>\n<p>Tha dikur, Bajram Sali Gashi<\/p>\n<p>HERONJT\u00cb MERITOJN\u00cb PAVDEK\u00cbSI<\/p>\n<p>Bajram Sali Gashi, Ram\u00eb Alia dhe Sali Rama, n\u00eb 80-vjetorin e<\/p>\n<p>r\u00ebnies.<\/p>\n<p>P\u00ebrsh\u00ebndetje t\u00eb gjith\u00eb t\u00eb pranishmit q\u00eb jemi mbledhur k\u00ebtu, n\u00eb k\u00ebt\u00eb<br \/>\nfest\u00eb t\u00eb madhe, nga t\u00eb gjith\u00eb trojet arbnore.<br \/>\nJam Kadri Tarerlli, vij nga Durr\u00ebsi, dhe flas edhe n\u00eb em\u00ebr t\u00eb atyre<br \/>\ndurrsak\u00ebve q\u00eb nuk mund\u00ebn t\u00eb jen\u00eb t\u00eb pranish\u00ebm k\u00ebtu n\u00eb k\u00ebt\u00eb veprimtari<br \/>\nt\u00eb sh\u00ebnuar atdhetarie.<br \/>\nJu admiroj, q\u00eb e shnd\u00ebrruat k\u00ebt\u00eb dit\u00eb t\u00eb 80-vjetorit t\u00eb r\u00ebnies, n\u00eb nj\u00eb<br \/>\ndit\u00eb t\u00eb shenjt\u00eb, n\u00eb kujtim dhe nderim p\u00ebr heronjt\u00eb: Bajram Salihi (K\u00ebshtu<br \/>\ne th\u00ebrrisnin dikur drejtorin Bajram Sali Gashi, n\u00eb Sh\u00ebnavlash t\u00eb Durr\u00ebsit,<br \/>\nn\u00eb vitet, 1938-1941), s\u00eb bashku me trimat Ram\u00eb Alia dhe i biri Sali<br \/>\nRama, nga familja e madhe atdhetare \u201cMuzliaj\u201d, k\u00ebtu n\u00eb fshatin U\u00e7\u00eb,<br \/>\npran\u00eb Istogut.<br \/>\nJu admiroj edhe p\u00ebr nj\u00eb arsye tjet\u00ebr: Ju e shnd\u00ebrruat k\u00ebt\u00eb truall<br \/>\nDardanie n\u00eb vend t\u00eb shenjt\u00eb, sepse edhe heronjt\u00eb jan\u00eb t\u00eb shenjt. Besoj<\/p>\n<p>se jeni n\u00eb nj\u00eb mendje me mua kur them: Ka shenjtor\u00eb, q\u00eb besojn\u00eb dhe i<br \/>\nsh\u00ebrbejn\u00eb Zotit deri n\u00eb vet\u00ebmohim. Zotit q\u00eb \u00ebsht\u00eb lart n\u00eb qiell. Por ka<br \/>\nedhe shenjtor\u00eb q\u00eb mbijn\u00eb nga dheu, rriten mbi dhe, dhe i sh\u00ebrbejn\u00eb<br \/>\nkombit e m\u00ebm\u00ebdheut, duke dh\u00ebn\u00eb jet\u00ebn, p\u00ebr t\u00eb mbetur simbol burr\u00ebrie,<br \/>\nbese, atdhetarie e shqiptarie, si\u00e7 jan\u00eb edhe tre heronjt\u00eb tan\u00eb.<br \/>\nBesoj nuk jam gabim t\u00eb shprehem: Heronjt\u00eb, Bajram Sali Gashi,<br \/>\nRam\u00eb Alia dhe i biri Sali Rama, kan\u00eb dy monumente:<br \/>\nS\u00eb pari: Kolegu drejtor, Bajram Halil Gashi, banor n\u00eb Sh\u00ebnavlash<br \/>\nt\u00eb Durr\u00ebsit, me origjin\u00eb nga U\u00e7a, \u00ebsht\u00eb autor i monografis\u00eb \u201cKosova<br \/>\nAndrra e jet\u00ebs sime\u201d, kushtuar tre heronjve, botuar pak koh\u00eb m\u00eb par\u00eb<br \/>\ndhe p\u00ebruruar k\u00ebtu n\u00eb Istog. Lib\u00ebr p\u00ebr t\u00eb cilin ai punoi rreth 15 vjet, q\u00eb<br \/>\nun\u00eb e quaj nj\u00eb \u201cMonument i ngritur n\u00eb letra\u201d, sepse emrat e tyre jan\u00eb<br \/>\nskalitur n\u00eb \u201cArk\u00ebn e kujtes\u00ebs\u201d, q\u00eb \u00ebsht\u00eb libri, i cili sot \u00ebsht\u00eb n\u00eb dor\u00eb t\u00eb<br \/>\nmij\u00ebra qytetar\u00ebve n\u00eb mbar\u00eb trojet arbnore. Lib\u00ebr i vendosur n\u00eb krye t\u00eb<br \/>\noxhakut n\u00eb od\u00ebn e burrave, diku m\u00eb tej i hapur e lexuar n\u00eb bibliotekat e<br \/>\nshkollave e t\u00eb qyteteve. Besoj nuk \u00ebsht\u00eb pak, por jo mjaftuesh\u00ebm&#8230;&#8230;.!<br \/>\nThem k\u00ebshtu, sepse duhet t\u00eb ngrihej edhe nj\u00eb tjet\u00ebr monument<br \/>\nmadh\u00ebshtor, si ky q\u00eb kemi p\u00ebrball\u00eb. Monument me t\u00eb cilin nderohen<br \/>\nheronjt\u00eb, nderohet Istogu, por krenohemi t\u00eb gjith\u00eb ne q\u00eb jemi mbledhur<br \/>\nsot k\u00ebtu, krenohet burr\u00ebria, trim\u00ebria, atdhetaria dhe shqiptarizmi.<br \/>\nKrenohet e ndri\u00e7ohet mbar\u00eb Dardania e shqiptaria.<br \/>\nJam vizitor i kahersh\u00ebm i k\u00ebtij qyteti, dhe i dashuruar me Istogun e<br \/>\nbukuris\u00eb, burr\u00ebris\u00eb dhe trim\u00ebris\u00eb. Ndaj prej koh\u00ebsh e kam pritur k\u00ebt\u00eb dit\u00eb<br \/>\nt\u00eb shenjt\u00eb, t\u00eb shoh t\u00eb ngritur nj\u00eb monument q\u00eb i ka hije \u00e7do luft\u00ebtari e<br \/>\nd\u00ebshmori, q\u00eb bie p\u00ebr liri. Ndjej nj\u00eb krenari t\u00eb ushqyer prej vitesh, si<br \/>\nmij\u00ebra e mij\u00ebra shqiptar\u00eb n\u00eb t\u00eb dy an\u00ebt e gardhit q\u00eb na ngriti historia.<br \/>\nK\u00ebshtu, gjej rast t\u2019ju shpreh mir\u00ebnjohje dhe fal\u00ebnderim, ideator\u00ebve<br \/>\nq\u00eb realizuan nj\u00eb \u00ebnd\u00ebrr t\u00eb \u00e7do shqiptari, sepse vepra dhe gjaku i<br \/>\nheronjve na m\u00ebson se: \u201cLirin\u00eb nuk ta dhuron kush, ajo fitohet me gjak<br \/>\ndhe mbrohet me jet\u00eb\u201d.<br \/>\nHistoria jon\u00eb e p\u00ebrgjakur n\u00eb shekuj, n\u00eb luft\u00eb p\u00ebr liri, na thot\u00eb, se<br \/>\njeta dhe vepra e heronjve \u00ebsht\u00eb si prushi i fjetur n\u00ebn hi, i cili kur zbulohet<br \/>\nndez zjarrin e atdhetarizmit te t\u00eb rinjt\u00eb q\u00eb nuk durojn\u00eb rob\u00ebri. K\u00ebtu e ka<br \/>\nburimin dhe gjen ushqim, edhe zjarri q\u00eb u ndez 25 vjet m\u00eb par\u00eb, kur<br \/>\nshp\u00ebrtheu lufta \u00e7lirimtare e U\u00c7K-s\u00eb, e cila s\u00eb bashku me ndihm\u00ebn e<br \/>\nfaktorit nd\u00ebrkomb\u00ebtar, b\u00ebri t\u00eb mundur \u00e7lirimin e Dardanis\u00eb, e m\u00eb pas t\u00eb<br \/>\nshpall\u00eb m\u00ebvet\u00ebsin\u00eb, t\u00eb cil\u00ebn e g\u00ebzojm\u00eb sot.<br \/>\nUn\u00eb i rrah shpesh udh\u00ebt e Dardanis\u00eb, dhe m\u00eb b\u00ebjn\u00eb p\u00ebrshtypje dy<br \/>\ndukuri, q\u00eb e vlejn\u00eb t\u2019i p\u00ebrmend:<br \/>\nE para: Ju po vraponi shpejt, p\u00ebr t\u00eb kapur koh\u00ebn e humbur nga<br \/>\nsundimi i gjat\u00eb. Ju p\u00ebrg\u00ebzoj dhe ju uroj suksese!<br \/>\nDhe e dyta: Nj\u00eb kujdes i admiruesh\u00ebm p\u00ebr ngritjen e monumenteve<br \/>\nkushtuar heronjve t\u00eb r\u00ebn\u00eb p\u00ebr liri. Ju admiroj. Nderimi p\u00ebr ta \u00ebsht\u00eb<br \/>\nvler\u00ebsim p\u00ebr gjakun e derdhur, p\u00ebr jet\u00ebn e v\u00ebn\u00eb n\u00eb themelet e liris\u00eb t\u00eb<br \/>\nkombit e m\u00ebm\u00ebdheut!<\/p>\n<p>Lavdi p\u00ebrjet\u00eb d\u00ebshmor\u00ebve dhe heronjve: Bajram Sali Gashi, Ram\u00eb<br \/>\nAlia dhe Sali Rama!<br \/>\nM\u00eb lejoni t\u00eb shtoj edhe dy vargje thurur n\u00eb \u00e7ast:<\/p>\n","protected":false},"excerpt":{"rendered":"<p>Kadri Tarelli T\u00eb nderuar lexues! Para dy dit\u00ebsh, sakt\u00ebsisht m\u00eb, 08, 02, 2025, n\u00eb qytetin Istog t\u00eb Dardanis\u00eb u organizua nj\u00eb tubim i madh, me pjes\u00ebtar\u00eb nga t\u00eb gjitha viset shqiptare, p\u00ebrfshi edhe pasardh\u00ebs t\u00eb familjeve t\u00eb heronjve, p\u00ebr t\u00eb p\u00ebrkujtuar 80-vjetorin e r\u00ebnies s\u00eb luft\u00ebtar\u00ebve: Bajram Sali Gashi, Ram\u00eb Ali dhe i biri Sali [&hellip;]<\/p>\n","protected":false},"author":3,"featured_media":2581,"comment_status":"open","ping_status":"open","sticky":false,"template":"","format":"standard","meta":{"footnotes":""},"categories":[8],"tags":[],"class_list":["post-2580","post","type-post","status-publish","format-standard","has-post-thumbnail","hentry","category-opinione"],"_links":{"self":[{"href":"https:\/\/migjeni.se\/index.php\/wp-json\/wp\/v2\/posts\/2580","targetHints":{"allow":["GET"]}}],"collection":[{"href":"https:\/\/migjeni.se\/index.php\/wp-json\/wp\/v2\/posts"}],"about":[{"href":"https:\/\/migjeni.se\/index.php\/wp-json\/wp\/v2\/types\/post"}],"author":[{"embeddable":true,"href":"https:\/\/migjeni.se\/index.php\/wp-json\/wp\/v2\/users\/3"}],"replies":[{"embeddable":true,"href":"https:\/\/migjeni.se\/index.php\/wp-json\/wp\/v2\/comments?post=2580"}],"version-history":[{"count":0,"href":"https:\/\/migjeni.se\/index.php\/wp-json\/wp\/v2\/posts\/2580\/revisions"}],"wp:featuredmedia":[{"embeddable":true,"href":"https:\/\/migjeni.se\/index.php\/wp-json\/wp\/v2\/media\/2581"}],"wp:attachment":[{"href":"https:\/\/migjeni.se\/index.php\/wp-json\/wp\/v2\/media?parent=2580"}],"wp:term":[{"taxonomy":"category","embeddable":true,"href":"https:\/\/migjeni.se\/index.php\/wp-json\/wp\/v2\/categories?post=2580"},{"taxonomy":"post_tag","embeddable":true,"href":"https:\/\/migjeni.se\/index.php\/wp-json\/wp\/v2\/tags?post=2580"}],"curies":[{"name":"wp","href":"https:\/\/api.w.org\/{rel}","templated":true}]}}