{"id":2601,"date":"2025-02-17T15:16:28","date_gmt":"2025-02-17T14:16:28","guid":{"rendered":"https:\/\/migjeni.se\/?p=2601"},"modified":"2025-02-17T15:16:36","modified_gmt":"2025-02-17T14:16:36","slug":"me-peotin-vlonjat-albert-habazaj","status":"publish","type":"post","link":"https:\/\/migjeni.se\/index.php\/2025\/02\/17\/me-peotin-vlonjat-albert-habazaj\/","title":{"rendered":"Me peotin vlonjat Albert HABAZAJ"},"content":{"rendered":"<p>MIR\u00cbM\u00cbNGJESI, KOSOV\u00cb, E BUKURA IME!<br \/>\nNderim 17 Shkurtit, Dit\u00ebs t\u00eb shpalljes s\u00eb Pavar\u00ebsis\u00eb s\u00eb Kosov\u00ebs<\/p>\n<p>Nga Albert HABAZAJ, Vlor\u00eb<br \/>\n1. K\u0401NG\u0401 P\u0401R FLAMUR<\/p>\n<p>P\u00ebrsh\u00ebndetje Pavar\u00ebsis\u00eb s\u00eb Kosov\u00ebs<br \/>\nOj, Kosov\u00eb, o krah\u2019Shqiponje<br \/>\nKrah\u2019 rrebeshesh i plagosur,<br \/>\nSi\u00e7 kam ty ti n\u00eb\u00a0\u00a0tonat troje<br \/>\nKam \u00c7am\u00ebrin\u00eb sakatosur.<\/p>\n<p>Vjen me frym\u00eb Per\u00ebndie<br \/>\nP\u00ebrreth Sheshit t\u00eb Flamurit<br \/>\nYj\u00ebsia e Lavdive,<br \/>\nKu zihet Besa e Burrit!<\/p>\n<p>Tok me Ismail Qemalin<br \/>\nQ\u00ebndron baca Boletin &#8211;<br \/>\nEmblema jon\u00eb krenare<br \/>\nDhe kur ndrin a bubullin.<\/p>\n<p>Prishtina ime \u00ebsht\u00eb Vlor\u00eb<br \/>\nEdhe Vlora \u00ebsht\u2019 Prishtin\u00eb.<br \/>\nP\u00ebr FLAMUR po thur kuror\u00eb,<br \/>\nK\u00ebng\u00eb yjesh p\u00ebr SHQIPTARIN\u00cb.<\/p>\n","protected":false},"excerpt":{"rendered":"<p>MIR\u00cbM\u00cbNGJESI, KOSOV\u00cb, E BUKURA IME! Nderim 17 Shkurtit, Dit\u00ebs t\u00eb shpalljes s\u00eb Pavar\u00ebsis\u00eb s\u00eb Kosov\u00ebs Nga Albert HABAZAJ, Vlor\u00eb 1. K\u0401NG\u0401 P\u0401R FLAMUR P\u00ebrsh\u00ebndetje Pavar\u00ebsis\u00eb s\u00eb Kosov\u00ebs Oj, Kosov\u00eb, o krah\u2019Shqiponje Krah\u2019 rrebeshesh i plagosur, Si\u00e7 kam ty ti n\u00eb\u00a0\u00a0tonat troje Kam \u00c7am\u00ebrin\u00eb sakatosur. Vjen me frym\u00eb Per\u00ebndie P\u00ebrreth Sheshit t\u00eb Flamurit Yj\u00ebsia e Lavdive, [&hellip;]<\/p>\n","protected":false},"author":3,"featured_media":2409,"comment_status":"open","ping_status":"open","sticky":false,"template":"","format":"standard","meta":{"footnotes":""},"categories":[10],"tags":[],"class_list":["post-2601","post","type-post","status-publish","format-standard","has-post-thumbnail","hentry","category-poezi"],"_links":{"self":[{"href":"https:\/\/migjeni.se\/index.php\/wp-json\/wp\/v2\/posts\/2601","targetHints":{"allow":["GET"]}}],"collection":[{"href":"https:\/\/migjeni.se\/index.php\/wp-json\/wp\/v2\/posts"}],"about":[{"href":"https:\/\/migjeni.se\/index.php\/wp-json\/wp\/v2\/types\/post"}],"author":[{"embeddable":true,"href":"https:\/\/migjeni.se\/index.php\/wp-json\/wp\/v2\/users\/3"}],"replies":[{"embeddable":true,"href":"https:\/\/migjeni.se\/index.php\/wp-json\/wp\/v2\/comments?post=2601"}],"version-history":[{"count":0,"href":"https:\/\/migjeni.se\/index.php\/wp-json\/wp\/v2\/posts\/2601\/revisions"}],"wp:featuredmedia":[{"embeddable":true,"href":"https:\/\/migjeni.se\/index.php\/wp-json\/wp\/v2\/media\/2409"}],"wp:attachment":[{"href":"https:\/\/migjeni.se\/index.php\/wp-json\/wp\/v2\/media?parent=2601"}],"wp:term":[{"taxonomy":"category","embeddable":true,"href":"https:\/\/migjeni.se\/index.php\/wp-json\/wp\/v2\/categories?post=2601"},{"taxonomy":"post_tag","embeddable":true,"href":"https:\/\/migjeni.se\/index.php\/wp-json\/wp\/v2\/tags?post=2601"}],"curies":[{"name":"wp","href":"https:\/\/api.w.org\/{rel}","templated":true}]}}