{"id":2659,"date":"2025-02-25T19:52:08","date_gmt":"2025-02-25T18:52:08","guid":{"rendered":"https:\/\/migjeni.se\/?p=2659"},"modified":"2025-02-25T19:52:11","modified_gmt":"2025-02-25T18:52:11","slug":"mbremje-poetike-me-elvira-zeneli-10","status":"publish","type":"post","link":"https:\/\/migjeni.se\/index.php\/2025\/02\/25\/mbremje-poetike-me-elvira-zeneli-10\/","title":{"rendered":"Mbr\u00ebmje poetike me Elvira Zeneli"},"content":{"rendered":"<p>Elvira Zeneli<\/p>\n<p><strong>HARKU I TELAVE T\u00cb DASHURIS\u00cb<\/strong><\/p>\n<p>Kjo mbr\u00ebmje e heshtur dimri<br \/>\np\u00ebrpiqet ta ndaloj k\u00ebt\u00eb mendim t\u00eb larg\u00ebt<br \/>\nNj\u00eb zjarr i leht\u00eb shpirtin e ngrir\u00eb ma ngacmon<br \/>\nSyt\u00eb e tij q\u00eb thell\u00eb m\u00eb buz\u00ebqeshin<br \/>\nMendja ulet e pushon mes vargjeve<br \/>\nTestatur\u00ebn e ula dhe fillova t\u00eb meditoj<br \/>\nTi erdhe me fanar dhe hyre n\u00eb koridorin e kalas\u00eb,<br \/>\nI mbuluar me pluhur e fije merimange.<\/p>\n<p>Ah, ky krater vullkani i zjarrt\u00eb<br \/>\nKlithmat i p\u00ebrthyhen mureve<br \/>\nAi \u00ebsht\u00eb harku i telave t\u00eb dashuris\u00eb<br \/>\n\u00cbsht\u00eb i vetmi tel i lumturis\u00eb<br \/>\nQ\u00eb rrug\u00ebn e mbetur t\u00eb koh\u00ebs son\u00eb na tregon<br \/>\nE dielli q\u00eb rrezon rrug\u00ebn p\u00ebr n\u00eb kopshtin e besnik\u00ebris\u00eb q\u00eb kemi ne t\u00eb dy,<br \/>\nSikur i ka ngrir\u00eb rrezet e tij pas perdeve t\u00eb mjegull\u00ebs dim\u00ebrore.<\/p>\n<p>Plakjes son\u00eb fundi i ka ardh\u00eb<br \/>\nP\u00ebrderisa shpirti rinohet me dashuri<br \/>\nI dham\u00eb zjarr, buz\u00ebqeshje, puthje, syrit dhe fytyr\u00ebs,<br \/>\nNe i dham\u00eb em\u00ebr edhe \u00ebndrr\u00ebs&#8230;<br \/>\nE gjat\u00eb m\u00eb duket nata dhe i larg\u00ebt \u00ebsht\u00eb m\u00ebngjesi kur m\u00eb mungon z\u00ebri yt<br \/>\nT\u00eb p\u00ebrsh\u00ebndes me buz\u00ebt ngjitur, ngrir\u00eb nga akulldimri&#8230;<\/p>\n<p>Ne e dim\u00eb se jemi te dy t\u00eb harlisur n\u00eb dashuri.<br \/>\nPa \u00e7ka se ti ngele me kostumin t\u00ebnd gri<br \/>\nE un\u00eb ngela mb\u00ebshtjell\u00eb me vellon e nus\u00ebris\u00eb harruar nga kurora e prangosur<br \/>\nN\u00eb nj\u00eb koh\u00eb t\u00eb pakoh\u00eb!<br \/>\nDuke pritur nj\u00eb \u00e7ast mos dimri do t\u00eb shkrij\u00eb&#8230;<\/p>\n<p><strong>NES\u00cbR JAM ATY&#8230;<\/strong><\/p>\n<p>Nes\u00ebr jam aty,<br \/>\nU b\u00ebni z\u00eb lisave t\u00eb m\u00eb dalin p\u00ebrpara<br \/>\nN\u00eb k\u00ebmb\u00eb me kujtime t\u00eb m\u00eb presin<br \/>\nT\u00eb m\u00eb shohin sa jam rritur,<br \/>\nT\u00eb ulemi e t\u00eb \u00e7mallemi.<\/p>\n<p>Nes\u00ebr jam aty,<br \/>\nKroit me kup\u00ebn e gurt\u00eb i thoni<br \/>\nTa ruaj, po mundi, nj\u00eb grusht me uj\u00eb p\u00ebr mua<br \/>\nKam nj\u00eb etje t\u00eb mo\u00e7me<br \/>\nVij e lodhur nga rruga<br \/>\nKujtimet m\u00eb shfaqen n\u00eb \u00e7do vend ku kam ecur<br \/>\nImazhi yt m\u00eb del duke m\u00eb buz\u00ebqeshur<br \/>\nSi legjenda e Ur\u00ebs s\u00eb Vash\u00ebs<br \/>\nLumi i shtrir\u00eb n\u00ebn k\u00ebmb\u00ebt e saj<br \/>\nFreskon me val\u00eb dashurin\u00eb e humbur.<\/p>\n<p>Nes\u00ebr jam aty<br \/>\nKujtimet do ti mbledh si nj\u00eb buqet\u00eb me lule n\u00eb hyrje t\u00eb fshatit<br \/>\nNgash\u00ebrimi do t&#8217;ja shkund\u00eb flet\u00ebn e fundit manit<br \/>\nFlet\u00eb e fundit, a fjal\u00eb e path\u00ebn\u00eb i dashur<br \/>\nThinj\u00ebn time f\u00ebmij\u00ebria, do ta shtyj\u00eb n\u00eb kufinjt\u00eb e legjend\u00ebs,<br \/>\nI dashur, jam aty nes\u00ebr!<\/p>\n","protected":false},"excerpt":{"rendered":"<p>Elvira Zeneli HARKU I TELAVE T\u00cb DASHURIS\u00cb Kjo mbr\u00ebmje e heshtur dimri p\u00ebrpiqet ta ndaloj k\u00ebt\u00eb mendim t\u00eb larg\u00ebt Nj\u00eb zjarr i leht\u00eb shpirtin e ngrir\u00eb ma ngacmon Syt\u00eb e tij q\u00eb thell\u00eb m\u00eb buz\u00ebqeshin Mendja ulet e pushon mes vargjeve Testatur\u00ebn e ula dhe fillova t\u00eb meditoj Ti erdhe me fanar dhe hyre n\u00eb [&hellip;]<\/p>\n","protected":false},"author":3,"featured_media":2556,"comment_status":"open","ping_status":"open","sticky":false,"template":"","format":"standard","meta":{"footnotes":""},"categories":[10],"tags":[],"class_list":["post-2659","post","type-post","status-publish","format-standard","has-post-thumbnail","hentry","category-poezi"],"_links":{"self":[{"href":"https:\/\/migjeni.se\/index.php\/wp-json\/wp\/v2\/posts\/2659","targetHints":{"allow":["GET"]}}],"collection":[{"href":"https:\/\/migjeni.se\/index.php\/wp-json\/wp\/v2\/posts"}],"about":[{"href":"https:\/\/migjeni.se\/index.php\/wp-json\/wp\/v2\/types\/post"}],"author":[{"embeddable":true,"href":"https:\/\/migjeni.se\/index.php\/wp-json\/wp\/v2\/users\/3"}],"replies":[{"embeddable":true,"href":"https:\/\/migjeni.se\/index.php\/wp-json\/wp\/v2\/comments?post=2659"}],"version-history":[{"count":0,"href":"https:\/\/migjeni.se\/index.php\/wp-json\/wp\/v2\/posts\/2659\/revisions"}],"wp:featuredmedia":[{"embeddable":true,"href":"https:\/\/migjeni.se\/index.php\/wp-json\/wp\/v2\/media\/2556"}],"wp:attachment":[{"href":"https:\/\/migjeni.se\/index.php\/wp-json\/wp\/v2\/media?parent=2659"}],"wp:term":[{"taxonomy":"category","embeddable":true,"href":"https:\/\/migjeni.se\/index.php\/wp-json\/wp\/v2\/categories?post=2659"},{"taxonomy":"post_tag","embeddable":true,"href":"https:\/\/migjeni.se\/index.php\/wp-json\/wp\/v2\/tags?post=2659"}],"curies":[{"name":"wp","href":"https:\/\/api.w.org\/{rel}","templated":true}]}}