{"id":2664,"date":"2025-02-27T12:08:49","date_gmt":"2025-02-27T11:08:49","guid":{"rendered":"https:\/\/migjeni.se\/?p=2664"},"modified":"2025-02-27T12:08:51","modified_gmt":"2025-02-27T11:08:51","slug":"pasdtija-peotike-me-jana-tafilaj","status":"publish","type":"post","link":"https:\/\/migjeni.se\/index.php\/2025\/02\/27\/pasdtija-peotike-me-jana-tafilaj\/","title":{"rendered":"Pasdtija peotike me Jana Tafilaj"},"content":{"rendered":"<div class=\"x11i5rnm xat24cr x1mh8g0r x1vvkbs xtlvy1s x126k92a\">\n<div dir=\"auto\">Jana Tafilaj<\/div>\n<div dir=\"auto\"><strong>RRUAGA E JET\u00cbS\u00a0<\/strong><\/div>\n<div dir=\"auto\"><\/div>\n<\/div>\n<div class=\"x11i5rnm xat24cr x1mh8g0r x1vvkbs xtlvy1s x126k92a\">\n<div dir=\"auto\">Vijm\u00eb n\u00eb jet\u00eb duke qar\u00eb,,,<\/div>\n<div dir=\"auto\">A e dini ?pse k\u00ebshtu vall\u00eb?<\/div>\n<div dir=\"auto\">s&#8217;dim\u00eb p\u00ebrpara \u00e7far na pret,<\/div>\n<div dir=\"auto\">koh\u00eb me diell\u00eb, apo qamet .<\/div>\n<\/div>\n<div class=\"x11i5rnm xat24cr x1mh8g0r x1vvkbs xtlvy1s x126k92a\">\n<div dir=\"auto\">Jeta \u00ebsht\u00eb ve\u00e7 nj\u00eb mister..<\/div>\n<div dir=\"auto\">nuk e dim\u00eb sesi t\u00eb merr,<\/div>\n<div dir=\"auto\">Me sfida ,apo e mbar\u00eb,,,,,<\/div>\n<div dir=\"auto\">duke qeshur a duke qar\u00eb.<\/div>\n<\/div>\n<div class=\"x11i5rnm xat24cr x1mh8g0r x1vvkbs xtlvy1s x126k92a\">\n<div dir=\"auto\">Mbi kok\u00eb hedhur ky beton<\/div>\n<div dir=\"auto\">si vello duket,po shum\u00eb r\u00ebndon,<\/div>\n<div dir=\"auto\">Kush \u00ebsht\u00eb i fort\u00eb,i duron ,<\/div>\n<div dir=\"auto\">Kush nuk \u00ebsht\u00eb, veten shkat\u00ebrron.<\/div>\n<\/div>\n<div class=\"x11i5rnm xat24cr x1mh8g0r x1vvkbs xtlvy1s x126k92a\">\n<div dir=\"auto\">Jeta sfid\u00eb dhe sakrific,<\/div>\n<div dir=\"auto\">Luftojm\u00eb \u00e7do dit\u00eb e \u00e7do vit,<\/div>\n<div dir=\"auto\">P\u00ebr ta b\u00ebr\u00eb , at\u00eb t\u00eb lumtur ,<\/div>\n<div dir=\"auto\">t\u00eb ecim n\u00eb rrug\u00ebn e duhur.<\/div>\n<\/div>\n<div class=\"x11i5rnm xat24cr x1mh8g0r x1vvkbs xtlvy1s x126k92a\">\n<div dir=\"auto\">Po t\u00eb shkau jeta nga duart &#8230;.<\/div>\n<div dir=\"auto\">\u00ebsht\u00eb si ngjala, m\u00eb dot se kap,<\/div>\n<div dir=\"auto\">Shum\u00eb thell\u00eb ,duhet menduar ,<\/div>\n<div dir=\"auto\">Q\u00eb ta hedh\u00ebsh at\u00eb hap !<\/div>\n<\/div>\n","protected":false},"excerpt":{"rendered":"<p>Jana Tafilaj RRUAGA E JET\u00cbS\u00a0 Vijm\u00eb n\u00eb jet\u00eb duke qar\u00eb,,, A e dini ?pse k\u00ebshtu vall\u00eb? s&#8217;dim\u00eb p\u00ebrpara \u00e7far na pret, koh\u00eb me diell\u00eb, apo qamet . Jeta \u00ebsht\u00eb ve\u00e7 nj\u00eb mister.. nuk e dim\u00eb sesi t\u00eb merr, Me sfida ,apo e mbar\u00eb,,,,, duke qeshur a duke qar\u00eb. Mbi kok\u00eb hedhur ky beton si vello [&hellip;]<\/p>\n","protected":false},"author":3,"featured_media":2665,"comment_status":"open","ping_status":"open","sticky":false,"template":"","format":"standard","meta":{"footnotes":""},"categories":[10],"tags":[],"class_list":["post-2664","post","type-post","status-publish","format-standard","has-post-thumbnail","hentry","category-poezi"],"_links":{"self":[{"href":"https:\/\/migjeni.se\/index.php\/wp-json\/wp\/v2\/posts\/2664","targetHints":{"allow":["GET"]}}],"collection":[{"href":"https:\/\/migjeni.se\/index.php\/wp-json\/wp\/v2\/posts"}],"about":[{"href":"https:\/\/migjeni.se\/index.php\/wp-json\/wp\/v2\/types\/post"}],"author":[{"embeddable":true,"href":"https:\/\/migjeni.se\/index.php\/wp-json\/wp\/v2\/users\/3"}],"replies":[{"embeddable":true,"href":"https:\/\/migjeni.se\/index.php\/wp-json\/wp\/v2\/comments?post=2664"}],"version-history":[{"count":0,"href":"https:\/\/migjeni.se\/index.php\/wp-json\/wp\/v2\/posts\/2664\/revisions"}],"wp:featuredmedia":[{"embeddable":true,"href":"https:\/\/migjeni.se\/index.php\/wp-json\/wp\/v2\/media\/2665"}],"wp:attachment":[{"href":"https:\/\/migjeni.se\/index.php\/wp-json\/wp\/v2\/media?parent=2664"}],"wp:term":[{"taxonomy":"category","embeddable":true,"href":"https:\/\/migjeni.se\/index.php\/wp-json\/wp\/v2\/categories?post=2664"},{"taxonomy":"post_tag","embeddable":true,"href":"https:\/\/migjeni.se\/index.php\/wp-json\/wp\/v2\/tags?post=2664"}],"curies":[{"name":"wp","href":"https:\/\/api.w.org\/{rel}","templated":true}]}}