{"id":2675,"date":"2025-03-02T19:13:38","date_gmt":"2025-03-02T18:13:38","guid":{"rendered":"https:\/\/migjeni.se\/?p=2675"},"modified":"2025-03-02T19:13:38","modified_gmt":"2025-03-02T18:13:38","slug":"mbremje-poetike-me-gladiola-jorbus-7","status":"publish","type":"post","link":"https:\/\/migjeni.se\/index.php\/2025\/03\/02\/mbremje-poetike-me-gladiola-jorbus-7\/","title":{"rendered":"Mbr\u00ebmje poetike me Gladiola Jorbus"},"content":{"rendered":"<h3 class=\"elementor-heading-title elementor-size-default\"><strong>Gladiola Jorbus<\/strong><\/h3>\n<p>Nat\u00eb<\/p>\n<p>Nat\u00eb e err\u00ebt&#8230;<br \/>\nHijet l\u00ebvizin n\u00eb heshtje.<br \/>\nAnkthi, pas vetes m\u00eb shtr\u00ebngon.<br \/>\nDhembja u ngjiz brenda meje<br \/>\nnga nj\u00eb forc\u00eb e panjohur.<\/p>\n<p>Dilemat e nj\u00ebpasnj\u00ebshme<br \/>\ne zhb\u00ebn\u00eb qet\u00ebsin\u00eb e shpirtit.<br \/>\nHijet pushtuan rrug\u00ebn e drit\u00ebs.<br \/>\nPareshtur enden, pa u ndalur kurr\u00eb.<\/p>\n<p>N\u00eb zemr\u00ebn time &#8211; zbraz\u00ebti,<br \/>\nMungesat k\u00eblthasin marr\u00ebzisht.<br \/>\nAmplitudat e ankthit rriten.<br \/>\nNata i ngjet nj\u00eb \u00ebndrre t\u00eb zymt\u00eb.<\/p>\n","protected":false},"excerpt":{"rendered":"<p>Gladiola Jorbus Nat\u00eb Nat\u00eb e err\u00ebt&#8230; Hijet l\u00ebvizin n\u00eb heshtje. Ankthi, pas vetes m\u00eb shtr\u00ebngon. Dhembja u ngjiz brenda meje nga nj\u00eb forc\u00eb e panjohur. Dilemat e nj\u00ebpasnj\u00ebshme e zhb\u00ebn\u00eb qet\u00ebsin\u00eb e shpirtit. Hijet pushtuan rrug\u00ebn e drit\u00ebs. Pareshtur enden, pa u ndalur kurr\u00eb. N\u00eb zemr\u00ebn time &#8211; zbraz\u00ebti, Mungesat k\u00eblthasin marr\u00ebzisht. Amplitudat e ankthit [&hellip;]<\/p>\n","protected":false},"author":3,"featured_media":2676,"comment_status":"open","ping_status":"open","sticky":false,"template":"","format":"standard","meta":{"footnotes":""},"categories":[10],"tags":[],"class_list":["post-2675","post","type-post","status-publish","format-standard","has-post-thumbnail","hentry","category-poezi"],"_links":{"self":[{"href":"https:\/\/migjeni.se\/index.php\/wp-json\/wp\/v2\/posts\/2675","targetHints":{"allow":["GET"]}}],"collection":[{"href":"https:\/\/migjeni.se\/index.php\/wp-json\/wp\/v2\/posts"}],"about":[{"href":"https:\/\/migjeni.se\/index.php\/wp-json\/wp\/v2\/types\/post"}],"author":[{"embeddable":true,"href":"https:\/\/migjeni.se\/index.php\/wp-json\/wp\/v2\/users\/3"}],"replies":[{"embeddable":true,"href":"https:\/\/migjeni.se\/index.php\/wp-json\/wp\/v2\/comments?post=2675"}],"version-history":[{"count":0,"href":"https:\/\/migjeni.se\/index.php\/wp-json\/wp\/v2\/posts\/2675\/revisions"}],"wp:featuredmedia":[{"embeddable":true,"href":"https:\/\/migjeni.se\/index.php\/wp-json\/wp\/v2\/media\/2676"}],"wp:attachment":[{"href":"https:\/\/migjeni.se\/index.php\/wp-json\/wp\/v2\/media?parent=2675"}],"wp:term":[{"taxonomy":"category","embeddable":true,"href":"https:\/\/migjeni.se\/index.php\/wp-json\/wp\/v2\/categories?post=2675"},{"taxonomy":"post_tag","embeddable":true,"href":"https:\/\/migjeni.se\/index.php\/wp-json\/wp\/v2\/tags?post=2675"}],"curies":[{"name":"wp","href":"https:\/\/api.w.org\/{rel}","templated":true}]}}