{"id":2682,"date":"2025-03-04T15:16:34","date_gmt":"2025-03-04T14:16:34","guid":{"rendered":"https:\/\/migjeni.se\/?p=2682"},"modified":"2025-03-04T16:32:40","modified_gmt":"2025-03-04T15:32:40","slug":"e-marta-poetike-me-jolie-qela","status":"publish","type":"post","link":"https:\/\/migjeni.se\/index.php\/2025\/03\/04\/e-marta-poetike-me-jolie-qela\/","title":{"rendered":"E marta poetike me Jolie Qela"},"content":{"rendered":"<div class=\"nH\">\n<div class=\"V8djrc byY\">\n<div data-num-unread-messages=\"1\" data-num-visible-messages=\"1\">\n<div class=\"ha\">\n<h2 class=\"hP\" tabindex=\"-1\" data-thread-perm-id=\"thread-f:1825655774762830457\" data-legacy-thread-id=\"1956084120e10a79\"><span style=\"font-size: 16px;\">Jolie Qela<\/span><\/h2>\n<\/div>\n<\/div>\n<\/div>\n<\/div>\n<div class=\"nH\">\n<div class=\"aHU hx\">\n<div role=\"list\">\n<div class=\"h7 ie\" tabindex=\"-1\" role=\"listitem\" aria-expanded=\"true\">\n<div class=\"Bk\">\n<div class=\"G3 G2\">\n<div id=\":o2\">\n<div class=\"adn ads\" data-message-id=\"#msg-f:1825655774762830457\" data-legacy-message-id=\"1956084120e10a79\">\n<div class=\"gs\">\n<div class=\"\">\n<div id=\":nc\" class=\"ii gt\">\n<div id=\":nb\" class=\"a3s aiL \">\n<div>\n<div dir=\"ltr\"><strong>Poema ime\u00a0<\/strong><\/div>\n<div dir=\"ltr\"><\/div>\n<div dir=\"ltr\">E di Poema ime e di<\/div>\n<div dir=\"ltr\">E di se ne faqen t\u00ebnde andej kah loti t\u00eb rrjedhi t\u00eb \u00ebsht\u00eb mbetur nishan\u00eb i thell\u00eb<\/div>\n<div dir=\"ltr\">E imja proz\u00eb e poezi<\/div>\n<div dir=\"ltr\"><\/div>\n<div dir=\"ltr\">Shkronjat t\u00eb jan\u00eb zbehur sa her\u00eb shikon vargjet tuaja \u00a0&#8230; e di<\/div>\n<div dir=\"ltr\">E di sepse edhe un\u00eb isha atu ku je ti tani<\/div>\n<div dir=\"ltr\"><\/div>\n<div dir=\"ltr\">Buz\u00ebqeshja t\u00eb \u00ebsht\u00eb kthyer ne vaj poema ime e di<\/div>\n<div dir=\"ltr\">Mos ke frik\u00eb !!<\/div>\n<div dir=\"ltr\">Vazhdo te qash<\/div>\n<div dir=\"ltr\">Derisa loti te shterret i t\u00ebri.<\/div>\n<div dir=\"ltr\">Mos kurse asnj\u00eb pik\u00eb<\/div>\n<div dir=\"ltr\">E kur loti te shterret Poem\u00eb<\/div>\n<div dir=\"ltr\">Ngrihu e fort\u00eb sikurse gjithnj\u00eb<\/div>\n<div dir=\"ltr\">Sepse un te dua ty me beso dhe ti<\/div>\n<div dir=\"ltr\"><\/div>\n<div dir=\"ltr\">M\u00eb premto se nuk rr\u00ebzohesh as nuk thyhesh p\u00ebrs\u00ebri<\/div>\n<div dir=\"ltr\">Sepse je Poem\u00eb me plot vargje me proz\u00eb e poezi .<\/div>\n<div dir=\"ltr\">Ehhh sa t\u00eb dua e ima Poem\u00eb<\/div>\n<div dir=\"ltr\">K\u00ebt\u00eb e di un\u00eb poashtu e di edhe ti.<\/div>\n<div dir=\"ltr\"><\/div>\n<div dir=\"ltr\">Poem\u00eb ti e di se do t\u00eb b\u00ebhet mir\u00eb<\/div>\n<div dir=\"ltr\">Edhe pse tani \u00ebsht\u00eb ftoht\u00eb<\/div>\n<div dir=\"ltr\">Dhe vargjet t\u00eb jan\u00eb ngrir\u00eb<\/div>\n<div dir=\"ltr\">Gjeje lapsin dhe librin \u00a0q\u00eb e ke humbur<\/div>\n<div dir=\"ltr\">Ku e ke lene nuk po e di<\/div>\n<div dir=\"ltr\">Shkruaj Poem\u00eb e bukura proz\u00eb dhe poezi<\/div>\n<div dir=\"ltr\">Dashuria per vargjet nuk vdes kurr por as tani<\/div>\n<div dir=\"ltr\"><\/div>\n<div dir=\"ltr\"><\/div>\n<div dir=\"ltr\"><strong>Han\u00eb\u00a0<\/strong><\/div>\n<div dir=\"ltr\"><\/div>\n<div dir=\"ltr\">T&#8217;lutna Han\u00eb<\/div>\n<div dir=\"ltr\">Pash nat\u00ebn q\u00eb drit\u00eb e b\u00ebn\u00eb<\/div>\n<div dir=\"ltr\">Me t\u00eb vet\u00eb Han\u00eb<\/div>\n<div dir=\"ltr\">Me ty hallet ai i qan ?<\/div>\n<div dir=\"ltr\"><\/div>\n<div dir=\"ltr\">A t\u00eb thot\u00eb se \u00ebsht\u00eb m\u00ebrzit\u00eb<\/div>\n<div dir=\"ltr\">A thua malli a e ka marr\u00eb<\/div>\n<div dir=\"ltr\">Han\u00eb t&#8217;lutna a po me tregon<\/div>\n<div dir=\"ltr\">Syt\u00eb e ti lot a kan ?<\/div>\n<div dir=\"ltr\"><\/div>\n<div dir=\"ltr\">Me ty flas gjith\u00ebqka \u00a0t\u00eb tregoj<\/div>\n<div dir=\"ltr\">N&#8217;zemer e kam nuk po mundem ta harroj<\/div>\n<div dir=\"ltr\">Mi thuaj mir\u00ebm\u00ebngjesi dhe naten e mir\u00eb<\/div>\n<div dir=\"ltr\">Ashtu si\u00e7 m\u00eb thonte ai mua dikur\u00eb<\/div>\n<div dir=\"ltr\"><\/div>\n<div dir=\"ltr\">T&#8217;lutna Han\u00eb<\/div>\n<div dir=\"ltr\">Si\u00e7 tu lut nana per djal t\u00eb vet\u00eb<\/div>\n<div dir=\"ltr\">Dashurin \u00a0time ta le amanet<\/div>\n<div dir=\"ltr\">Kur tme vyn ma \u00a0jap apet<\/div>\n<div dir=\"ltr\"><\/div>\n<div dir=\"ltr\"><\/div>\n<div dir=\"ltr\"><strong>At\u00ebher\u00eb Dikur\u00eb\u00a0<\/strong><\/div>\n<div dir=\"ltr\"><\/div>\n<div dir=\"ltr\">U nisa te vija tek ti<\/div>\n<div dir=\"ltr\">T\u00eb takoja t\u00eb perqafoja<\/div>\n<div dir=\"ltr\">T\u00eb t\u00eb mos humja kurr\u00eb<\/div>\n<div dir=\"ltr\">At\u00ebher\u00eb kur bota ime ishte e p\u00ebrmbushur me vetem fjal\u00eb<\/div>\n<div dir=\"ltr\">Fjal\u00eb nga nj\u00eb burr\u00eb<\/div>\n<div dir=\"ltr\">At\u00ebhere nuk mendoja se \u00ebndrra ime do sh\u00ebndrohej n\u00eb &#8221; Na ishin nje her\u00eb dy t\u00eb dashuruar dikur&#8221;<\/div>\n<div dir=\"ltr\">Sepse dashuroja marr\u00ebzisht<\/div>\n<div dir=\"ltr\">prekja dashurin me dur\u00eb<\/div>\n<div dir=\"ltr\">At\u00ebher\u00eb p\u00ebr mua nuk kishte fund kurr\u00eb<\/div>\n<div dir=\"ltr\"><\/div>\n<div dir=\"ltr\">At\u00ebher\u00eb kisha gjithqka<\/div>\n<div dir=\"ltr\">Tani jo sikur dikur<\/div>\n<div dir=\"ltr\">Tani nuk te kujtoj aspak as sot\u00eb as nes\u00ebr as kurr\u00eb.<\/div>\n<div dir=\"ltr\">Un\u00eb ika<\/div>\n<div dir=\"ltr\">Nuk kthehem tek fjal\u00ebt<\/div>\n<div dir=\"ltr\">Tek ai gjithqka tjeter por jo Burr\u00eb!<\/div>\n<div dir=\"ltr\">E vorrosa dashurin\u00eb dhe e lash<\/div>\n<div dir=\"ltr\">I shkruajta emrin time pran\u00eb ati varri t\u00eb vogel ne nje gur\u00eb<\/div>\n<div dir=\"ltr\">Ta kujtoj vet\u00ebm emrin tim por jo sikurse at\u00ebher sikurse dikur.<\/div>\n<\/div>\n<\/div>\n<\/div>\n<\/div>\n<\/div>\n<\/div>\n<\/div>\n<\/div>\n<\/div>\n<\/div>\n<\/div>\n<\/div>\n<\/div>\n","protected":false},"excerpt":{"rendered":"<p>Jolie Qela Poema ime\u00a0 E di Poema ime e di E di se ne faqen t\u00ebnde andej kah loti t\u00eb rrjedhi t\u00eb \u00ebsht\u00eb mbetur nishan\u00eb i thell\u00eb E imja proz\u00eb e poezi Shkronjat t\u00eb jan\u00eb zbehur sa her\u00eb shikon vargjet tuaja \u00a0&#8230; e di E di sepse edhe un\u00eb isha atu ku je ti tani [&hellip;]<\/p>\n","protected":false},"author":3,"featured_media":2683,"comment_status":"open","ping_status":"open","sticky":false,"template":"","format":"standard","meta":{"footnotes":""},"categories":[10],"tags":[],"class_list":["post-2682","post","type-post","status-publish","format-standard","has-post-thumbnail","hentry","category-poezi"],"_links":{"self":[{"href":"https:\/\/migjeni.se\/index.php\/wp-json\/wp\/v2\/posts\/2682","targetHints":{"allow":["GET"]}}],"collection":[{"href":"https:\/\/migjeni.se\/index.php\/wp-json\/wp\/v2\/posts"}],"about":[{"href":"https:\/\/migjeni.se\/index.php\/wp-json\/wp\/v2\/types\/post"}],"author":[{"embeddable":true,"href":"https:\/\/migjeni.se\/index.php\/wp-json\/wp\/v2\/users\/3"}],"replies":[{"embeddable":true,"href":"https:\/\/migjeni.se\/index.php\/wp-json\/wp\/v2\/comments?post=2682"}],"version-history":[{"count":0,"href":"https:\/\/migjeni.se\/index.php\/wp-json\/wp\/v2\/posts\/2682\/revisions"}],"wp:featuredmedia":[{"embeddable":true,"href":"https:\/\/migjeni.se\/index.php\/wp-json\/wp\/v2\/media\/2683"}],"wp:attachment":[{"href":"https:\/\/migjeni.se\/index.php\/wp-json\/wp\/v2\/media?parent=2682"}],"wp:term":[{"taxonomy":"category","embeddable":true,"href":"https:\/\/migjeni.se\/index.php\/wp-json\/wp\/v2\/categories?post=2682"},{"taxonomy":"post_tag","embeddable":true,"href":"https:\/\/migjeni.se\/index.php\/wp-json\/wp\/v2\/tags?post=2682"}],"curies":[{"name":"wp","href":"https:\/\/api.w.org\/{rel}","templated":true}]}}