{"id":2709,"date":"2025-03-12T14:44:22","date_gmt":"2025-03-12T13:44:22","guid":{"rendered":"https:\/\/migjeni.se\/?p=2709"},"modified":"2025-03-12T14:44:25","modified_gmt":"2025-03-12T13:44:25","slug":"me-vargjet-e-poetes-elvira-zeneli-2","status":"publish","type":"post","link":"https:\/\/migjeni.se\/index.php\/2025\/03\/12\/me-vargjet-e-poetes-elvira-zeneli-2\/","title":{"rendered":"Me vargjet e poet\u00ebs Elvira Zeneli"},"content":{"rendered":"<div class=\"html-div xdj266r x11i5rnm xat24cr x1mh8g0r xexx8yu x4uap5 x18d9i69 xkhd6sd x78zum5 x1eb86dx\">\n<div class=\"html-div xdj266r x11i5rnm xat24cr x1mh8g0r xexx8yu x4uap5 x18d9i69 xkhd6sd xeuugli x1vjfegm\">\n<div class=\"html-div xdj266r x11i5rnm xat24cr x1mh8g0r xexx8yu x4uap5 x18d9i69 xkhd6sd x78zum5 xh8yej3\" role=\"presentation\">\n<div class=\"x1cy8zhl x78zum5 xdt5ytf x193iq5w x1n2onr6 x1kxipp6\">\n<div class=\"x78zum5 xh8yej3\" role=\"none\">\n<div class=\"html-div xdj266r x11i5rnm xat24cr x1mh8g0r xexx8yu x4uap5 x18d9i69 xkhd6sd x6ikm8r x10wlt62\">\n<div class=\"html-div xdj266r x11i5rnm xat24cr x1mh8g0r x14ctfv x1okitfd x6ikm8r x10wlt62 xerhiuh x1pn3fxy x12xxe5f x1szedp3 x1n2onr6 x1vjfegm x1k4qllp x1mzt3pk x13faqbe x1xr0vuk x1jm4cbz x1lmq8lz xrrpcnn x1xtl47e x13fuv20 xu3j5b3 x1q0q8m5 x26u7qi x19livfd x2t687o x3p3xfz x5od304 xp5s12f x11ucwad xgtuqic x155c047\" role=\"presentation\">\n<div class=\"html-div xexx8yu x4uap5 x18d9i69 xkhd6sd x1gslohp x11i5rnm x12nagc x1mh8g0r x1yc453h x126k92a x18lvrbx\" dir=\"auto\">Elvira Zeneli , ka lindur n\u00eb qytetin e Klosit, t\u00eb rrethit t\u00eb Matit. Shkoll\u00ebn e mesme e ka kryer n\u00eb qytetin e saj t\u00eb lindjes, nd\u00ebrsa t\u00eb lart\u00ebn n\u00eb deg\u00ebn e mesuesis\u00eb n\u00eb Universitetin e Tiran\u00ebs. N\u00eb vijim t\u00eb studimeve ajo ka kryer Master Shkencor p\u00ebr &#8220;Politikat e Edukimit n\u00eb Arsim.&#8221; Ka punuar dhe vijon t\u00eb punoj\u00eb m\u00ebsuese dhe drejtuese n\u00eb arsim. Krijimtarin\u00eb letrare e ka nisur q\u00eb n\u00eb bankat e shkoll\u00ebs, ku spikaste me eset\u00eb letrare dhe poezit\u00eb lirike. P\u00ebrpos let\u00ebrsis\u00eb dhe m\u00ebsimdh\u00ebnies, Elvira ka qen\u00eb e angazhuar edhe n\u00eb jet\u00ebn shoq\u00ebrore, sociale dhe politike t\u00eb vendit. Ajo ka kontribuar me shkrime dhe studime p\u00ebr problemet e komunitetit, t\u00eb shkoll\u00ebs, t\u00eb familjes shqiptare n\u00eb tranzicion, p\u00ebr \u00e7\u00ebshtjet e meritokracis\u00eb, identitetit komb\u00ebtar, si dhe shkaqet e largimit t\u00eb t\u00eb rinjve nga Shqip\u00ebria. Poezit\u00eb e saj jan\u00eb meditative, t\u00eb thella dhe filozofike dhe dallojn\u00eb p\u00ebr struktur\u00ebn e lir\u00eb, imazhet dhe metaforat q\u00eb p\u00ebrcjellin tek lexuesit ide t\u00eb caktuara si dashuria ndaj familjes, jet\u00ebs, p\u00ebrkushtimit familjar, si koncepte t\u00eb rr\u00ebnjosura thell\u00eb n\u00eb jet\u00ebn e poetesh\u00ebs. Krijimtaria e saj \u00ebsht\u00eb botuar n\u00eb gazet\u00ebn letrare \u201cNacional\u201d si dhe n\u00eb shum\u00eb portale t\u00eb njohura n\u00eb Shqip\u00ebri dhe rajon. \u00cbsht\u00eb bashk\u00ebpun\u00ebtore e revist\u00ebs p\u00ebr femij\u00eb \u201cZog Mengjesi\u201d n\u00eb Prishtin\u00eb, ku ka botuar fabula, poezi, si dhe tregime t\u00eb shkurt\u00ebra edukative p\u00ebr f\u00ebmij\u00eb. Problemet e adoleshent\u00ebve Edukimi dhe Arsimi Dedikim mesuesit: Gjok\u00eb Dabaj Identiteti yne. Elvira Zeneli ka botuar edhe v\u00ebllime poetike me poezi q\u00eb titullohen: M\u00cb MERR N\u00cb \u00cbNDRRA dhe PUTHJA E JET\u00cbS. Elvira ka gati edhe v\u00ebllimin e tret\u00eb me poezi t\u00eb cilin presim ta nxjerr\u00eb s\u00eb shpejti.<\/div>\n<\/div>\n<\/div>\n<div class=\"html-div xdj266r x11i5rnm xat24cr x1mh8g0r xexx8yu x4uap5 x18d9i69 xkhd6sd x1h91t0o xkh2ocl x78zum5 xdt5ytf x13a6bvl x193iq5w x1iyjqo2 x1eb86dx\" role=\"presentation\">\n<div class=\"html-div xdj266r x11i5rnm xat24cr x1mh8g0r xexx8yu x4uap5 x18d9i69 xkhd6sd x1r8uery x1iyjqo2\" role=\"presentation\"><\/div>\n<\/div>\n<\/div>\n<\/div>\n<div class=\"html-div xdj266r x11i5rnm xat24cr x1mh8g0r xexx8yu x4uap5 x18d9i69 xkhd6sd x1h91t0o xkh2ocl x78zum5 xdt5ytf x13a6bvl x193iq5w x1iyjqo2 x1eb86dx\" role=\"presentation\">\n<div class=\"html-div xdj266r x11i5rnm xat24cr x1mh8g0r xexx8yu x4uap5 x18d9i69 xkhd6sd x1r8uery x1iyjqo2\" role=\"presentation\">\n<div>\n<div>\n<div class=\"__fb-light-mode x1n2onr6 xzkaem6\">\n<div class=\"x9f619 x1n2onr6 x1ja2u2z\">\n<div class=\"x78zum5 xdt5ytf xg6iff7 xippug5 x1n2onr6\">\n<div class=\"x1uvtmcs x4k7w5x x1h91t0o x1beo9mf xaigb6o x12ejxvf x3igimt xarpa2k xedcshv x1lytzrv x1t2pt76 x7ja8zs x1n2onr6 x1qrby5j x1jfb8zj\" tabindex=\"-1\">\n<div class=\"__fb-light-mode x1qjc9v5 x9f619 x78zum5 xdt5ytf xl56j7k x1c4vz4f xg6iff7\">\n<div class=\"x1cy8zhl x9f619 x78zum5 xl56j7k xeuugli x47corl x1x97wu9 xbr3nou xurb0ha x1sxyh0 x3v4vwv x1dzdb2q x1xoerdy\">\n<div class=\"x1n2onr6 x1ja2u2z x1afcbsf x78zum5 xdt5ytf x1a2a7pz x6ikm8r x10wlt62 x71s49j x1jx94hy x1qpq9i9 xdney7k xu5ydu1 xt3gfkd x104qc98 x1g2kw80 x16n5opg xl7ujzl xhkep3z x193iq5w\" role=\"dialog\" aria-labelledby=\"\u00abr247\u00bb\">\n<form method=\"POST\">\n<div class=\"xt7dq6l x1a2a7pz x6ikm8r x10wlt62 x1n2onr6 x14atkfc\">\n<div class=\"x9f619 x1ja2u2z x1k90msu x6o7n8i x1qfuztq x17qophe x10l6tqk x13vifvy x1hc1fzr x71s49j\">\n<div class=\"x9f619 x5yr21d x1n2onr6 xh8yej3\">\n<div class=\"x78zum5 x1q0g3np x1pl0jk3 x1plvlek xryxfnj xqui1pq x14ocpvf x5oemz9 x1lck2f0 xlgs127\">\n<div class=\"x78zum5 xdt5ytf x1n2onr6 x8n7wzh x11pth41 xvue9z\">\n<div class=\"xb57i2i x1q594ok x5lxg6s x6ikm8r x1ja2u2z x1pq812k x1rohswg xfk6m8 x1yqm8si xjx87ck xx8ngbg xwo3gff x1n2onr6 x1oyok0e x1odjw0f x1e4zzel x78zum5 xdt5ytf x1iyjqo2\">\n<div class=\"x78zum5 xdt5ytf x1iyjqo2 x1n2onr6\">\n<div class=\"x1ed109x x1iyjqo2 x5yr21d x1n2onr6 xh8yej3\" role=\"presentation\">\n<div class=\"x9f619 x1iyjqo2 xg7h5cd x1swvt13 x1n2onr6 xh8yej3 x1ja2u2z x11eofan x1t1ogtf\">\n<div class=\"x78zum5 xl56j7k\">\n<div class=\"x1ejq31n xd10rxx x1sy0etr x17r0tee x9f619 xzsf02u xmper1u xo1l8bm x5yr21d x1a2a7pz x1iorvi4 x4uap5 xwib8y2 xkhd6sd xh8yej3 xha3pab x6prxxf xvq8zen\">\n<div class=\"xzsf02u x1a2a7pz x1n2onr6 x14wi4xw x9f619 x1lliihq x5yr21d xh8yej3 notranslate\" tabindex=\"0\" role=\"textbox\" contenteditable=\"true\" spellcheck=\"true\" aria-label=\"Vad g\u00f6r du just nu, Sokol?\" aria-placeholder=\"Vad g\u00f6r du just nu, Sokol?\" data-lexical-editor=\"true\">\n<p class=\"xdj266r x11i5rnm xat24cr x1mh8g0r x16tdsg8 xdpxx8g\" dir=\"ltr\"><span data-lexical-text=\"true\">Elvira Zeneli<\/span><\/p>\n<p><strong>N\u00cb T\u00cb GJITHA KOH\u00cbT<\/strong><\/p>\n<p><span data-lexical-text=\"true\">T\u00eb kam p\u00ebrqafuar fort, sepse q\u00eb n\u00eb shikimin e par\u00eb u njoh\u00ebm<\/span><br \/>\n<span data-lexical-text=\"true\">N\u00eb t\u00eb gjitha koh\u00ebt t\u00eb kam dashur e do t\u00eb dua<\/span><br \/>\n<span data-lexical-text=\"true\">Sepse n\u00eb t\u00eb gjitha stin\u00ebt<\/span><br \/>\n<span data-lexical-text=\"true\">E n\u00eb t\u00eb gjitha or\u00ebt<\/span><br \/>\n<span data-lexical-text=\"true\">E dit\u0113s, t\u00eb nat\u00ebs e t\u00eb jet\u00ebs<\/span><br \/>\n<span data-lexical-text=\"true\">Ke qen\u00eb pran\u00eb meje <\/span><br \/>\n<span data-lexical-text=\"true\">Ashtu i heshtur por plot jet\u00eb.<\/span><\/p>\n<p><span data-lexical-text=\"true\">Pran\u00eb e pran\u00eb po rrim\u00eb sonte<\/span><br \/>\n<span data-lexical-text=\"true\">Si dy ushtar\u00eb t\u00eb dashuris\u00eb<\/span><br \/>\n<span data-lexical-text=\"true\">N\u0113n hijen e kalas\u00eb son\u00eb <\/span><br \/>\n<span data-lexical-text=\"true\">Pa heshta, pa k\u00ebmisha t\u00eb hekurta por t\u00eb zhveshur<\/span><br \/>\n<span data-lexical-text=\"true\">Ku kemi vetem zemrat <\/span><br \/>\n<span data-lexical-text=\"true\">Ku na vlon gjaku furish\u00ebm<\/span><\/p>\n<p><span data-lexical-text=\"true\">Duam q\u00eb \u00e7asti t\u00eb kthehet p\u00ebrs\u00ebri n\u00eb koh\u00eb pa cak<\/span><br \/>\n<span data-lexical-text=\"true\">Si reja n\u00eb stuhi<\/span><br \/>\n<span data-lexical-text=\"true\">Dhe duam q\u00eb si koh\u00ebs kjo kala e jona<\/span><br \/>\n<span data-lexical-text=\"true\">T&#8217;i b\u00ebj ball\u00eb dashuria.<\/span><\/p>\n<p><span data-lexical-text=\"true\">T\u00eb dua e do t\u00eb dua n\u00eb t\u00eb gjitha koh\u0113t<\/span><br \/>\n<span data-lexical-text=\"true\">N\u00eb t\u00eb gjitha koh\u00ebt do jetoj kjo dashuri e jona&#8230;<\/span><br \/>\n<span data-lexical-text=\"true\">Ne e dim\u00eb \u00e7&#8217;\u00ebsht\u00eb ndjenja<\/span><br \/>\n<span data-lexical-text=\"true\">Dhe sa e shtrenjt\u00eb \u00ebsht\u00eb familja!<\/span><br \/>\n<span data-lexical-text=\"true\">T\u00eb kam dashur edhe at\u00ebher\u00eb kur imagjinoja puthjet tua n\u00eb gush\u00eb, n\u00eb buz\u00eb e n\u00eb kurmin tim.<\/span><br \/>\n<span data-lexical-text=\"true\">Do t\u00eb t\u00eb dua dhe sikur kurr\u00eb s&#8217;do t\u00eb takohemi. <\/span><br \/>\n<span data-lexical-text=\"true\">Dije se t\u00eb kam dashur edhe m\u00eb shum\u00eb <\/span><br \/>\n<span data-lexical-text=\"true\">Kur z\u00ebri yt kumbuesh\u00ebm mi ndezi sensor\u00ebt e lumturis\u00eb.<\/span><br \/>\n<span data-lexical-text=\"true\">T\u00eb dua e do t\u00eb dua p\u00ebrjet\u00eb ..<\/span><\/p>\n<p><strong>NES\u00cbR JAM ATY&#8230;<\/strong><\/p>\n<p><span data-lexical-text=\"true\">Nes\u00ebr jam aty,<\/span><br \/>\n<span data-lexical-text=\"true\">U b\u00ebni z\u00eb lisave t\u00eb m\u00eb dalin p\u00ebrpara<\/span><br \/>\n<span data-lexical-text=\"true\">N\u00eb k\u00ebmb\u00eb me kujtime t\u00eb m\u00eb presin<\/span><br \/>\n<span data-lexical-text=\"true\">T\u00eb m\u00eb shohin sa jam rritur,<\/span><br \/>\n<span data-lexical-text=\"true\">T\u00eb ulemi e t\u00eb \u00e7mallemi.<\/span><\/p>\n<p><span data-lexical-text=\"true\">Nes\u00ebr jam aty,<\/span><br \/>\n<span data-lexical-text=\"true\">Kroit me kup\u00ebn e gurt\u00eb i thoni<\/span><br \/>\n<span data-lexical-text=\"true\">Ta ruaj, po mundi, nj\u00eb grusht me uj\u00eb p\u00ebr mua<\/span><br \/>\n<span data-lexical-text=\"true\">Kam nj\u00eb etje t\u00eb mo\u00e7me<\/span><br \/>\n<span data-lexical-text=\"true\">Vij e lodhur nga rruga<\/span><br \/>\n<span data-lexical-text=\"true\">Kujtimet m\u00eb shfaqen n\u00eb \u00e7do vend ku kam ecur<\/span><br \/>\n<span data-lexical-text=\"true\">Imazhi yt m\u00eb del duke m\u00eb buz\u00ebqeshur<\/span><br \/>\n<span data-lexical-text=\"true\">Si legjenda e Ur\u00ebs s\u00eb Vash\u00ebs<\/span><br \/>\n<span data-lexical-text=\"true\">Lumi i shtrir\u00eb n\u00ebn k\u00ebmb\u00ebt e saj<\/span><br \/>\n<span data-lexical-text=\"true\">Freskon me val\u00eb dashurin\u00eb e humbur.<\/span><\/p>\n<p><span data-lexical-text=\"true\">Nes\u00ebr jam aty<\/span><br \/>\n<span data-lexical-text=\"true\">Kujtimet do ti mbledh si nj\u00eb buqet\u00eb me lule n\u00eb hyrje t\u00eb fshatit<\/span><br \/>\n<span data-lexical-text=\"true\">Ngash\u00ebrimi do t&#8217;ja shkund\u00eb flet\u00ebn e fundit manit<\/span><br \/>\n<span data-lexical-text=\"true\">Flet\u00eb e fundit, a fjal\u00eb e path\u00ebn\u00eb i dashur<\/span><br \/>\n<span data-lexical-text=\"true\">Thinj\u00ebn time f\u00ebmij\u00ebria, do ta shtyj\u00eb n\u00eb kufinjt\u00eb e legjend\u00ebs,<\/span><br \/>\n<span data-lexical-text=\"true\">I dashur, jam aty nes\u00ebr!<\/span><\/p>\n<\/div>\n<\/div>\n<\/div>\n<\/div>\n<div class=\"x1ey2m1c x9f619 x17qophe xn6708d x1swvt13 x10l6tqk\"><\/div>\n<div class=\"x9f619 x1ja2u2z x78zum5 x2lah0s x1qughib x6s0dn4 xozqiw3 x1q0g3np x1ey2m1c xfg7zyn x10l6tqk\">\n<div class=\"x9f619 x1n2onr6 x1ja2u2z x78zum5 xdt5ytf x2lah0s x193iq5w xeuugli\">\n<div>\n<div class=\"x1ks1olk\">\n<div>\n<div class=\"x1i10hfl x1qjc9v5 xjqpnuy xa49m3k xqeqjp1 x2hbi6w x1ypdohk xdl72j9 x2lah0s xe8uvvx x2lwn1j xeuugli x1hl2dhg xggy1nq x1t137rt x1o1ewxj x3x9cwd x1e5q0jg x13rtm0m x3nfvp2 x1q0g3np x87ps6o x1lku1pv x1a2a7pz xjyslct xjbqb8w x13fuv20 xu3j5b3 x1q0q8m5 x26u7qi x972fbf xcfux6l x1qhh985 xm0m39n x9f619 xdj266r x11i5rnm xat24cr x1mh8g0r xexx8yu x4uap5 x18d9i69 xkhd6sd x1n2onr6 x16tdsg8 x1ja2u2z\" tabindex=\"0\" role=\"button\" aria-label=\"Emoji\">\n<div>\n<div>\n<div class=\"xc9qbxq x1n2onr6 x14qfxbe x14yjl9h xudhj91 x18nykt9 xww2gxu\">\n<div class=\"x4k7w5x x1h91t0o x1o1ewxj x3x9cwd x1e5q0jg x13rtm0m x1jfb8zj x1beo9mf x3igimt xarpa2k x1n2onr6 x1qrby5j\">\n<div class=\"x6s0dn4 x78zum5 xl56j7k x1n2onr6 x5yr21d xh8yej3\"><strong>ETJA E FJAL\u00cbS<\/strong>Para meje fleta e bardh\u00eb e thinjur<br \/>\nE etur p\u00ebr fjal\u00ebn q\u00eb m\u00eb dhe dikur,<br \/>\nCa mendime s&#8217;di pse m\u00eb vin\u00eb hidhur,<br \/>\nS&#8217;di n\u00ebse do t&#8217;i has m\u00eb n\u00eb udh\u00eb!<\/p>\n<p>\u00cbsht\u00eb e shkruar n\u00eb qiellin e kalt\u00ebr zem\u00ebror<br \/>\nSi dikur n\u00eb qeramik\u00eb e papirus,<br \/>\nAjo jeton me vite e me shekuj,<br \/>\nS&#8217;t\u00eb ka puthur, po vulosur me buz\u00eb!<\/p>\n<p>Apo letra \u00ebsht\u00eb kthyer n\u00eb rrafshin\u00eb d\u00ebbore<br \/>\nE s&#8217;e njeh m\u00eb zemr\u00ebn e dal\u00eb sip\u00ebr brinj\u00ebsh,<br \/>\nAni pse gjaku pret si lulebore<br \/>\nN\u00eb pragvdekje, kur t\u00eb na dalin thinj\u00ebt!?<br \/>\nPrandaj nuk pres se pritja m\u00eb b\u00ebn shkrumb<br \/>\nQ\u00eb prap shenj\u00eb t\u00eb l\u00eb n\u00eb buz\u00ebt tua e t\u00eb p\u00ebrhumb,<br \/>\nAshtu si m\u00eb par\u00eb i madhi poet,<br \/>\nShkroi perla vargu p\u00ebr dashurin\u00eb dhe u tret&#8230;<\/p>\n<\/div>\n<\/div>\n<\/div>\n<\/div>\n<\/div>\n<\/div>\n<\/div>\n<\/div>\n<\/div>\n<\/div>\n<\/div>\n<\/div>\n<\/div>\n<\/div>\n<\/div>\n<\/div>\n<\/div>\n<\/div>\n<\/div>\n<\/form>\n<\/div>\n<\/div>\n<\/div>\n<\/div>\n<\/div>\n<\/div>\n<\/div>\n<\/div>\n<\/div>\n<\/div>\n<\/div>\n<\/div>\n<\/div>\n<\/div>\n","protected":false},"excerpt":{"rendered":"<p>Elvira Zeneli , ka lindur n\u00eb qytetin e Klosit, t\u00eb rrethit t\u00eb Matit. Shkoll\u00ebn e mesme e ka kryer n\u00eb qytetin e saj t\u00eb lindjes, nd\u00ebrsa t\u00eb lart\u00ebn n\u00eb deg\u00ebn e mesuesis\u00eb n\u00eb Universitetin e Tiran\u00ebs. N\u00eb vijim t\u00eb studimeve ajo ka kryer Master Shkencor p\u00ebr &#8220;Politikat e Edukimit n\u00eb Arsim.&#8221; Ka punuar dhe vijon [&hellip;]<\/p>\n","protected":false},"author":3,"featured_media":2710,"comment_status":"open","ping_status":"open","sticky":false,"template":"","format":"standard","meta":{"footnotes":""},"categories":[10],"tags":[],"class_list":["post-2709","post","type-post","status-publish","format-standard","has-post-thumbnail","hentry","category-poezi"],"_links":{"self":[{"href":"https:\/\/migjeni.se\/index.php\/wp-json\/wp\/v2\/posts\/2709","targetHints":{"allow":["GET"]}}],"collection":[{"href":"https:\/\/migjeni.se\/index.php\/wp-json\/wp\/v2\/posts"}],"about":[{"href":"https:\/\/migjeni.se\/index.php\/wp-json\/wp\/v2\/types\/post"}],"author":[{"embeddable":true,"href":"https:\/\/migjeni.se\/index.php\/wp-json\/wp\/v2\/users\/3"}],"replies":[{"embeddable":true,"href":"https:\/\/migjeni.se\/index.php\/wp-json\/wp\/v2\/comments?post=2709"}],"version-history":[{"count":0,"href":"https:\/\/migjeni.se\/index.php\/wp-json\/wp\/v2\/posts\/2709\/revisions"}],"wp:featuredmedia":[{"embeddable":true,"href":"https:\/\/migjeni.se\/index.php\/wp-json\/wp\/v2\/media\/2710"}],"wp:attachment":[{"href":"https:\/\/migjeni.se\/index.php\/wp-json\/wp\/v2\/media?parent=2709"}],"wp:term":[{"taxonomy":"category","embeddable":true,"href":"https:\/\/migjeni.se\/index.php\/wp-json\/wp\/v2\/categories?post=2709"},{"taxonomy":"post_tag","embeddable":true,"href":"https:\/\/migjeni.se\/index.php\/wp-json\/wp\/v2\/tags?post=2709"}],"curies":[{"name":"wp","href":"https:\/\/api.w.org\/{rel}","templated":true}]}}