{"id":2739,"date":"2025-03-16T18:10:36","date_gmt":"2025-03-16T17:10:36","guid":{"rendered":"https:\/\/migjeni.se\/?p=2739"},"modified":"2025-03-16T21:51:12","modified_gmt":"2025-03-16T20:51:12","slug":"e-diela-poetike-me-irena-dragoti","status":"publish","type":"post","link":"https:\/\/migjeni.se\/index.php\/2025\/03\/16\/e-diela-poetike-me-irena-dragoti\/","title":{"rendered":"E diela poetike me Irena Dragoti"},"content":{"rendered":"<p>Irena Dragoti<\/p>\n<p><strong>Inekzistenc\u00eb<\/strong><\/p>\n<p>Nata m\u00eb ngjason\u2026<br \/>\nMblidhet si un\u00eb, l\u00ebshuar,<br \/>\nn\u00eb nj\u00eb sht\u00ebpi plot me njer\u00ebz.<br \/>\nLidh duart pas krejve si streh\u00eb paqeje<br \/>\ne mbi avullore mendimesh<br \/>\nudh\u00ebton s\u00ebrish t\u00eb nes\u00ebrmen<br \/>\nsi qenie e dob\u00ebt dhe e brisht\u00eb<br \/>\ntek peshon mes humbjesh dhe rutin\u00ebn\u2026<\/p>\n<p>Kam kaq shum\u00eb drit\u00eb<br \/>\npor nuk p\u00ebrcjell dot historin\u00eb<br \/>\nM\u00eb vdes \u00e7do dit\u00eb, trotuaresh<br \/>\npas prangosjes s\u00eb jehon\u00ebs.<br \/>\nAsnj\u00eb paraardh\u00ebs nuk jetoi k\u00ebto troje<br \/>\np\u00ebrve\u00e7 koh\u00ebs q\u00eb u ndal aty,<br \/>\nku ne zgjodh\u00ebm, t\u00eb shohim zgjuar,<br \/>\nse si ec\u00ebn rruga..<br \/>\nn\u00eb kahun e kund\u00ebrt t\u00eb ekzistenc\u00ebs.<\/p>\n<p><strong>Drejt bij\u00ebs<\/strong><\/p>\n<p>Kur udh\u00ebtoj drejt bij\u00ebs,<br \/>\nkok\u00ebulur mbaj frym\u00ebn.<br \/>\nMe vehte them, lutje t\u00eb ngat\u00ebrruara<br \/>\nSi nj\u00eb marri kafshoj buz\u00ebn e fajit<br \/>\nI kruaj kok\u00ebn, padurimit<br \/>\nK\u00ebrcas gisht\u00ebrinjt\u00eb,<br \/>\nnxjerr flatrat si q\u00ebndisma kryqi,<br \/>\nq\u00eb m\u00eb thuri motra kur ika,<br \/>\nse rrojn\u00eb m\u00eb gjat\u00eb.<\/p>\n<p>Udh\u00ebtimet e mia jan\u00eb t\u00eb rralla.<br \/>\nDrithma oqeanesh lakojn\u00eb larg\u00ebsin\u00eb<br \/>\nFshikjen e ajrit d\u00ebrgoj si lajm\u00ebs,<br \/>\ndrejt mallit veshur si sht\u00ebpi.<br \/>\nAi m\u00eb zgjat krah\u00ebt,<br \/>\nt\u00eb ngre n\u00eb k\u00ebmb\u00eb kujtimet.<\/p>\n<p>Shikimet ngecin mbi re,<br \/>\nsi veroret tek pema e dardh\u00ebs,<br \/>\nI b\u00ebjn\u00eb hije gjumit tim t\u00eb degdisur,<br \/>\natje ku dielli lindi gjasht\u00eb or\u00eb m\u00eb par\u00eb.<\/p>\n<p>Mbjell karajfila t\u00eb bardh\u00eb pas \u00e7do miljeje,<br \/>\nt\u00eb gjej rrug\u00ebn e kthimit me aroma,<br \/>\natje ku zemra pulson t\u00eb ardhmen,<br \/>\nvet\u00ebm me z\u00eb f\u00ebmije.<\/p>\n","protected":false},"excerpt":{"rendered":"<p>Irena Dragoti Inekzistenc\u00eb Nata m\u00eb ngjason\u2026 Mblidhet si un\u00eb, l\u00ebshuar, n\u00eb nj\u00eb sht\u00ebpi plot me njer\u00ebz. Lidh duart pas krejve si streh\u00eb paqeje e mbi avullore mendimesh udh\u00ebton s\u00ebrish t\u00eb nes\u00ebrmen si qenie e dob\u00ebt dhe e brisht\u00eb tek peshon mes humbjesh dhe rutin\u00ebn\u2026 Kam kaq shum\u00eb drit\u00eb por nuk p\u00ebrcjell dot historin\u00eb M\u00eb vdes [&hellip;]<\/p>\n","protected":false},"author":3,"featured_media":2740,"comment_status":"open","ping_status":"open","sticky":false,"template":"","format":"standard","meta":{"footnotes":""},"categories":[10],"tags":[],"class_list":["post-2739","post","type-post","status-publish","format-standard","has-post-thumbnail","hentry","category-poezi"],"_links":{"self":[{"href":"https:\/\/migjeni.se\/index.php\/wp-json\/wp\/v2\/posts\/2739","targetHints":{"allow":["GET"]}}],"collection":[{"href":"https:\/\/migjeni.se\/index.php\/wp-json\/wp\/v2\/posts"}],"about":[{"href":"https:\/\/migjeni.se\/index.php\/wp-json\/wp\/v2\/types\/post"}],"author":[{"embeddable":true,"href":"https:\/\/migjeni.se\/index.php\/wp-json\/wp\/v2\/users\/3"}],"replies":[{"embeddable":true,"href":"https:\/\/migjeni.se\/index.php\/wp-json\/wp\/v2\/comments?post=2739"}],"version-history":[{"count":0,"href":"https:\/\/migjeni.se\/index.php\/wp-json\/wp\/v2\/posts\/2739\/revisions"}],"wp:featuredmedia":[{"embeddable":true,"href":"https:\/\/migjeni.se\/index.php\/wp-json\/wp\/v2\/media\/2740"}],"wp:attachment":[{"href":"https:\/\/migjeni.se\/index.php\/wp-json\/wp\/v2\/media?parent=2739"}],"wp:term":[{"taxonomy":"category","embeddable":true,"href":"https:\/\/migjeni.se\/index.php\/wp-json\/wp\/v2\/categories?post=2739"},{"taxonomy":"post_tag","embeddable":true,"href":"https:\/\/migjeni.se\/index.php\/wp-json\/wp\/v2\/tags?post=2739"}],"curies":[{"name":"wp","href":"https:\/\/api.w.org\/{rel}","templated":true}]}}