{"id":2761,"date":"2025-03-20T22:35:37","date_gmt":"2025-03-20T21:35:37","guid":{"rendered":"https:\/\/migjeni.se\/?p=2761"},"modified":"2025-03-20T22:35:42","modified_gmt":"2025-03-20T21:35:42","slug":"mbremje-poetike-me-elvira-zeneli-12","status":"publish","type":"post","link":"https:\/\/migjeni.se\/index.php\/2025\/03\/20\/mbremje-poetike-me-elvira-zeneli-12\/","title":{"rendered":"Mbr\u00ebmje poetike me Elvira Zeneli"},"content":{"rendered":"<p>Elvira Zeneli<\/p>\n<p>Z\u00cbRI YT SE \u00c7&#8217;M\u00cb FLET<\/p>\n<p>I rrah\u00ebn krah\u00ebt dall\u00ebndyshet,<br \/>\nP\u00ebr\u00e7ik\u00ebn tok\u00ebn dhe ra shi,<br \/>\nSi deg\u00eb panje dita thyhet<br \/>\nMban frym\u00ebn mbr\u00ebmja, po vjen Ti.<\/p>\n<p>Z\u00ebrin t\u00ebnd d\u00ebgjoj kur m\u00eb flet,<br \/>\nArom\u00ebn p\u00ebr ty p\u00ebrhap bliri<br \/>\nSi piano rruga krejt ting\u00ebllon<br \/>\nN\u00ebn takat e tua gur\u00eb xhevahiri<br \/>\nH\u00ebn\u00eb e kthyer n\u00eb neon.<\/p>\n<p>Nuk di prej \u00e7&#8217;zambaku je sajuar,<br \/>\nN\u00eb \u00e7&#8217;gjuh\u00eb zogjsh ti m\u00eb flet ashtu,<br \/>\nNga syt\u00eb e mi t\u00eb dashuruar,<br \/>\nP\u00ebrsosen buz\u00ebt, syt\u00eb e tu.<\/p>\n<p>Sa her\u00eb ja tham\u00eb nj\u00ebri &#8211; tjetrit<br \/>\nKa mij\u00ebra vjet q\u00eb njohur jemi<br \/>\nDhe prap\u00eb zbulojm\u00eb tek une dhe ti<br \/>\n\u00c7do dit\u00eb nj\u00eb kontinent t\u00eb ri.<\/p>\n<p>Sa lart u ngrit\u00ebn dall\u00ebndyshet<br \/>\nDiku me sqep \u00e7ukisin yjet<br \/>\nPo nes\u00ebr qiejt prap\u00eb braktisin<br \/>\nN\u00eb nj\u00eb vetmi pa an\u00eb, pa fund..<\/p>\n","protected":false},"excerpt":{"rendered":"<p>Elvira Zeneli Z\u00cbRI YT SE \u00c7&#8217;M\u00cb FLET I rrah\u00ebn krah\u00ebt dall\u00ebndyshet, P\u00ebr\u00e7ik\u00ebn tok\u00ebn dhe ra shi, Si deg\u00eb panje dita thyhet Mban frym\u00ebn mbr\u00ebmja, po vjen Ti. Z\u00ebrin t\u00ebnd d\u00ebgjoj kur m\u00eb flet, Arom\u00ebn p\u00ebr ty p\u00ebrhap bliri Si piano rruga krejt ting\u00ebllon N\u00ebn takat e tua gur\u00eb xhevahiri H\u00ebn\u00eb e kthyer n\u00eb neon. Nuk [&hellip;]<\/p>\n","protected":false},"author":3,"featured_media":2762,"comment_status":"open","ping_status":"open","sticky":false,"template":"","format":"standard","meta":{"footnotes":""},"categories":[10],"tags":[],"class_list":["post-2761","post","type-post","status-publish","format-standard","has-post-thumbnail","hentry","category-poezi"],"_links":{"self":[{"href":"https:\/\/migjeni.se\/index.php\/wp-json\/wp\/v2\/posts\/2761","targetHints":{"allow":["GET"]}}],"collection":[{"href":"https:\/\/migjeni.se\/index.php\/wp-json\/wp\/v2\/posts"}],"about":[{"href":"https:\/\/migjeni.se\/index.php\/wp-json\/wp\/v2\/types\/post"}],"author":[{"embeddable":true,"href":"https:\/\/migjeni.se\/index.php\/wp-json\/wp\/v2\/users\/3"}],"replies":[{"embeddable":true,"href":"https:\/\/migjeni.se\/index.php\/wp-json\/wp\/v2\/comments?post=2761"}],"version-history":[{"count":0,"href":"https:\/\/migjeni.se\/index.php\/wp-json\/wp\/v2\/posts\/2761\/revisions"}],"wp:featuredmedia":[{"embeddable":true,"href":"https:\/\/migjeni.se\/index.php\/wp-json\/wp\/v2\/media\/2762"}],"wp:attachment":[{"href":"https:\/\/migjeni.se\/index.php\/wp-json\/wp\/v2\/media?parent=2761"}],"wp:term":[{"taxonomy":"category","embeddable":true,"href":"https:\/\/migjeni.se\/index.php\/wp-json\/wp\/v2\/categories?post=2761"},{"taxonomy":"post_tag","embeddable":true,"href":"https:\/\/migjeni.se\/index.php\/wp-json\/wp\/v2\/tags?post=2761"}],"curies":[{"name":"wp","href":"https:\/\/api.w.org\/{rel}","templated":true}]}}