{"id":2775,"date":"2025-03-22T19:49:20","date_gmt":"2025-03-22T18:49:20","guid":{"rendered":"https:\/\/migjeni.se\/?p=2775"},"modified":"2025-03-22T19:49:23","modified_gmt":"2025-03-22T18:49:23","slug":"e-shtuna-poetike-me-gladiola-jorbus-3","status":"publish","type":"post","link":"https:\/\/migjeni.se\/index.php\/2025\/03\/22\/e-shtuna-poetike-me-gladiola-jorbus-3\/","title":{"rendered":"E shtuna poetike me Gladiola Jorbus"},"content":{"rendered":"<p>Gladiola Jorbus<\/p>\n<p><strong>E fundmja gjurm\u00eb<\/strong><\/p>\n<p>Arratisur nga shtegu i drit\u00ebs,<br \/>\nnj\u00eb bul\u00ebz vese t\u00eb shfaqet mbi sy,<br \/>\nsi agimi i bardh\u00eb n\u00eb det t\u00eb hapur.<br \/>\nBrengat e tua zbuten<br \/>\nnga shushurima e leht\u00eb e z\u00ebrit tim &#8211;<br \/>\nKur rrezet diellore shtriqen,<br \/>\nmbi gjethet e p\u00ebrgjumura t\u00eb vjesht\u00ebs.<br \/>\nDua t\u00eb t\u2019 dhuroj nj\u00eb lot t\u00eb jargavant\u00eb,<br \/>\nsi mbr\u00ebmja q\u00eb t\u00eb mbuzet n\u00ebn qerpik\u00eb!<br \/>\nDashuria, e fundmja gjurm\u00eb e mbetur nga Zoti,<br \/>\nflatrat tund n\u00eb rrokullisje t\u00eb hap\u00ebsirshme,<br \/>\np\u00ebrtej vij\u00ebs s\u00eb tejme, ku qielli puthet me tok\u00ebn.<br \/>\nPelegrin i shpirtit tim!<br \/>\nSi ylber lodron emri yt, n\u00eb flak\u00ebn e qirinjve!<br \/>\nDhe d\u00ebshirat e fjetura n\u00eb humnerat e thella,<br \/>\nzgjohen e ngjiten nd\u00ebr yje.<\/p>\n","protected":false},"excerpt":{"rendered":"<p>Gladiola Jorbus E fundmja gjurm\u00eb Arratisur nga shtegu i drit\u00ebs, nj\u00eb bul\u00ebz vese t\u00eb shfaqet mbi sy, si agimi i bardh\u00eb n\u00eb det t\u00eb hapur. Brengat e tua zbuten nga shushurima e leht\u00eb e z\u00ebrit tim &#8211; Kur rrezet diellore shtriqen, mbi gjethet e p\u00ebrgjumura t\u00eb vjesht\u00ebs. Dua t\u00eb t\u2019 dhuroj nj\u00eb lot t\u00eb jargavant\u00eb, [&hellip;]<\/p>\n","protected":false},"author":3,"featured_media":2776,"comment_status":"open","ping_status":"open","sticky":false,"template":"","format":"standard","meta":{"footnotes":""},"categories":[10],"tags":[],"class_list":["post-2775","post","type-post","status-publish","format-standard","has-post-thumbnail","hentry","category-poezi"],"_links":{"self":[{"href":"https:\/\/migjeni.se\/index.php\/wp-json\/wp\/v2\/posts\/2775","targetHints":{"allow":["GET"]}}],"collection":[{"href":"https:\/\/migjeni.se\/index.php\/wp-json\/wp\/v2\/posts"}],"about":[{"href":"https:\/\/migjeni.se\/index.php\/wp-json\/wp\/v2\/types\/post"}],"author":[{"embeddable":true,"href":"https:\/\/migjeni.se\/index.php\/wp-json\/wp\/v2\/users\/3"}],"replies":[{"embeddable":true,"href":"https:\/\/migjeni.se\/index.php\/wp-json\/wp\/v2\/comments?post=2775"}],"version-history":[{"count":0,"href":"https:\/\/migjeni.se\/index.php\/wp-json\/wp\/v2\/posts\/2775\/revisions"}],"wp:featuredmedia":[{"embeddable":true,"href":"https:\/\/migjeni.se\/index.php\/wp-json\/wp\/v2\/media\/2776"}],"wp:attachment":[{"href":"https:\/\/migjeni.se\/index.php\/wp-json\/wp\/v2\/media?parent=2775"}],"wp:term":[{"taxonomy":"category","embeddable":true,"href":"https:\/\/migjeni.se\/index.php\/wp-json\/wp\/v2\/categories?post=2775"},{"taxonomy":"post_tag","embeddable":true,"href":"https:\/\/migjeni.se\/index.php\/wp-json\/wp\/v2\/tags?post=2775"}],"curies":[{"name":"wp","href":"https:\/\/api.w.org\/{rel}","templated":true}]}}