{"id":2790,"date":"2025-03-25T08:26:48","date_gmt":"2025-03-25T07:26:48","guid":{"rendered":"https:\/\/migjeni.se\/?p=2790"},"modified":"2025-03-25T08:26:54","modified_gmt":"2025-03-25T07:26:54","slug":"caste-poetike-me-valbona-hadri","status":"publish","type":"post","link":"https:\/\/migjeni.se\/index.php\/2025\/03\/25\/caste-poetike-me-valbona-hadri\/","title":{"rendered":"Caste poetike me Valbona Hadri"},"content":{"rendered":"<p>Valbona Hadri<\/p>\n<p>Val\u00eb shpirti<\/p>\n<p>Brenda vet\u00ebs sime ndiej rrahje t\u00eb shumta<br \/>\n\u00cbsht\u00eb zemra q\u00eb rrah me nxitim<br \/>\nDrita q\u00eb zbret nga kodrinat e ulta<br \/>\nErr\u00ebsira q\u00eb po braktis shpirtin tim.<\/p>\n<p>Val\u00ebt e shpirtit k\u00ebrkojn\u00eb n\u00eb mes territ shp\u00ebtimin.<br \/>\nPrandaj un\u00eb th\u00ebrras emrin t\u00ebnd<br \/>\nSe ti je i vetmi q\u00eb m\u00eb b\u00ebn ta harroj trishtimin<br \/>\nDhe mua p\u00ebrher\u00eb me \u00e7mend.<\/p>\n<p>Mes detit lundroj t\u00eb rr\u00ebmbehem nga vala.<br \/>\nNuk dua t\u00eb di, ku m\u00eb d\u00ebrgon.<br \/>\nSi bark\u00eb e thyer nga lundrimet e gjata<br \/>\nSi anije pa marinar dhe timon.<\/p>\n<p>Koh\u00eb e gjat\u00eb larg teje,<br \/>\nma ka rrudhur shikimin<br \/>\nPo prap nga e nesermja s&#8217;kam droj\u00eb<br \/>\nE kapur e t\u00ebra mbas fijes s\u00eb shpres\u00ebs<br \/>\nDhe endrra, q\u00eb p\u00ebr ty M\u00ebm\u00ebdhe shpesh shikoj.<\/p>\n","protected":false},"excerpt":{"rendered":"<p>Valbona Hadri Val\u00eb shpirti Brenda vet\u00ebs sime ndiej rrahje t\u00eb shumta \u00cbsht\u00eb zemra q\u00eb rrah me nxitim Drita q\u00eb zbret nga kodrinat e ulta Err\u00ebsira q\u00eb po braktis shpirtin tim. Val\u00ebt e shpirtit k\u00ebrkojn\u00eb n\u00eb mes territ shp\u00ebtimin. Prandaj un\u00eb th\u00ebrras emrin t\u00ebnd Se ti je i vetmi q\u00eb m\u00eb b\u00ebn ta harroj trishtimin Dhe [&hellip;]<\/p>\n","protected":false},"author":3,"featured_media":2656,"comment_status":"open","ping_status":"open","sticky":false,"template":"","format":"standard","meta":{"footnotes":""},"categories":[10],"tags":[],"class_list":["post-2790","post","type-post","status-publish","format-standard","has-post-thumbnail","hentry","category-poezi"],"_links":{"self":[{"href":"https:\/\/migjeni.se\/index.php\/wp-json\/wp\/v2\/posts\/2790","targetHints":{"allow":["GET"]}}],"collection":[{"href":"https:\/\/migjeni.se\/index.php\/wp-json\/wp\/v2\/posts"}],"about":[{"href":"https:\/\/migjeni.se\/index.php\/wp-json\/wp\/v2\/types\/post"}],"author":[{"embeddable":true,"href":"https:\/\/migjeni.se\/index.php\/wp-json\/wp\/v2\/users\/3"}],"replies":[{"embeddable":true,"href":"https:\/\/migjeni.se\/index.php\/wp-json\/wp\/v2\/comments?post=2790"}],"version-history":[{"count":0,"href":"https:\/\/migjeni.se\/index.php\/wp-json\/wp\/v2\/posts\/2790\/revisions"}],"wp:featuredmedia":[{"embeddable":true,"href":"https:\/\/migjeni.se\/index.php\/wp-json\/wp\/v2\/media\/2656"}],"wp:attachment":[{"href":"https:\/\/migjeni.se\/index.php\/wp-json\/wp\/v2\/media?parent=2790"}],"wp:term":[{"taxonomy":"category","embeddable":true,"href":"https:\/\/migjeni.se\/index.php\/wp-json\/wp\/v2\/categories?post=2790"},{"taxonomy":"post_tag","embeddable":true,"href":"https:\/\/migjeni.se\/index.php\/wp-json\/wp\/v2\/tags?post=2790"}],"curies":[{"name":"wp","href":"https:\/\/api.w.org\/{rel}","templated":true}]}}