{"id":2810,"date":"2025-03-28T12:11:02","date_gmt":"2025-03-28T11:11:02","guid":{"rendered":"https:\/\/migjeni.se\/?p=2810"},"modified":"2025-03-28T12:11:06","modified_gmt":"2025-03-28T11:11:06","slug":"e-premtja-tek-migjeni-me-vargjet-e-elvira-zeneli","status":"publish","type":"post","link":"https:\/\/migjeni.se\/index.php\/2025\/03\/28\/e-premtja-tek-migjeni-me-vargjet-e-elvira-zeneli\/","title":{"rendered":"E premtja tek Migjeni me vargjet e Elvira Zeneli"},"content":{"rendered":"<p>Elvira Zeneli<\/p>\n<p>P\u00cbRQAFIM ME SHKRONJA<\/p>\n<p>I dashur, nuk e nd\u00ebrroj me puthje!<br \/>\nM\u00eb jep vet\u00ebm at\u00eb p\u00ebrqafim me shkronja.<br \/>\nVall\u00eb si nuk e kupton se,<br \/>\nGjith\u00e7ka rreth meje po shp\u00ebrfytyrohet,<br \/>\nDrita e pamjes t\u00ebnde me bie nga mendja.<br \/>\nE m\u00eb varet si gjerdan me perla.<\/p>\n<p>Dua , tmerr\u00ebsisht dua q\u00eb,<br \/>\nT\u00eb marr arom\u00ebn e trupit t\u00ebnd,<br \/>\nT\u00eb marr shpirtin e kristalt\u00eb n\u00eb gji,<br \/>\nT\u00eb m\u00eb mbjell\u00ebsh fort shtr\u00ebngimin n\u00eb bel<br \/>\nKaq dua,<br \/>\nJo m\u00eb shum\u00eb;<br \/>\nNj\u00eb p\u00ebrqafim!<br \/>\nZoti t\u00eb dhasht\u00eb&#8230;, si thot\u00eb i madhi Migjeni yn\u00eb!<\/p>\n<p>M\u00eb p\u00eblqen shprehja jote kur m\u00eb thua:<br \/>\n&#8211; Oh, m\u00eb shkruaj n\u00eb nj\u00ebj\u00ebs, t\u00eb lutem!<br \/>\nMe p\u00ebremrin \u201cju\u201d s\u2019arrij kurr\u00eb te gjoksi yt;<br \/>\nVet\u00ebm k\u00ebshtu vitet do ta humbin kuptimin<br \/>\ne numrave midis nesh,<br \/>\nUn\u00eb debatoj me ty p\u00ebr or\u00ebt q\u00eb ikin si zanat n\u00eb err\u00ebsir\u00eb<br \/>\nPa u \u00e7mallur me ty,<br \/>\nStin\u00ebt nuk do t\u00eb ken\u00eb mosh\u00eb,<br \/>\nNgjyrat do t\u00eb jen\u00eb plot jet\u00eb<br \/>\nE ne, do t\u00eb b\u00ebhemi tok<br \/>\nN\u00eb nj\u00eb p\u00ebrqafim<br \/>\nTi je un\u00eb dhe un\u00eb jam ti&#8230;<\/p>\n","protected":false},"excerpt":{"rendered":"<p>Elvira Zeneli P\u00cbRQAFIM ME SHKRONJA I dashur, nuk e nd\u00ebrroj me puthje! M\u00eb jep vet\u00ebm at\u00eb p\u00ebrqafim me shkronja. Vall\u00eb si nuk e kupton se, Gjith\u00e7ka rreth meje po shp\u00ebrfytyrohet, Drita e pamjes t\u00ebnde me bie nga mendja. E m\u00eb varet si gjerdan me perla. Dua , tmerr\u00ebsisht dua q\u00eb, T\u00eb marr arom\u00ebn e trupit [&hellip;]<\/p>\n","protected":false},"author":3,"featured_media":2710,"comment_status":"open","ping_status":"open","sticky":false,"template":"","format":"standard","meta":{"footnotes":""},"categories":[1],"tags":[],"class_list":["post-2810","post","type-post","status-publish","format-standard","has-post-thumbnail","hentry","category-uncategorized"],"_links":{"self":[{"href":"https:\/\/migjeni.se\/index.php\/wp-json\/wp\/v2\/posts\/2810","targetHints":{"allow":["GET"]}}],"collection":[{"href":"https:\/\/migjeni.se\/index.php\/wp-json\/wp\/v2\/posts"}],"about":[{"href":"https:\/\/migjeni.se\/index.php\/wp-json\/wp\/v2\/types\/post"}],"author":[{"embeddable":true,"href":"https:\/\/migjeni.se\/index.php\/wp-json\/wp\/v2\/users\/3"}],"replies":[{"embeddable":true,"href":"https:\/\/migjeni.se\/index.php\/wp-json\/wp\/v2\/comments?post=2810"}],"version-history":[{"count":0,"href":"https:\/\/migjeni.se\/index.php\/wp-json\/wp\/v2\/posts\/2810\/revisions"}],"wp:featuredmedia":[{"embeddable":true,"href":"https:\/\/migjeni.se\/index.php\/wp-json\/wp\/v2\/media\/2710"}],"wp:attachment":[{"href":"https:\/\/migjeni.se\/index.php\/wp-json\/wp\/v2\/media?parent=2810"}],"wp:term":[{"taxonomy":"category","embeddable":true,"href":"https:\/\/migjeni.se\/index.php\/wp-json\/wp\/v2\/categories?post=2810"},{"taxonomy":"post_tag","embeddable":true,"href":"https:\/\/migjeni.se\/index.php\/wp-json\/wp\/v2\/tags?post=2810"}],"curies":[{"name":"wp","href":"https:\/\/api.w.org\/{rel}","templated":true}]}}