{"id":2834,"date":"2025-04-03T06:44:22","date_gmt":"2025-04-03T05:44:22","guid":{"rendered":"https:\/\/migjeni.se\/?p=2834"},"modified":"2025-04-03T06:44:22","modified_gmt":"2025-04-03T05:44:22","slug":"caste-poetike-me-jana-tafilaj-2","status":"publish","type":"post","link":"https:\/\/migjeni.se\/index.php\/2025\/04\/03\/caste-poetike-me-jana-tafilaj-2\/","title":{"rendered":"Caste poetike me Jana Tafilaj"},"content":{"rendered":"<div class=\"x11i5rnm xat24cr x1mh8g0r x1vvkbs xtlvy1s x126k92a\">\n<div dir=\"auto\">Jana Tafilaj<\/div>\n<div dir=\"auto\">UN\u00cb DO SHKRUAJ PA U LODHUR!<\/div>\n<div dir=\"auto\"><\/div>\n<\/div>\n<div class=\"x11i5rnm xat24cr x1mh8g0r x1vvkbs xtlvy1s x126k92a\">\n<div dir=\"auto\">Lart mbi flet\u00eb do i derdh vargjet<\/div>\n<div dir=\"auto\">do i shkruaj pa p\u00ebrtuar,<\/div>\n<div dir=\"auto\">Nga puna,shpirti t&#8217;m\u00eb jet lodhur<\/div>\n<div dir=\"auto\">Nga vargu s&#8217;kam p\u00ebr tu larguar.<\/div>\n<\/div>\n<div class=\"x11i5rnm xat24cr x1mh8g0r x1vvkbs xtlvy1s x126k92a\">\n<div dir=\"auto\">Bukur ,sakt do i q\u00ebndis<\/div>\n<div dir=\"auto\">nga rreshti drejt,nuk do l\u00ebviz,<\/div>\n<div dir=\"auto\">E shpejt porsi nj\u00eb flutur<\/div>\n<div dir=\"auto\">E bukur dhe mes k\u00ebputur .<\/div>\n<\/div>\n<div class=\"x11i5rnm xat24cr x1mh8g0r x1vvkbs xtlvy1s x126k92a\">\n<div dir=\"auto\">E mbledh pjalmin lart mbi lule<\/div>\n<div dir=\"auto\">si bleta e shkatht dhe pun\u00ebtore ,<\/div>\n<div dir=\"auto\">Do mbledh shkronjat nj\u00eb nga nj\u00eb<\/div>\n<div dir=\"auto\">do i vendos p\u00ebrmbi fletore .<\/div>\n<\/div>\n<div class=\"x11i5rnm xat24cr x1mh8g0r x1vvkbs xtlvy1s x126k92a\">\n<div dir=\"auto\">Edhe bukur do i radhis<\/div>\n<div dir=\"auto\">ashtu si\u00e7 mua ma ka \u00ebnda ,<\/div>\n<div dir=\"auto\">Do i shkruaj un\u00eb p\u00ebrdit\u00eb<\/div>\n<div dir=\"auto\">Nga m\u00ebngjesi n\u00eb mbr\u00ebmje .<\/div>\n<\/div>\n<div class=\"x11i5rnm xat24cr x1mh8g0r x1vvkbs xtlvy1s x126k92a\">\n<div dir=\"auto\"><\/div>\n<\/div>\n","protected":false},"excerpt":{"rendered":"<p>Jana Tafilaj UN\u00cb DO SHKRUAJ PA U LODHUR! Lart mbi flet\u00eb do i derdh vargjet do i shkruaj pa p\u00ebrtuar, Nga puna,shpirti t&#8217;m\u00eb jet lodhur Nga vargu s&#8217;kam p\u00ebr tu larguar. Bukur ,sakt do i q\u00ebndis nga rreshti drejt,nuk do l\u00ebviz, E shpejt porsi nj\u00eb flutur E bukur dhe mes k\u00ebputur . E mbledh pjalmin [&hellip;]<\/p>\n","protected":false},"author":3,"featured_media":2835,"comment_status":"open","ping_status":"open","sticky":false,"template":"","format":"standard","meta":{"footnotes":""},"categories":[10],"tags":[],"class_list":["post-2834","post","type-post","status-publish","format-standard","has-post-thumbnail","hentry","category-poezi"],"_links":{"self":[{"href":"https:\/\/migjeni.se\/index.php\/wp-json\/wp\/v2\/posts\/2834","targetHints":{"allow":["GET"]}}],"collection":[{"href":"https:\/\/migjeni.se\/index.php\/wp-json\/wp\/v2\/posts"}],"about":[{"href":"https:\/\/migjeni.se\/index.php\/wp-json\/wp\/v2\/types\/post"}],"author":[{"embeddable":true,"href":"https:\/\/migjeni.se\/index.php\/wp-json\/wp\/v2\/users\/3"}],"replies":[{"embeddable":true,"href":"https:\/\/migjeni.se\/index.php\/wp-json\/wp\/v2\/comments?post=2834"}],"version-history":[{"count":0,"href":"https:\/\/migjeni.se\/index.php\/wp-json\/wp\/v2\/posts\/2834\/revisions"}],"wp:featuredmedia":[{"embeddable":true,"href":"https:\/\/migjeni.se\/index.php\/wp-json\/wp\/v2\/media\/2835"}],"wp:attachment":[{"href":"https:\/\/migjeni.se\/index.php\/wp-json\/wp\/v2\/media?parent=2834"}],"wp:term":[{"taxonomy":"category","embeddable":true,"href":"https:\/\/migjeni.se\/index.php\/wp-json\/wp\/v2\/categories?post=2834"},{"taxonomy":"post_tag","embeddable":true,"href":"https:\/\/migjeni.se\/index.php\/wp-json\/wp\/v2\/tags?post=2834"}],"curies":[{"name":"wp","href":"https:\/\/api.w.org\/{rel}","templated":true}]}}