{"id":2837,"date":"2025-04-07T08:42:00","date_gmt":"2025-04-07T07:42:00","guid":{"rendered":"https:\/\/migjeni.se\/?p=2837"},"modified":"2025-04-07T08:42:02","modified_gmt":"2025-04-07T07:42:02","slug":"mimoza-sinanaj-ne-prekazin-e-adem-jasharit","status":"publish","type":"post","link":"https:\/\/migjeni.se\/index.php\/2025\/04\/07\/mimoza-sinanaj-ne-prekazin-e-adem-jasharit\/","title":{"rendered":"Mimoza Sinanaj: N\u00eb Prekazin e Adem\u00a0 Jasharit\u00a0"},"content":{"rendered":"<p>Mimoza Sinanaj<\/p>\n<p style=\"font-weight: 400;\"><strong><u>N\u00eb Prekazin e Adem\u00a0 Jasharit\u00a0<\/u><\/strong><\/p>\n<p style=\"font-weight: 400;\"><strong>Sakrifica e familjes Jashari n\u00eb em\u00ebr t\u00eb Liris\u00eb .Bac erdh\u00ebm t\u00eb p\u00ebrsh\u00ebndesim nga Shqip\u00ebria .<\/strong><\/p>\n<p style=\"font-weight: 400;\">Kur shkon n\u00eb Mitrovic\u00eb patjet\u00ebr do ndalesh n\u00eb Prekaz,aty ku jeta dhe heroizmi q\u00ebndrojn\u00eb t\u00eb g\u00ebrshetuar si nj\u00eb trupi vet\u00ebm. N\u00eb Prekaz n\u00eb hyrje t\u00eb lagjes s\u00eb \u201cJashar\u00ebve \u201cjan\u00eb ende gjurm\u00ebt e predhave dhe plag\u00ebt e luft\u00ebs .Teksa kalon n\u00eb rrug\u00ebn kryesore mes banesave\u00a0\u00a0 t\u00eb\u00a0 shkat\u00ebrruara\u00a0 vulosur\u00a0 me gjurm\u00eb plumbash tek shpalosen para syve si skena filmash nj\u00eb rr\u00ebnqethje ta p\u00ebrshkon trupin p\u00ebr momentin mendon ku ndodhem \u2026N\u00eb fakt s\u00ebsht sken filmi \u00ebsht\u00eb realitet i hidhur i mbushur me ngjarje makabre m\u00eb shum\u00eb se \u00e7do ciceron apo i mbijetuar,flet \u00e7do gur\u00eb e \u00e7do p\u00ebll\u00ebmb toke\u00a0 i k\u00ebtij vendi.N\u00eb krye t\u00eb k\u00ebsaj\u00a0 katastrofe e masakre ku d\u00ebshmimtar jan\u00eb k\u00ebto mure t\u00eb\u00a0 mbushur me plumba e \u00a0plag lufte kulmon banesa e familjes\u00a0 Jashari..Lufta p\u00ebr Liri kund\u00ebr bish\u00ebs s\u00ebrbe nuk kurse as gra ,pleq e f\u00ebmij\u00eb .T\u00eb gjitha k\u00ebto skena shpalosen para syve si e gjith\u00eb\u00a0 historia e dhimbshme e familjes Jashari.Banesa ngrihet e lart sit \u00eb tregoj me krenari jam k\u00ebtu megjith\u00ebse m\u00eb shpuan trupin me predha e plumba prap jam k\u00ebtu p\u00ebr tju treguar mizorin p\u00ebr tju treguar q\u00ebndres\u00ebn shpirtin patriotik, p\u00ebr tju treguar se jemi t\u00eb pamposhtur, jam k\u00ebtu\u2026E kthyer n\u00eb nj\u00eb banes muze teksa v\u00ebzhgon dhe ec\u00ebn n\u00ebp\u00ebr katet e saj ndjen ende er\u00ebn e barrotit ,gjurm\u00ebt e gjakut ,thirrjen\u00a0 kushtrim t\u00eb Adem Jasharit , \u00a0z\u00ebrat e voglush\u00ebve \u00ebngj\u00ebj tek p\u00ebrcill\u00ebn n\u00ebp\u00ebrmjet puhiz\u00ebs s\u00eb er\u00ebs s\u00eb shpirtrave .\u00c7do cep e faqe muri t\u00eb k\u00ebsaj godine ka nj\u00eb histori ,diku \u00ebsht\u00eb shkrepur arma e komandantit ,n\u00eb nj\u00eb tjet\u00ebr an\u00eb t\u00eb banes\u00ebs gjurm\u00ebt e bombave ,plumba predha ngado nj\u00eb ushtri kund\u00ebr nj\u00eb familjeje.Nd\u00ebrsa hedh syt\u00eb n\u00eb nj\u00eb pllaj\u00eb diku pak metra larg banes\u00ebs prehet familja Jashari dhe t\u00eb af\u00ebrmit e tij,T\u00eb gjith\u00eb ata q\u00eb mbanin mbiemrin Jashari bisha s\u00ebrbe nuk ia kurseu jet\u00ebn.Nd\u00ebrsa ciceroni tregon historin e k\u00ebsaj familjeje\u00a0 dalin para syve skenat makabre, vrasje thirrje ul\u00ebrima ,klithma ,gjak q\u00eb derdhet rrug\u00ebve t\u00eb k\u00ebtij vendi.Histori dhimbje ,histori heroizmi p\u00ebr lirin\u00eb e vendit t\u00eb tij,Kosov\u00eb .\u00c7do vizitor e p\u00ebrjeton k\u00ebt\u00eb ngjarje t\u00eb dhimbshme si t\u00eb ishte i pranish\u00ebm n\u00eb ato momente ku jet\u00ebt iknin nj\u00ebra pas tjetr\u00ebs.S\u00ebrb\u00ebt shkat\u00ebrruan dogj\u00ebn vran u munduan ta shuanin familjen Jashari por nuk ia arrit\u00ebn q\u00ebllimit .Sot pran\u00eb lagjes muze g\u00ebzojn\u00eb jet\u00ebn t\u00eb plot\u00eb nip\u00ebr mbesa t\u00eb Komandantit legjendar Adem Jashari duke mbajtur n\u00eb jet\u00eb der\u00ebn hapur t\u00eb k\u00ebsaj familje Patriotike .<\/p>\n<p style=\"font-weight: 400;\">Kan\u00eb q\u00ebn shqiptar\u00ebt e kosov\u00ebs n\u00eb emigrim q\u00eb kan mund\u00ebsuar t\u00eb p\u00ebrjet\u00ebson emrin e komandant Jasharit .Nj\u00eb muze i vog\u00ebl i cili mbart \u00e7far mbijetoi nga lufta e p\u00ebrgjakshme si dhe varrezat ku prehen familja Jashari me t\u00eb af\u00ebrmit e tij u mund\u00ebsuan nga familja Zylfo ..nga cic\u00ebroni m\u00ebsuam se kjo familje \u00ebsht\u00eb \u00a0kujdesur\u00a0 q\u00eb sejcili pjestar i familjes t\u00eb ket\u00eb nj\u00eb em\u00ebr mbi mermerin e bardh\u00eb t\u00eb cil\u00ebt jan \u00ebshprehur se \u201cka q\u00ebn\u00eb m\u00eb e pakta q\u00eb mund t\u00eb b\u00ebnim p\u00ebr nj\u00eb fis q\u00eb nuk kurseu as jet\u00ebn e grave e f\u00ebmij\u00ebve p\u00ebr lirin\u00eb e vendit\u201d \u2026<\/p>\n","protected":false},"excerpt":{"rendered":"<p>Mimoza Sinanaj N\u00eb Prekazin e Adem\u00a0 Jasharit\u00a0 Sakrifica e familjes Jashari n\u00eb em\u00ebr t\u00eb Liris\u00eb .Bac erdh\u00ebm t\u00eb p\u00ebrsh\u00ebndesim nga Shqip\u00ebria . Kur shkon n\u00eb Mitrovic\u00eb patjet\u00ebr do ndalesh n\u00eb Prekaz,aty ku jeta dhe heroizmi q\u00ebndrojn\u00eb t\u00eb g\u00ebrshetuar si nj\u00eb trupi vet\u00ebm. N\u00eb Prekaz n\u00eb hyrje t\u00eb lagjes s\u00eb \u201cJashar\u00ebve \u201cjan\u00eb ende gjurm\u00ebt e predhave [&hellip;]<\/p>\n","protected":false},"author":3,"featured_media":2838,"comment_status":"open","ping_status":"open","sticky":false,"template":"","format":"standard","meta":{"footnotes":""},"categories":[8],"tags":[],"class_list":["post-2837","post","type-post","status-publish","format-standard","has-post-thumbnail","hentry","category-opinione"],"_links":{"self":[{"href":"https:\/\/migjeni.se\/index.php\/wp-json\/wp\/v2\/posts\/2837","targetHints":{"allow":["GET"]}}],"collection":[{"href":"https:\/\/migjeni.se\/index.php\/wp-json\/wp\/v2\/posts"}],"about":[{"href":"https:\/\/migjeni.se\/index.php\/wp-json\/wp\/v2\/types\/post"}],"author":[{"embeddable":true,"href":"https:\/\/migjeni.se\/index.php\/wp-json\/wp\/v2\/users\/3"}],"replies":[{"embeddable":true,"href":"https:\/\/migjeni.se\/index.php\/wp-json\/wp\/v2\/comments?post=2837"}],"version-history":[{"count":0,"href":"https:\/\/migjeni.se\/index.php\/wp-json\/wp\/v2\/posts\/2837\/revisions"}],"wp:featuredmedia":[{"embeddable":true,"href":"https:\/\/migjeni.se\/index.php\/wp-json\/wp\/v2\/media\/2838"}],"wp:attachment":[{"href":"https:\/\/migjeni.se\/index.php\/wp-json\/wp\/v2\/media?parent=2837"}],"wp:term":[{"taxonomy":"category","embeddable":true,"href":"https:\/\/migjeni.se\/index.php\/wp-json\/wp\/v2\/categories?post=2837"},{"taxonomy":"post_tag","embeddable":true,"href":"https:\/\/migjeni.se\/index.php\/wp-json\/wp\/v2\/tags?post=2837"}],"curies":[{"name":"wp","href":"https:\/\/api.w.org\/{rel}","templated":true}]}}