{"id":2840,"date":"2025-04-08T09:03:30","date_gmt":"2025-04-08T08:03:30","guid":{"rendered":"https:\/\/migjeni.se\/?p=2840"},"modified":"2025-04-08T09:04:38","modified_gmt":"2025-04-08T08:04:38","slug":"e-marta-me-varget-e-elvira-zeneli","status":"publish","type":"post","link":"https:\/\/migjeni.se\/index.php\/2025\/04\/08\/e-marta-me-varget-e-elvira-zeneli\/","title":{"rendered":"E marta me vargjet e Elvira Zeneli"},"content":{"rendered":"<p>Elvira Zeneli<\/p>\n<p><strong>VALSI I LUMTURIS\u00cb<\/strong><\/p>\n<p>I dashur, e ndjej frym\u00ebmarrjen t\u00ebnde si flladi pranveror,<br \/>\nq\u00eb ledhaton shpirtin tim me hapa t\u00eb leht\u00eb k\u00ebrcimi.<br \/>\nHutohu pak\u00ebz nga ky p\u00ebrrua i v\u00ebrtet\u00eb i jet\u00ebs<br \/>\nHer\u00eb vjen i qet\u00eb e her\u00eb me shkulme n\u00eb shi e rrebeshe<br \/>\nD\u00ebgjoje k\u00ebt\u00eb muzik\u00eb,<br \/>\nsepse \u00ebsht\u00eb valsi i lumturis\u00eb q\u00eb vjen n\u00ea k\u00ebt\u00eb fillimprilli.<br \/>\nQ\u00eb bashkon mendje e zemra,<br \/>\nPse hesht?!<br \/>\nEh, ti i dashur q\u00eb ke drejtuar me hapat e tu femra pafund<br \/>\nMerrm\u00eb dor\u00ebn dhe k\u00ebrce me mua<br \/>\nD\u00ebgjoje si rreh nj\u00eb zem\u00ebr me besim t\u00eb fort\u00eb prej gruaje<br \/>\nMos harro se nuk \u00ebsht\u00eb gur i pathyesh\u00ebm<br \/>\nMos e l\u00ebndo shpirtin e saj n\u00eb koh\u00eb e pakoh\u00eb&#8230;<\/p>\n<p>N\u00eb vesh m\u00eb p\u00ebshp\u00ebrit fjal\u00ebt deh\u00ebse, q\u00eb di ti thuash me \u00ebmb\u00eblsi<br \/>\n&#8211; E dashur supet e zbuluara t\u2019i ndjej q\u00eb larg,<br \/>\nAh, posht\u00eb gjoksit t\u00eb zbret magjia me epsh e zjarr<br \/>\nKupa qiellore t\u00eb pushon n\u00eb ball\u00eb<br \/>\nUroj q\u00eb mbr\u00ebmja ta ket\u00eb zjarrin e yjeve,<br \/>\nTa b\u00ebj pranver\u00ebn t\u00eb p\u00ebrkulet n\u00eb k\u00ebt\u00eb nat\u00eb t\u00eb shenjt\u00eb<br \/>\nKudo q\u00eb k\u00ebmba jote e bukur me takat troket.<\/p>\n<p>E di, vet\u00ebm dollia q\u00eb do ngresh do ma sjell\u00eb m\u00ebrzin\u00eb,<br \/>\nPrej fjal\u00ebve q\u00eb nuk t&#8217;i do zemra kur n\u00eb tryez\u00eb ti them<br \/>\nI dashur dije se nuk \u00ebsht\u00eb xhelozi fem\u00ebrore,<br \/>\nPor nj\u00eb shpirt i sinqert\u00eb&#8230;<br \/>\nQ\u00eb i di kufinjt\u00eb e saj dhe nuk bie pr\u00e9 e mendjeve fluturuese<br \/>\nQ\u00eb dob\u00ebsi kan\u00eb t\u00eb ken\u00eb v\u00ebmendje!<\/p>\n","protected":false},"excerpt":{"rendered":"<p>Elvira Zeneli VALSI I LUMTURIS\u00cb I dashur, e ndjej frym\u00ebmarrjen t\u00ebnde si flladi pranveror, q\u00eb ledhaton shpirtin tim me hapa t\u00eb leht\u00eb k\u00ebrcimi. Hutohu pak\u00ebz nga ky p\u00ebrrua i v\u00ebrtet\u00eb i jet\u00ebs Her\u00eb vjen i qet\u00eb e her\u00eb me shkulme n\u00eb shi e rrebeshe D\u00ebgjoje k\u00ebt\u00eb muzik\u00eb, sepse \u00ebsht\u00eb valsi i lumturis\u00eb q\u00eb vjen n\u00ea [&hellip;]<\/p>\n","protected":false},"author":3,"featured_media":2710,"comment_status":"open","ping_status":"open","sticky":false,"template":"","format":"standard","meta":{"footnotes":""},"categories":[10],"tags":[],"class_list":["post-2840","post","type-post","status-publish","format-standard","has-post-thumbnail","hentry","category-poezi"],"_links":{"self":[{"href":"https:\/\/migjeni.se\/index.php\/wp-json\/wp\/v2\/posts\/2840","targetHints":{"allow":["GET"]}}],"collection":[{"href":"https:\/\/migjeni.se\/index.php\/wp-json\/wp\/v2\/posts"}],"about":[{"href":"https:\/\/migjeni.se\/index.php\/wp-json\/wp\/v2\/types\/post"}],"author":[{"embeddable":true,"href":"https:\/\/migjeni.se\/index.php\/wp-json\/wp\/v2\/users\/3"}],"replies":[{"embeddable":true,"href":"https:\/\/migjeni.se\/index.php\/wp-json\/wp\/v2\/comments?post=2840"}],"version-history":[{"count":0,"href":"https:\/\/migjeni.se\/index.php\/wp-json\/wp\/v2\/posts\/2840\/revisions"}],"wp:featuredmedia":[{"embeddable":true,"href":"https:\/\/migjeni.se\/index.php\/wp-json\/wp\/v2\/media\/2710"}],"wp:attachment":[{"href":"https:\/\/migjeni.se\/index.php\/wp-json\/wp\/v2\/media?parent=2840"}],"wp:term":[{"taxonomy":"category","embeddable":true,"href":"https:\/\/migjeni.se\/index.php\/wp-json\/wp\/v2\/categories?post=2840"},{"taxonomy":"post_tag","embeddable":true,"href":"https:\/\/migjeni.se\/index.php\/wp-json\/wp\/v2\/tags?post=2840"}],"curies":[{"name":"wp","href":"https:\/\/api.w.org\/{rel}","templated":true}]}}