{"id":2903,"date":"2025-04-28T18:07:01","date_gmt":"2025-04-28T17:07:01","guid":{"rendered":"https:\/\/migjeni.se\/?p=2903"},"modified":"2025-04-28T18:07:04","modified_gmt":"2025-04-28T17:07:04","slug":"mbremje-poetike-me-elvira-zeneli-13","status":"publish","type":"post","link":"https:\/\/migjeni.se\/index.php\/2025\/04\/28\/mbremje-poetike-me-elvira-zeneli-13\/","title":{"rendered":"Mbr\u00ebmje poetike me Elvira Zeneli"},"content":{"rendered":"<p>Elvira Zeneli<\/p>\n<p>KU T&#8217;I GJEJ NET\u00cbT E GJATA<\/p>\n<p>M&#8217;i jepni buz\u00ebt<br \/>\nLexomini syt\u00eb<br \/>\nVini veshin n\u00eb vena nuk d\u00ebgjohen m\u00eb z\u00ebrat e rrug\u00ebve&#8230;<\/p>\n<p>Porsa u ktheva,<br \/>\nNuk di ku t&#8217;i \u00e7oj porosit\u00eb e gur\u00ebve t\u00eb g\u00ebrryer prej mallit, breng\u00ebn e burimit ku mbushnim uj\u00eb,<br \/>\nTani qenka thar\u00eb<br \/>\nG\u00ebzhoj\u00ebn e ndryshkur t\u00eb nj\u00eb jete t\u00eb zbrazur t\u00eb largt\u00eb<\/p>\n<p>N\u00eb bregun e Er\u00ebs pash\u00eb heshtjen e lisave<br \/>\nVarur n\u00eb shk\u00ebmb prush\u00ebrimin e \u00ebndrrave<br \/>\nAjo fjal\u00eb q\u00eb dikur k\u00ebmbyem shkop\u00ebrisht at\u00eb m\u00ebngjes<br \/>\nNuk ka si harrohet, s&#8217;ka si vdes.<\/p>\n<p>Hapni rrug\u00ebn,<br \/>\nVjen lumi malor mbushur uj\u00ebvara d\u00ebbore<br \/>\nVal\u00ebt ku t&#8217;i p\u00ebrplasim un\u00eb dhe ti i dashur,<br \/>\nKu ti gjej net\u00ebt e gjata p\u00ebr rr\u00ebfimet e mia<br \/>\nMe njer\u00ebzit iku dhe fjala<br \/>\nAtje ku etna rri ndezur<br \/>\nN\u00eb pasqyr\u00ebn e zemr\u00ebs e shoh nurin e hyj\u00ebris\u00eb<br \/>\nQenkam dehur nj\u00ebher\u00eb e p\u00ebrgjithmon\u00eb.<\/p>\n","protected":false},"excerpt":{"rendered":"<p>Elvira Zeneli KU T&#8217;I GJEJ NET\u00cbT E GJATA M&#8217;i jepni buz\u00ebt Lexomini syt\u00eb Vini veshin n\u00eb vena nuk d\u00ebgjohen m\u00eb z\u00ebrat e rrug\u00ebve&#8230; Porsa u ktheva, Nuk di ku t&#8217;i \u00e7oj porosit\u00eb e gur\u00ebve t\u00eb g\u00ebrryer prej mallit, breng\u00ebn e burimit ku mbushnim uj\u00eb, Tani qenka thar\u00eb G\u00ebzhoj\u00ebn e ndryshkur t\u00eb nj\u00eb jete t\u00eb zbrazur [&hellip;]<\/p>\n","protected":false},"author":3,"featured_media":2710,"comment_status":"open","ping_status":"open","sticky":false,"template":"","format":"standard","meta":{"footnotes":""},"categories":[10],"tags":[],"class_list":["post-2903","post","type-post","status-publish","format-standard","has-post-thumbnail","hentry","category-poezi"],"_links":{"self":[{"href":"https:\/\/migjeni.se\/index.php\/wp-json\/wp\/v2\/posts\/2903","targetHints":{"allow":["GET"]}}],"collection":[{"href":"https:\/\/migjeni.se\/index.php\/wp-json\/wp\/v2\/posts"}],"about":[{"href":"https:\/\/migjeni.se\/index.php\/wp-json\/wp\/v2\/types\/post"}],"author":[{"embeddable":true,"href":"https:\/\/migjeni.se\/index.php\/wp-json\/wp\/v2\/users\/3"}],"replies":[{"embeddable":true,"href":"https:\/\/migjeni.se\/index.php\/wp-json\/wp\/v2\/comments?post=2903"}],"version-history":[{"count":0,"href":"https:\/\/migjeni.se\/index.php\/wp-json\/wp\/v2\/posts\/2903\/revisions"}],"wp:featuredmedia":[{"embeddable":true,"href":"https:\/\/migjeni.se\/index.php\/wp-json\/wp\/v2\/media\/2710"}],"wp:attachment":[{"href":"https:\/\/migjeni.se\/index.php\/wp-json\/wp\/v2\/media?parent=2903"}],"wp:term":[{"taxonomy":"category","embeddable":true,"href":"https:\/\/migjeni.se\/index.php\/wp-json\/wp\/v2\/categories?post=2903"},{"taxonomy":"post_tag","embeddable":true,"href":"https:\/\/migjeni.se\/index.php\/wp-json\/wp\/v2\/tags?post=2903"}],"curies":[{"name":"wp","href":"https:\/\/api.w.org\/{rel}","templated":true}]}}